{"id":10374,"date":"2018-05-06T20:57:47","date_gmt":"2018-05-06T18:57:47","guid":{"rendered":"http:\/\/blogs.deia.eus\/anasagasti\/?p=10374"},"modified":"2018-05-06T20:57:47","modified_gmt":"2018-05-06T18:57:47","slug":"que-se-esconde-dentro-de-la-caja-unica","status":"publish","type":"post","link":"http:\/\/blogs.deia.eus\/anasagasti\/2018\/05\/06\/que-se-esconde-dentro-de-la-caja-unica\/","title":{"rendered":"\u00bfQu\u00e9 se esconde dentro de la caja \u00fanica?"},"content":{"rendered":"<p><strong>Domingo 6 de mayo de 2018<\/strong><\/p>\n<p><a href=\"http:\/\/blogs.deia.eus\/anasagasti\/2018\/05\/06\/que-se-esconde-dentro-de-la-caja-unica\/aznar-mendez-y-gutierrez\/\" rel=\"attachment wp-att-10375\"><img loading=\"lazy\" decoding=\"async\" class=\"alignleft size-full wp-image-10375\" src=\"http:\/\/blogs.deia.eus\/anasagasti\/files\/2018\/05\/Aznar_M\u00e9ndez-y-Gutierrez.jpg\" alt=\"\" width=\"980\" height=\"705\" srcset=\"http:\/\/blogs.deia.eus\/anasagasti\/files\/2018\/05\/Aznar_M\u00e9ndez-y-Gutierrez.jpg 980w, http:\/\/blogs.deia.eus\/anasagasti\/files\/2018\/05\/Aznar_M\u00e9ndez-y-Gutierrez-580x417.jpg 580w, http:\/\/blogs.deia.eus\/anasagasti\/files\/2018\/05\/Aznar_M\u00e9ndez-y-Gutierrez-768x552.jpg 768w, http:\/\/blogs.deia.eus\/anasagasti\/files\/2018\/05\/Aznar_M\u00e9ndez-y-Gutierrez-940x676.jpg 940w\" sizes=\"auto, (max-width: 980px) 100vw, 980px\" \/><\/a>En las elecciones de octubre de 1990, Jos\u00e9 Mar\u00eda Aznar, en Gasteiz y tras un aviso de bomba se atus\u00f3 el bigote, puso cara de circunstancia y dijo: \u201dEl Estatuto de Gernika, tanto el PP como su presidente, lo asume como propio, tanto como el PNV. El euskera, lo sentimos como lengua propia, tanto como el PNV. Los territorios hist\u00f3ricos, los consideramos como propios, tanto como el PNV, pero no con exclusivismos como ellos. La bandera, la asumimos como propia, tanto como el PNV, aunque no para arroj\u00e1rsela a nadie a la cara. Y yo digo Euzkadi, pero que ellos digan Espa\u00f1a. Yo asumo el estatuto de Gernika, pero tambi\u00e9n asumo la Constituci\u00f3n\u201d.<\/p>\n<p>Aznar en ese momento apoyaba a su candidato Mayor Oreja y quer\u00eda renovar la apolillada derecha espa\u00f1ola que con Fraga a la cabeza hab\u00eda dicho en Caracas que antes de que se enarbolara la ikurri\u00f1a, hab\u00eda que pasar por encima de su cad\u00e1ver y, en 1979, se hab\u00eda opuesto al estatuto de Gernika. Por eso quiso compararse con el PNV en su defensa de la vasquidad. El PP era como el PNV. Aplausos.<\/p>\n<p>Aquello no fue m\u00e1s que hueca palabrer\u00eda de mitin como cuando nos dijo que su m\u00e1xima aspiraci\u00f3n era que el\u201d Guernica\u201d de Picasso se trasladara la ciudad en la que naci\u00f3 su padre (Bilbao) y \u00e9l sacarse una foto ante el cuadro y eso ser\u00eda pasar la p\u00e1gina de la guerra. O lo que dijo de que el estatuto era su estatuto, aunque no estuviera por la labor de cumplir esta ley org\u00e1nica refrendada por el pueblo el 25 de octubre de 1979.<\/p>\n<p>Me record\u00f3 algo parecido el viaje de hace quince d\u00edas del otrora poderoso Carlos Solchaga en la promoci\u00f3n de su libro. Este tafall\u00e9s que fue nada menos que portavoz del PSE en el Congreso, cuando Ernest Lluch lo era por el PSC, y que anteriormente hab\u00eda sido miembro del Consejo General Vasco, acudi\u00f3 a la entrevista que le hizo Dani \u00c1lvarez en Radio Euskadi. All\u00ed coincid\u00ed con \u00e9l y tras los saludos de rigor le record\u00e9 como hab\u00eda sido quien hab\u00eda redactado el programa electoral del PSE en 1980 donde reivindicaban la transferencia de la Seguridad Social, de toda ella, pero cuando dio el salto a Madrid, dijo que aquella propuesta ten\u00eda fecha de caducidad. Arzalluz le contest\u00f3 que su palabra val\u00eda menos que un yogur. Solchaga me sonri\u00f3 malicioso y me dijo que del Concierto habl\u00e1ramos en voz baja pues todo el mundo lo desea. \u201d\u00a1A que no!\u201d, le repliqu\u00e9.<\/p>\n<p>En la pol\u00edtica madrile\u00f1a salvo que te lleves de un Eroski dos potes antiarrugas, los vascos solo hemos sido noticia tr\u00e1gica por ETA aunque de vez en cuando se acuerdan que existimos si nos necesitan. Tanto eres, tanto vales. O cuando, como Bildu, le manda un telegrama de felicitaci\u00f3n a Donald Trump.<\/p>\n<p>Sin embargo, \u201dlos cinco asquerosos esca\u00f1os de un partido nazi y racista fundado por un loco\u201d seg\u00fan Losantos, hemos sido noticia estelar por haber demostrado saber hacer pol\u00edtica con los pies en el suelo, la cabeza fr\u00eda y lograr romper la barrera de silencio frente a la pol\u00edtica espect\u00e1culo alrededor de la Sra. Cifuentes, de la Sra. Bescansa, del Sr. Ruiz Gallard\u00f3n, y de todo ese continuo sainete madrile\u00f1o, mientras se juzga el llamado caso Altsasu en una sala de la Audiencia Nacional con el escudo, la bandera de Espa\u00f1a y la fotograf\u00eda del Rey presidi\u00e9ndolo todo. Imag\u00ednense en Estados Unidos un juicio parecido con la foto de Trump en el frontispicio.<\/p>\n<p>Aunque podr\u00edamos decir que puede existir alg\u00fan paralelismo en lo que se est\u00e1 viviendo. Nada menos que el exdirector del FBI James Coney en su libro de memorias cuenta las cosas que ha visto sobre Trump y su gobierno y habla del \u201cc\u00edrculo silencioso de asentimiento, el jefe en completo control, los juramentos de lealtad, la concepci\u00f3n del mundo del nosotros contra ellos, la mentira sobre todas las cosas, grandes y peque\u00f1as, al servicio de alg\u00fan c\u00f3digo de lealtad que pone a la organizaci\u00f3n por encima de la moralidad y de la verdad\u201d y \u00a1mira por donde!, me daba la impresi\u00f3n que estaba hablando de Rivera y de Ciudadanos, y de ah\u00ed el gran valor del acuerdo que ha dejado a Rivera colgado de la brocha despu\u00e9s de hablar de ETA, de privilegios, y de las Siete Plagas de Egipto por barruntarse un pacto con el maligno PNV. El 23 de abril, Villegas en nombre de Ciudadanos le dec\u00eda a Rajoy que su partido, desconocido en Euzkadi, no aprobar\u00e1 los presupuestos si el ejecutivo en su negociaci\u00f3n con el PNV, accede a otorgar \u201cnuevos privilegios al Pa\u00eds Vasco estando en contra de cualquier acuerdo que rompa la Caja \u00danica de la Seguridad Social\u201d.<\/p>\n<p>O\u00ed aquello y me dije. \u201dNada nuevo bajo el sol\u201d. Estando en 1996 el PNV negociando un Pacto de legislatura con Aznar, en aquella oportunidad irrumpieron los sindicatos CC.OO y UGT entrevist\u00e1ndose Antonio Guti\u00e9rrez y C\u00e1ndido M\u00e9ndez\u00a0\u00a0 con el candidato Aznar preocupados de una negociaci\u00f3n de la que no sab\u00edan nada pero intu\u00edan que el PNV, al reivindicar el cumplimiento del estatuto de Gernika, inclu\u00eda toda la agenda social, a lo que los sindicatos se opon\u00edan aunque estuviera en la ley. A aquel fantasma lo llamaron la ruptura de la Caja \u00danica y ni cortos ni perezosos le dijeron a Aznar que \u201duna cosa es una ley y otra distinta la necesidad de mantener el sistema p\u00fablico de protecci\u00f3n social, la cohesi\u00f3n del marco de relaciones laborales y los instrumentos necesarios de \u00e1mbito estatal para promover pol\u00edticas activas en favor del empleo\u201d. Aznar asustado les contest\u00f3 que la Caja \u00danica de la Seguridad Social era intocable, \u00a1como si el Concierto y la polic\u00eda no hubieran roto mucho antes aquel tabern\u00e1culo de la Cibeles llamado Caja \u00danica\u00a1. En resumen, todo un chantaje sindical, como lo acaba de hacer Ciudadanos veintid\u00f3s a\u00f1os despu\u00e9s. Tras aquello pasamos de negociar el apoyo a la legislatura a negociar solo la Investidura en un solo acto. Nihil novum sub sole.<\/p>\n<p>Ante la irrupci\u00f3n matonil el entonces vicelehendakari Ibarretxe le reclam\u00f3 aquello con dureza al entonces negociador Rajoy y \u00e9ste le contest\u00f3: \u201dTeneis la raz\u00f3n jur\u00eddica, econ\u00f3mica y pol\u00edtica pero nuestras\u201d novias\u201d son los sindicatos y la patronal\u201d. Y san se acab\u00f3. Bien es verdad, que no ten\u00edamos la misma posici\u00f3n de fuerza que ahora y es que Madrid solo entiende el mensaje de las matem\u00e1ticas y de los votos, de ah\u00ed las simplezas continuas de Bildu que en un ataque de celos, sin visi\u00f3n de la jugada como con el Cupo, y con argumentos mezquinos y, lo peor, en boca de alguien que fue no hace mucho jefe de Jarrai, eche por tierra un logro, que si se obtiene, ser\u00eda como la chilena de aquel vasco que tiene una estatua en Santiago. Y es que el PNV lleva en el Congreso desde 1917 y ha trabajado toda su vida por dar utilidad a sus votos a diferencia de los de Bildu, que acaban de llegar a esa casa, tras menospreciarla d\u00e9cadas, y creen que se va a Madrid a lanzar soflamas y a inutilizar una presencia.<\/p>\n<p>Por eso quiero destacar que estuvo claro Andoni Ortuzar explicando estas cosas en varias entrevistas. Resalto dos respuestas que son f\u00e1ciles de entender hasta por quienes tienen entendederas de corcho: \u201dMi madre, que me falta desde hace tres a\u00f1os-dec\u00eda el presidente del EBB-era pensionista y cobraba la pensi\u00f3n m\u00ednima. La madre del Lehendakari, es pensionista, el padre de la secretaria del EBB Mireia Zarate tambi\u00e9n. Somos un partido de amplia base social. Algunos se creen que solo ellos viven situaciones de estrechez, pero muchos de los que se manifiestan en la calle no son solo votantes del PNV, son afiliados. \u00a1C\u00f3mo no vamos a saber nosotros de qu\u00e9 va esto!. Hemos hecho lo que era posible. Las reivindicaciones de salida est\u00e1n todas conseguidas. Queda lo de los 1.080 euros que no estaba en el inicio y que exig\u00eda darle una vuelta a todos el sistema. Lo bueno es que gracias a este acuerdo se abre una opci\u00f3n para hablar en el Pacto de Toledo\u201d.<\/p>\n<p>Y, en relaci\u00f3n con las declaraciones de Otegi, \u00e9ste sali\u00f3 bien servido en un cruce de tw donde Otegi criticaba al PNV por pactar con el PP y Ortuzar le recordaba que puestos a pactar ellos no son la Inmaculada Concepci\u00f3n. \u201dArnaldo, \u00bfsi habl\u00e1ramos de ti?. Terrorismo, impuesto revolucionario, Kale Borroka, ninguneo a las v\u00edctimas. \u00bfCon esos ir a Kamb\u00f3?. \u00bfQu\u00e9 te parecer\u00eda?\u201d. Ortuzar explicaba este cruce de la siguiente manera: \u201dTen\u00eda que ser contundente porque no se puede jugar con la gente. Yo tambi\u00e9n se dar le\u00f1a, pero \u00bfno podemos reconocer las bondades de lo que hacen otros? \u00bfO es que si ma\u00f1ana les llama Rajoy para hablar de presos no ir\u00edan?\u201d. Claro y raspado.<\/p>\n<p>Y, para finalizar, solo aclarar lo que hay dentro de la Caja \u00danica. Pues muy sencillo. Los restos del Cid, de los Reyes Cat\u00f3licos, del brazo incorrupto de Santa Teresa, y del general Franco. \u00bfAhora entienden ustedes la importancia de mantener como est\u00e1 este faro Luminoso de la espa\u00f1olidad llamada Caja \u00danica ?. Pues eso.<\/p>\n<p>&nbsp;<\/p>\n<!-- AddThis Advanced Settings generic via filter on the_content --><!-- AddThis Share Buttons generic via filter on the_content -->","protected":false},"excerpt":{"rendered":"<p>Domingo 6 de mayo de 2018 En las elecciones de octubre de 1990, Jos\u00e9 Mar\u00eda Aznar, en Gasteiz y tras un aviso de bomba se atus\u00f3 el bigote, puso cara de circunstancia y dijo: \u201dEl Estatuto de Gernika, tanto el PP como su presidente, lo asume como propio, tanto como el PNV. El euskera, lo &hellip; <a href=\"http:\/\/blogs.deia.eus\/anasagasti\/2018\/05\/06\/que-se-esconde-dentro-de-la-caja-unica\/\" class=\"more-link\">Sigue leyendo <span class=\"screen-reader-text\">\u00bfQu\u00e9 se esconde dentro de la caja \u00fanica?<\/span><\/a><!-- AddThis Advanced Settings generic via filter on get_the_excerpt --><!-- AddThis Share Buttons generic via filter on get_the_excerpt --><\/p>\n","protected":false},"author":19,"featured_media":0,"comment_status":"open","ping_status":"open","sticky":false,"template":"","format":"standard","meta":{"footnotes":""},"categories":[1],"tags":[],"class_list":["post-10374","post","type-post","status-publish","format-standard","hentry","category-general"],"_links":{"self":[{"href":"http:\/\/blogs.deia.eus\/anasagasti\/wp-json\/wp\/v2\/posts\/10374","targetHints":{"allow":["GET"]}}],"collection":[{"href":"http:\/\/blogs.deia.eus\/anasagasti\/wp-json\/wp\/v2\/posts"}],"about":[{"href":"http:\/\/blogs.deia.eus\/anasagasti\/wp-json\/wp\/v2\/types\/post"}],"author":[{"embeddable":true,"href":"http:\/\/blogs.deia.eus\/anasagasti\/wp-json\/wp\/v2\/users\/19"}],"replies":[{"embeddable":true,"href":"http:\/\/blogs.deia.eus\/anasagasti\/wp-json\/wp\/v2\/comments?post=10374"}],"version-history":[{"count":2,"href":"http:\/\/blogs.deia.eus\/anasagasti\/wp-json\/wp\/v2\/posts\/10374\/revisions"}],"predecessor-version":[{"id":10377,"href":"http:\/\/blogs.deia.eus\/anasagasti\/wp-json\/wp\/v2\/posts\/10374\/revisions\/10377"}],"wp:attachment":[{"href":"http:\/\/blogs.deia.eus\/anasagasti\/wp-json\/wp\/v2\/media?parent=10374"}],"wp:term":[{"taxonomy":"category","embeddable":true,"href":"http:\/\/blogs.deia.eus\/anasagasti\/wp-json\/wp\/v2\/categories?post=10374"},{"taxonomy":"post_tag","embeddable":true,"href":"http:\/\/blogs.deia.eus\/anasagasti\/wp-json\/wp\/v2\/tags?post=10374"}],"curies":[{"name":"wp","href":"https:\/\/api.w.org\/{rel}","templated":true}]}}