{"id":10378,"date":"2018-05-07T19:33:51","date_gmt":"2018-05-07T17:33:51","guid":{"rendered":"http:\/\/blogs.deia.eus\/anasagasti\/?p=10378"},"modified":"2018-05-07T19:33:51","modified_gmt":"2018-05-07T17:33:51","slug":"siete-reflexiones-a-vuela-pluma","status":"publish","type":"post","link":"http:\/\/blogs.deia.eus\/anasagasti\/2018\/05\/07\/siete-reflexiones-a-vuela-pluma\/","title":{"rendered":"Siete reflexiones a vuela pluma"},"content":{"rendered":"<p><strong>Lunes 7 de mayo de 2018<\/strong><\/p>\n<p>1.- Hay dos noticias consecutivas que no se entiende la una sin la otra. La primera es que el Sr. Tajani, presidente del Parlamento Europeo considera que Catalunya es un problema espa\u00f1ol y que Europa no tiene que meter sus narices en \u00e9l. Y la segunda noticia es que en Yuste le dan al Sr. Tajani el premio Carlos V que si le hubieran dicho lo que dice el Sr. Tajani, de las carcajadas Carlos V se hubiera ca\u00eddo del caballo. Bueno era \u00e9l.<\/p>\n<p>2.- La IA habla a todas horas del \u201cconflicto\u201d. En condiciones normales pod\u00eda ser una palabra que describiera bien un tipo de situaci\u00f3n, pero no en labios de ETA. Son los mismos labios que al robo le llamaban impuesto revolucionario, al asesinato ejecuciones, a la banda, grupo armado y adem\u00e1s hablaban en nombre de todo el pueblo vasco. Me da que lo del conflicto sigue la misma pauta.<\/p>\n<p>3.- La entrevista de Gara a ETA publicada este lunes tiene la factura del director de este medio. Algo farragoso, exculpatorio, ilegible y justificativo de la violencia. Nada nuevo bajo el sol.<\/p>\n<p>4.- Curiosa la imagen de la IA ante el Peine de los Vientos de Chillida este s\u00e1bado en Donosti. Chillida se hinch\u00f3 a hacer logotipos en contra de la violencia de ETA. Es como si hubieran elegido a Ibarrola para posar. Algo incongruente.<\/p>\n<p>5.- El Lehendakari ha recordado en su entrevista de Radio Euzkadi sobre c\u00f3mo la obsesi\u00f3n de ETA siempre ha sido el t\u00fa a t\u00fa, es decir negociar con el estado espa\u00f1ol y menospreciar al Gobierno Vasco. Conviene recordar este dato. Al final el globo se les ha deshinchado en las manos y ni una cosa, ni otra.<\/p>\n<p>6.- Me parece bien se le recuerde a Gesto por la Paz por sus tomas de postura y manifestaciones contra ETA pero recuerdo que la primera gran manifestaci\u00f3n contra ETA la protagoniz\u00f3 el PNV el 28 de octubre de 1978 y nos la trat\u00f3 de reventar la entonces HB. Su lema. \u201dPor una Euzkadi libre y en paz\u201d.<\/p>\n<p>7.- Cuanto menos se hable en p\u00fablico en relaci\u00f3n con los presos, mejor para sus familiares. Discreci\u00f3n deber\u00eda ser la consigna si se quiere ir arreglando la cuesti\u00f3n.<\/p>\n<!-- AddThis Advanced Settings generic via filter on the_content --><!-- AddThis Share Buttons generic via filter on the_content -->","protected":false},"excerpt":{"rendered":"<p>Lunes 7 de mayo de 2018 1.- Hay dos noticias consecutivas que no se entiende la una sin la otra. La primera es que el Sr. Tajani, presidente del Parlamento Europeo considera que Catalunya es un problema espa\u00f1ol y que Europa no tiene que meter sus narices en \u00e9l. Y la segunda noticia es que &hellip; <a href=\"http:\/\/blogs.deia.eus\/anasagasti\/2018\/05\/07\/siete-reflexiones-a-vuela-pluma\/\" class=\"more-link\">Sigue leyendo <span class=\"screen-reader-text\">Siete reflexiones a vuela pluma<\/span><\/a><!-- AddThis Advanced Settings generic via filter on get_the_excerpt --><!-- AddThis Share Buttons generic via filter on get_the_excerpt --><\/p>\n","protected":false},"author":19,"featured_media":0,"comment_status":"open","ping_status":"open","sticky":false,"template":"","format":"standard","meta":{"footnotes":""},"categories":[1],"tags":[],"class_list":["post-10378","post","type-post","status-publish","format-standard","hentry","category-general"],"_links":{"self":[{"href":"http:\/\/blogs.deia.eus\/anasagasti\/wp-json\/wp\/v2\/posts\/10378","targetHints":{"allow":["GET"]}}],"collection":[{"href":"http:\/\/blogs.deia.eus\/anasagasti\/wp-json\/wp\/v2\/posts"}],"about":[{"href":"http:\/\/blogs.deia.eus\/anasagasti\/wp-json\/wp\/v2\/types\/post"}],"author":[{"embeddable":true,"href":"http:\/\/blogs.deia.eus\/anasagasti\/wp-json\/wp\/v2\/users\/19"}],"replies":[{"embeddable":true,"href":"http:\/\/blogs.deia.eus\/anasagasti\/wp-json\/wp\/v2\/comments?post=10378"}],"version-history":[{"count":1,"href":"http:\/\/blogs.deia.eus\/anasagasti\/wp-json\/wp\/v2\/posts\/10378\/revisions"}],"predecessor-version":[{"id":10379,"href":"http:\/\/blogs.deia.eus\/anasagasti\/wp-json\/wp\/v2\/posts\/10378\/revisions\/10379"}],"wp:attachment":[{"href":"http:\/\/blogs.deia.eus\/anasagasti\/wp-json\/wp\/v2\/media?parent=10378"}],"wp:term":[{"taxonomy":"category","embeddable":true,"href":"http:\/\/blogs.deia.eus\/anasagasti\/wp-json\/wp\/v2\/categories?post=10378"},{"taxonomy":"post_tag","embeddable":true,"href":"http:\/\/blogs.deia.eus\/anasagasti\/wp-json\/wp\/v2\/tags?post=10378"}],"curies":[{"name":"wp","href":"https:\/\/api.w.org\/{rel}","templated":true}]}}