{"id":10393,"date":"2018-05-10T21:48:06","date_gmt":"2018-05-10T19:48:06","guid":{"rendered":"http:\/\/blogs.deia.eus\/anasagasti\/?p=10393"},"modified":"2018-05-10T21:48:06","modified_gmt":"2018-05-10T19:48:06","slug":"que-le-cambien-el-nombre-al-osasuna-la-ia-sigue-sin-admitir-el-dano-injusto-causado-ortuzar-les-critica-con-razon-quien-ha-hecho-mas-por-las-pensiones","status":"publish","type":"post","link":"http:\/\/blogs.deia.eus\/anasagasti\/2018\/05\/10\/que-le-cambien-el-nombre-al-osasuna-la-ia-sigue-sin-admitir-el-dano-injusto-causado-ortuzar-les-critica-con-razon-quien-ha-hecho-mas-por-las-pensiones\/","title":{"rendered":"Que le cambien el nombre al Osasuna \u2013 La IA sigue sin admitir el da\u00f1o injusto causado- Ortuzar les critica con raz\u00f3n &#8211; \u00bfQui\u00e9n ha hecho m\u00e1s por las pensiones?"},"content":{"rendered":"<p><strong>Jueves 10 de mayo de 2018<\/strong><\/p>\n<p><a href=\"http:\/\/blogs.deia.eus\/anasagasti\/2018\/05\/10\/que-le-cambien-el-nombre-al-osasuna-la-ia-sigue-sin-admitir-el-dano-injusto-causado-ortuzar-les-critica-con-razon-quien-ha-hecho-mas-por-las-pensiones\/pablo-lasaosa\/\" rel=\"attachment wp-att-10394\"><img loading=\"lazy\" decoding=\"async\" class=\"alignleft size-full wp-image-10394\" src=\"http:\/\/blogs.deia.eus\/anasagasti\/files\/2018\/05\/Ana-Beltr\u00e1n.jpg\" alt=\"\" width=\"889\" height=\"500\" srcset=\"http:\/\/blogs.deia.eus\/anasagasti\/files\/2018\/05\/Ana-Beltr\u00e1n.jpg 889w, http:\/\/blogs.deia.eus\/anasagasti\/files\/2018\/05\/Ana-Beltr\u00e1n-580x326.jpg 580w, http:\/\/blogs.deia.eus\/anasagasti\/files\/2018\/05\/Ana-Beltr\u00e1n-768x432.jpg 768w\" sizes=\"auto, (max-width: 889px) 100vw, 889px\" \/><\/a>Ana Beltr\u00e1n es la nueva Mac Carthy navarra. Desde el PP ha comenzado una campa\u00f1a contra la \u201cLingua Navarrorum\u201d, el euskera, y quiere sacarlo hasta de las piedras como en su d\u00eda hicieron sus antecesores los franquistas con el euskera en las l\u00e1pidas de los cementerios. Dice que el euskera se est\u00e1 imponiendo cuando ha estado hasta ahora como los negros en Sud\u00e1frica durante el apartheid en los bantustanes. En zonas, cuando una lengua propia tiene que estar en todo el territorio y permitir ser aprendida y utilizada. Que ella no la sepa no le da derecho a iniciar semejante campa\u00f1a. Menos mal que el gobierno presidido por Uxue Barkos lo est\u00e1 haciendo francamente bien, con prudencia y tiento.<\/p>\n<p>Esta se\u00f1ora pod\u00eda iniciar su campa\u00f1a pidiendo se le quite el nombre de Osasuna al \u00fanico equipo vasco que tiene su nombre en euskera. Se pod\u00eda llamar El Salud. Y pedirle a Urralburu, Otano, Esparza y todos los apellidos vascos y los nombres en euskera que los castellanicen. Puestos a ello.<\/p>\n<p>Me da que esta obsesi\u00f3n de la derecha navarra le va a salir mal a esta se\u00f1ora, va a pinchar hueso y le va a salir el tiro por la culata. Ojal\u00e1.<\/p>\n<p><strong>EH Bildu impide que el Parlamento Vasco apruebe una declaraci\u00f3n por el final de ETA<\/strong><\/p>\n<p>El rechazo de EH Bildu impidi\u00f3 que el Parlamento vas\u00adco aprobara una declara\u00adci\u00f3n institucional en la que se con\u00adgratulaba por el final de ETA y exig\u00eda a los presos y a todo el entorno de la banda terrorista a que reconozcan el da\u00f1o causado. La propuesta hab\u00eda partido del PSE y contaba con el vis\u00adto bueno de PNV, Elkarrekin Pode\u00admos y PP, pero no sali\u00f3 ade\u00adlante en el formato planteado ya que las declaraciones instituciona\u00adles solo pueden ser aprobadas por unanimidad.<\/p>\n<p>La declaraci\u00f3n constaba de cuatro escuetos puntos en los que se pre\u00adtend\u00eda expresar el \u00abalivio compar\u00adtido con la sociedad\u00bb de los partidos, ante la desaparici\u00f3n de ETA y el \u00abcompromiso inequ\u00edvoco\u00bb de la C\u00e1\u00admara en favor de la \u00abverdad, justi\u00adcia y reparaci\u00f3n que reclaman las v\u00edctimas a partir del reconocimien\u00adto del da\u00f1o causado\u00bb. El texto apues\u00adta, adem\u00e1s, por una \u00abmemoria com\u00adpartida\u00bb basada en \u00abel rechazo p\u00fablico a cualquier tipo de violencia, su legitimaci\u00f3n y justificaci\u00f3n\u00bb. En el cuarto punto se demanda a los presos de la banda que \u00abasuman la injusticia de sus actos\u00bb para que as\u00ed puedan acogerse a beneficios penitenciarios.<\/p>\n<p>El documento del PSE hab\u00eda re\u00adcibido el visto bueno de PNV y Elkarrekin Podemos. El PP tambi\u00e9n ha\u00adb\u00eda confirmado que estar\u00eda de acuer\u00addo, aunque abogaba por incluir \u00abalgunos matices\u201d. El pacto fue finalmente imposible ante la negativa de EH Bildu que ni siquiera se mostr\u00f3 dispuesta a valorar el contenido del texto. \u201cNo es cuesti\u00f3n de cambiar, quitar o a\u00f1adir cosas\u201d, zanjaron con su habitual prepotencia e inhumanidad. Portavoces de la coalici\u00f3n sostienen que hoy por hoy es \u201cimposible alcanzar un acuerdo un\u00e1nime en esta mate\u00adria\u00bb, por lo que instaron al resto de fuerzas a trabajar en el seno de la ponencia de Memoria, a la que no acude el PE. Ante las discrepancias \u00abconocidas\u00bb, los independentistas han reprochado al PSE que presen\u00adte una iniciativa \u00abpara buscar el de\u00adsacuerdo\u00bb.<\/p>\n<p>La declaraci\u00f3n incluye dos t\u00e9rminos que la izquierda abertzale lleva meses sin aceptar a pesar de que el resto de los partidos se lo exi\u00adgen. Por un lado, en el segundo pun\u00adto se habla del reconocimiento del \u00abda\u00f1o injusto causado\u00bb y en el ter\u00adcero se habla del \u00abrechazo p\u00fablico a cualquier forma de terrorismo\u00bb. EH Bildu y Sortu consideran que aceptar esos pronunciamientos, de\u00admandados por la gran mayor\u00eda de la sociedad, es asumir su derrota y aceptar un escenario con vencedo\u00adres y vencidos.<\/p>\n<p>Es normal que lo hagan pues ETA no se ha disuelto por razones \u00e9ticas sino por c\u00e1lculo pol\u00edtico y todo esto les pone ante un espejo que muestra su fea cara y l\u00f3gicamente le dan carpetazo.<\/p>\n<p><strong>Ortuzar les critica con raz\u00f3n<\/strong><\/p>\n<p>El presidente del EBB del PNV, Andoni Ortuzar, cree que EH Bildu deber\u00eda haber apoyado este jueves en el Parlamento Vasco la declaraci\u00f3n institucional impulsada por el PSE-EE sobre el da\u00f1o \u00abinjusto\u00bb causado por ETA y no haber \u00abpuesto la piedra en el camino\u00bb para que no saliera adelante. Adem\u00e1s, ha afirmado que los partidos de Madrid saben que su partido est\u00e1 dispuesto a hablar \u00abde las consecuencias de las heridas abiertas\u00bb por la banda, pero no en el Pacto Antiterrorista.<\/p>\n<p>En una entrevista concedida a Radio Popular-Herri Irratia, Ortuzar ha dicho que le \u00abapena\u00bb que EH Bildu haya impedido que la C\u00e1mara Vasca aprobara hoy un texto presentado por los socialistas a los partidos como declaraci\u00f3n institucional en la que se reconoc\u00eda el da\u00f1o \u00abinjusto\u00bb provocado por ETA a sus v\u00edctimas.<\/p>\n<p>\u00abCreo que a la izquierda abertzale le est\u00e1 pasando un poco como al PP, que, en esta recolocaci\u00f3n &#8211;tras la disoluci\u00f3n de la banda&#8211;, son rehenes de su propio pasado. Y hoy deber\u00eda haber habido un esfuerzo por hacer una declaraci\u00f3n institucional\u00bb, ha indicado.<\/p>\n<p>Seg\u00fan ha recordado, ha sido la coalici\u00f3n soberanista la que \u00abha puesto la piedra en el camino para que eso no pudiera ser\u00bb. \u00abHa perdido una oportunidad. Espero que la pr\u00f3xima vez que se presente, sepa aprovecharla y unirse a los dem\u00e1s en decir algo tan sencillo como que matar estuvo mal, y que se infligi\u00f3 un da\u00f1o injusto a la gente que sufri\u00f3 esa violencia\u00bb, ha apuntado.<\/p>\n<p>A su juicio, esto es algo de \u00absentido com\u00fan\u00bb y cree que \u00abtodos y cada uno de ellos sabe, en su fuero interno, que eso es as\u00ed\u00bb. \u00ab\u00bfCu\u00e1l es el problema?, \u00bfno dar el brazo a torcer?, \u00bfno demostrar debilidad?, \u00bfpensar que diciendo eso est\u00e1 poniendo en solfa o una enmienda a la totalidad a su pasado pol\u00edtico?. No, es reconocer una cosa humana\u00bb, ha aseverado.<\/p>\n<p>Otra cosa es que nosotros no hemos estado nunca en ese pacto y no vamos a ir el \u00faltimo d\u00eda\u00bb, ha manifestado.<\/p>\n<p><strong>\u00bfQui\u00e9n ha hecho m\u00e1s por las pensiones?\u2019<\/strong><\/p>\n<p>El presidente del EBB del PNV, Andoni Ortuzar, ha preguntado a los pensionistas \u00abqui\u00e9n les ha tra\u00eddo m\u00e1s de lo que les ha conseguido el PNV\u00bb, y les ha pedido \u00abque no se dejen seducir por cantos de sirena de los que dicen que van a traer no s\u00e9 qu\u00e9\u00bb, pero \u00abno terminan de traer nada\u00bb.<\/p>\n<p>\u00abNosotros lo que hicimos fue asumir y negociar en Madrid su tabla de reivindicaciones iniciales, que era el IPC, el factor de sostenibilidad y la atenci\u00f3n a las viudas. Esos tres temas, que eran el inicio de las reivindicaciones de los pensionistas, se han conseguido y, ojo que es lo \u00fanico que se puede conseguir en esta negociaci\u00f3n presupuestaria\u00bb, ha a\u00f1adido.<\/p>\n<p>El l\u00edder jeltzale ha dicho que, \u00abdespu\u00e9s, ha venido la reivindicaci\u00f3n de 1.080 euros, que es leg\u00edtima, pero no estaba al principio\u00bb. \u00abEs una reivindicaci\u00f3n imposible de asumir en una negociaci\u00f3n presupuestaria. Para eso hace falta un cambio radical del sistema. Nosotros estamos dispuestos a hablar de todo en el Pacto de Toledo con el resto de partidos pol\u00edticos\u00bb, ha se\u00f1alado.<\/p>\n<p>En todo caso, ha preguntado a los pensionistas \u00abqui\u00e9n les ha tra\u00eddo m\u00e1s que lo que les ha conseguido el PNV\u00bb. \u00abQue no se dejen seducir por cantos de sirena de los que dicen que van a traer no s\u00e9 qu\u00e9 y no s\u00e9 cu\u00e1ntos, pero no terminan de traer nada. Nosotros, modestamente, hemos conseguido de Rajoy lo que al principio los pensionistas reivindicaban\u00bb, ha concluido.<\/p>\n<p>&nbsp;<\/p>\n<p>&nbsp;<\/p>\n<p>&nbsp;<\/p>\n<p>&nbsp;<\/p>\n<!-- AddThis Advanced Settings generic via filter on the_content --><!-- AddThis Share Buttons generic via filter on the_content -->","protected":false},"excerpt":{"rendered":"<p>Jueves 10 de mayo de 2018 Ana Beltr\u00e1n es la nueva Mac Carthy navarra. Desde el PP ha comenzado una campa\u00f1a contra la \u201cLingua Navarrorum\u201d, el euskera, y quiere sacarlo hasta de las piedras como en su d\u00eda hicieron sus antecesores los franquistas con el euskera en las l\u00e1pidas de los cementerios. Dice que el &hellip; <a href=\"http:\/\/blogs.deia.eus\/anasagasti\/2018\/05\/10\/que-le-cambien-el-nombre-al-osasuna-la-ia-sigue-sin-admitir-el-dano-injusto-causado-ortuzar-les-critica-con-razon-quien-ha-hecho-mas-por-las-pensiones\/\" class=\"more-link\">Sigue leyendo <span class=\"screen-reader-text\">Que le cambien el nombre al Osasuna \u2013 La IA sigue sin admitir el da\u00f1o injusto causado- Ortuzar les critica con raz\u00f3n &#8211; \u00bfQui\u00e9n ha hecho m\u00e1s por las pensiones?<\/span><\/a><!-- AddThis Advanced Settings generic via filter on get_the_excerpt --><!-- AddThis Share Buttons generic via filter on get_the_excerpt --><\/p>\n","protected":false},"author":19,"featured_media":0,"comment_status":"open","ping_status":"open","sticky":false,"template":"","format":"standard","meta":{"footnotes":""},"categories":[1],"tags":[],"class_list":["post-10393","post","type-post","status-publish","format-standard","hentry","category-general"],"_links":{"self":[{"href":"http:\/\/blogs.deia.eus\/anasagasti\/wp-json\/wp\/v2\/posts\/10393","targetHints":{"allow":["GET"]}}],"collection":[{"href":"http:\/\/blogs.deia.eus\/anasagasti\/wp-json\/wp\/v2\/posts"}],"about":[{"href":"http:\/\/blogs.deia.eus\/anasagasti\/wp-json\/wp\/v2\/types\/post"}],"author":[{"embeddable":true,"href":"http:\/\/blogs.deia.eus\/anasagasti\/wp-json\/wp\/v2\/users\/19"}],"replies":[{"embeddable":true,"href":"http:\/\/blogs.deia.eus\/anasagasti\/wp-json\/wp\/v2\/comments?post=10393"}],"version-history":[{"count":2,"href":"http:\/\/blogs.deia.eus\/anasagasti\/wp-json\/wp\/v2\/posts\/10393\/revisions"}],"predecessor-version":[{"id":10396,"href":"http:\/\/blogs.deia.eus\/anasagasti\/wp-json\/wp\/v2\/posts\/10393\/revisions\/10396"}],"wp:attachment":[{"href":"http:\/\/blogs.deia.eus\/anasagasti\/wp-json\/wp\/v2\/media?parent=10393"}],"wp:term":[{"taxonomy":"category","embeddable":true,"href":"http:\/\/blogs.deia.eus\/anasagasti\/wp-json\/wp\/v2\/categories?post=10393"},{"taxonomy":"post_tag","embeddable":true,"href":"http:\/\/blogs.deia.eus\/anasagasti\/wp-json\/wp\/v2\/tags?post=10393"}],"curies":[{"name":"wp","href":"https:\/\/api.w.org\/{rel}","templated":true}]}}