{"id":10401,"date":"2018-05-13T20:34:00","date_gmt":"2018-05-13T18:34:00","guid":{"rendered":"http:\/\/blogs.deia.eus\/anasagasti\/?p=10401"},"modified":"2018-05-13T20:34:00","modified_gmt":"2018-05-13T18:34:00","slug":"podemos-y-bildu-utilizan-a-los-pensionistas-con-interes-partidista","status":"publish","type":"post","link":"http:\/\/blogs.deia.eus\/anasagasti\/2018\/05\/13\/podemos-y-bildu-utilizan-a-los-pensionistas-con-interes-partidista\/","title":{"rendered":"Podemos y Bildu utilizan a los pensionistas con  inter\u00e9s partidista."},"content":{"rendered":"<p><strong>Domingo 13 de mayo de 2018<\/strong><\/p>\n<p><a href=\"http:\/\/blogs.deia.eus\/anasagasti\/2018\/05\/13\/podemos-y-bildu-utilizan-a-los-pensionistas-con-interes-partidista\/landermartinez-18582-1\/\" rel=\"attachment wp-att-10402\"><img loading=\"lazy\" decoding=\"async\" class=\"alignleft  wp-image-10402\" src=\"http:\/\/blogs.deia.eus\/anasagasti\/files\/2018\/05\/landermartinez_18582_1.jpg\" alt=\"\" width=\"658\" height=\"371\" srcset=\"http:\/\/blogs.deia.eus\/anasagasti\/files\/2018\/05\/landermartinez_18582_1.jpg 614w, http:\/\/blogs.deia.eus\/anasagasti\/files\/2018\/05\/landermartinez_18582_1-580x327.jpg 580w\" sizes=\"auto, (max-width: 658px) 100vw, 658px\" \/><\/a>El lehendakari, I\u00f1igo Urkullu, defendi\u00f3 en el Parlamento que no es \u00abjusto\u00bb que tras apoyar en el Parlamento una subida de las pensiones vinculada al IPC, Elkarrekin Podemos diga que el \u00abpreacuerdo\u00bb sobre pensiones alcanzado entre PNV y el Gobierno central es \u00abdemasiado poco\u00bb y cree que la formaci\u00f3n morada \u00abquiere utilizar a los pensionistas por un inter\u00e9s partidista\u00bb en \u00abun ejemplo de oportunismo pol\u00edtico\u00bb, celebr\u00f3 en el Parlamento. Urkulllu contest\u00f3 de esta forma a una pregunta del parlamentario de Elkarrekin Podemos Lander Mart\u00ednez sobre el acuerdo entre PP y PNV sobre pensiones.<\/p>\n<p>Urkullu ha contestado a Mart\u00ednez que todo el Gobierno Vasco hace suyo el acuerdo alcanzado en la C\u00e1mara vasca el pasado 1 de marzo \u00abcon un amplio consenso\u00bb en el que seg\u00fan ha recordado, se solicitaba \u00abrestablecer la vinculaci\u00f3n al IPC como f\u00f3rmula de actualizaci\u00f3n de las pensiones\u00bb. \u00abNo considero coherente ni responsable criticar un acuerdo 15 d\u00edas despu\u00e9s de haberlo reclamado en esta c\u00e1mara y esto es lo que hacen ustedes\u00bb, critic\u00f3.<\/p>\n<p>Asimismo, destac\u00f3 que el \u00abpreacuerdo\u00bb sobre pensiones alcanzado entre PNV y el Gobierno central se alcanza con cinco votos en el Congreso donde Podemos tiene 71 diputados. \u00abNo entiendo a qu\u00e9 est\u00e1n esperando para poner a trabajar esos 71 votos y conseguir lo que dicen que pretenden\u00bb, le dijo con toda raz\u00f3n al muy caradura de Mart\u00ednez.<\/p>\n<p>En este sentido, se\u00f1al\u00f3 que donde la formaci\u00f3n morada gobierna \u00abno tienen competencia en materia de pensiones, como tampoco la tiene el Gobierno Vasco\u00bb pero ha afirmado que \u00abla diferencia es que en Euzkadi tenemos un compromiso con la protecci\u00f3n social\u00bb y ha recordado la puesta en marcha un sistema para \u00abcomplementar la renta de las pensiones de los que m\u00e1s lo necesitan\u00bb. \u00abEsto es algo que ustedes podr\u00edan hacer pero no lo hacen\u00bb, le reproch\u00f3 a Mart\u00ednez.<\/p>\n<p>Tras defender que la situaci\u00f3n de las pensiones \u00abmerece una seriedad y profundidad para ser analizada\u00bb, ha recordado que \u00abpara ello se cre\u00f3 el Pacto de Toledo y es donde se tienen que presentar y acordar las propuestas para garantizar las pensiones del presente y del futuro\u00bb.<\/p>\n<p>Adem\u00e1s, les record\u00f3 que la competencia de las pensiones es del Gobierno espa\u00f1ol y ha insistido en que su gobierno seguir\u00e1 reclamando la transferencia del r\u00e9gimen econ\u00f3mico de la Seguridad Social como recoge el Estatuto \u00abincumplido\u00bb.<\/p>\n<p>\u00abSoy consciente de las dificultades de las personas con pensiones m\u00e1s bajas y aqu\u00ed complementamos sus ingresos pero no se puede pretender que la RGI sustituya las carencias del sistema p\u00fablico de pensiones que es responsabilidad del gobierno espa\u00f1ol y solo del gobierno espa\u00f1ol\u00bb, reiter\u00f3 ante tant\u00edsima demagogia.<\/p>\n<p>El parlamentario de Elkarrekin Podemos le contest\u00f3 al lehendakari que a la formaci\u00f3n morada le \u00abimporta mucho m\u00e1s las preocupaciones de la ciudadan\u00eda que las descalificaciones del gobierno\u00bb y cree que el lehendakari \u00abvive en una torre de marfil\u00bb.<\/p>\n<p>Por ello, le ha invitado a acercarse \u00abcon humildad\u00bb el 26 de mayo a las manifestaciones convocadas por los pensionistas. \u00abHan querido colgarse la medalla de salvadores de pensiones con un parche cuando son c\u00f3mplices del sufrimiento de miles de personas en Euskadi\u00bb, le espet\u00f3 a Urkullu con todo su rostro.<\/p>\n<p><strong>Pregunta de EH Bildu<\/strong><\/p>\n<p>La parlamentaria de EH Bildu Nerea Kortajarena tambi\u00e9n pregunt\u00f3 al Gobierno Vasco sobre el rechazo de los pensionistas al acuerdo entre PNV y Gobierno del PP por considerarlo \u00abinsuficiente y puntual\u00bb y ha se\u00f1alado que la reivindicaci\u00f3n de unas pensiones m\u00ednimas de 1.080 euros \u00abse consolida\u00bb por lo que ve necesario dar una respuesta pol\u00edtica\u00bb a las necesidades de los pensionistas.<\/p>\n<p>El consejero de Hacienda y Econom\u00eda, Pedro Azpiazu, les volvi\u00f3 a recordar que Euzkadi carece de competencias y que este debate se debe trasladar a las Cortes Generales y al Pacto de Toledo. Sin embargo, ha subrayado el \u00abcompromiso\u00bb del Ejecutivo auton\u00f3mico con las personas que perciben pensiones \u00abbajas\u00bb y que estas se complementan con la RGI. \u00abEn los \u00faltimos diez a\u00f1os se han utilizado 46 millones\u00bb, ha indicado.<\/p>\n<p>Por ello, le pidi\u00f3 encarecidamente \u00abhuir de debates partidistas cuando se trata de consolidar y garantizar el futuro de un pilar b\u00e1sico de nuestros bienestar, como es el sistema p\u00fablico de pensiones\u00bb. \u00abActuemos con responsabilidad; planteemos soluciones para las personas pensionistas de hoy y medidas para que se garanticen las pensiones de ma\u00f1ana\u00bb, le reclam\u00f3 sin la menor esperanza de que le hiciera el menor caso pues este grupo usa la demagogia de manera continua ante su impotencia pol\u00edtica y su falta de responsabilidad.<\/p>\n<p>&nbsp;<\/p>\n<!-- AddThis Advanced Settings generic via filter on the_content --><!-- AddThis Share Buttons generic via filter on the_content -->","protected":false},"excerpt":{"rendered":"<p>Domingo 13 de mayo de 2018 El lehendakari, I\u00f1igo Urkullu, defendi\u00f3 en el Parlamento que no es \u00abjusto\u00bb que tras apoyar en el Parlamento una subida de las pensiones vinculada al IPC, Elkarrekin Podemos diga que el \u00abpreacuerdo\u00bb sobre pensiones alcanzado entre PNV y el Gobierno central es \u00abdemasiado poco\u00bb y cree que la formaci\u00f3n &hellip; <a href=\"http:\/\/blogs.deia.eus\/anasagasti\/2018\/05\/13\/podemos-y-bildu-utilizan-a-los-pensionistas-con-interes-partidista\/\" class=\"more-link\">Sigue leyendo <span class=\"screen-reader-text\">Podemos y Bildu utilizan a los pensionistas con  inter\u00e9s partidista.<\/span><\/a><!-- AddThis Advanced Settings generic via filter on get_the_excerpt --><!-- AddThis Share Buttons generic via filter on get_the_excerpt --><\/p>\n","protected":false},"author":19,"featured_media":0,"comment_status":"open","ping_status":"open","sticky":false,"template":"","format":"standard","meta":{"footnotes":""},"categories":[1],"tags":[],"class_list":["post-10401","post","type-post","status-publish","format-standard","hentry","category-general"],"_links":{"self":[{"href":"http:\/\/blogs.deia.eus\/anasagasti\/wp-json\/wp\/v2\/posts\/10401","targetHints":{"allow":["GET"]}}],"collection":[{"href":"http:\/\/blogs.deia.eus\/anasagasti\/wp-json\/wp\/v2\/posts"}],"about":[{"href":"http:\/\/blogs.deia.eus\/anasagasti\/wp-json\/wp\/v2\/types\/post"}],"author":[{"embeddable":true,"href":"http:\/\/blogs.deia.eus\/anasagasti\/wp-json\/wp\/v2\/users\/19"}],"replies":[{"embeddable":true,"href":"http:\/\/blogs.deia.eus\/anasagasti\/wp-json\/wp\/v2\/comments?post=10401"}],"version-history":[{"count":2,"href":"http:\/\/blogs.deia.eus\/anasagasti\/wp-json\/wp\/v2\/posts\/10401\/revisions"}],"predecessor-version":[{"id":10404,"href":"http:\/\/blogs.deia.eus\/anasagasti\/wp-json\/wp\/v2\/posts\/10401\/revisions\/10404"}],"wp:attachment":[{"href":"http:\/\/blogs.deia.eus\/anasagasti\/wp-json\/wp\/v2\/media?parent=10401"}],"wp:term":[{"taxonomy":"category","embeddable":true,"href":"http:\/\/blogs.deia.eus\/anasagasti\/wp-json\/wp\/v2\/categories?post=10401"},{"taxonomy":"post_tag","embeddable":true,"href":"http:\/\/blogs.deia.eus\/anasagasti\/wp-json\/wp\/v2\/tags?post=10401"}],"curies":[{"name":"wp","href":"https:\/\/api.w.org\/{rel}","templated":true}]}}