{"id":10462,"date":"2018-05-25T20:14:47","date_gmt":"2018-05-25T18:14:47","guid":{"rendered":"http:\/\/blogs.deia.eus\/anasagasti\/?p=10462"},"modified":"2018-05-25T20:14:47","modified_gmt":"2018-05-25T18:14:47","slug":"censura-informativa-a-todo-lo-que-ocurre-en-venezuela-que-es-muy-relevante","status":"publish","type":"post","link":"http:\/\/blogs.deia.eus\/anasagasti\/2018\/05\/25\/censura-informativa-a-todo-lo-que-ocurre-en-venezuela-que-es-muy-relevante\/","title":{"rendered":"Censura informativa a todo lo que ocurre en Venezuela que es muy relevante."},"content":{"rendered":"<p><strong>Viernes 15 de mayo de 2018<\/strong><\/p>\n<p><a href=\"http:\/\/blogs.deia.eus\/anasagasti\/2018\/05\/25\/censura-informativa-a-todo-lo-que-ocurre-en-venezuela-que-es-muy-relevante\/g7\/\" rel=\"attachment wp-att-10463\"><img loading=\"lazy\" decoding=\"async\" class=\"alignleft size-full wp-image-10463\" src=\"http:\/\/blogs.deia.eus\/anasagasti\/files\/2018\/05\/G7.jpg\" alt=\"\" width=\"853\" height=\"480\" srcset=\"http:\/\/blogs.deia.eus\/anasagasti\/files\/2018\/05\/G7.jpg 853w, http:\/\/blogs.deia.eus\/anasagasti\/files\/2018\/05\/G7-580x326.jpg 580w, http:\/\/blogs.deia.eus\/anasagasti\/files\/2018\/05\/G7-768x432.jpg 768w\" sizes=\"auto, (max-width: 853px) 100vw, 853px\" \/><\/a>Estados Unidos, Alemania, Canad\u00e1, Francia, Italia, Jap\u00f3n, y Reino Unido consideran que \u00abel Gobierno venezolano ha perdido la oportunidad de una rectificaci\u00f3n pol\u00edtica que se necesita con urgencia\u00bb .Como se ve, pa\u00edses sin importancia. Pero enchufe usted ETB o cualquier televisi\u00f3n espa\u00f1ola y no le hablar\u00e1n de \u00e9sto. Es una verg\u00fcenza.<\/p>\n<p>Y hago hincapi\u00e9 en la noticia.<\/p>\n<p><em>\u201cLos l\u00edderes del G7 \u2013Alemania, Canad\u00e1, Estados Unidos, Francia, Italia, Jap\u00f3n y el Reino Unido\u2013, se sumaron este mi\u00e9rcoles al rechazo de la Uni\u00f3n Europea al resultado electoral en Venezuela y denunciaron su desarrollo por \u00abno cumplir los est\u00e1ndares internacionales\u00bb ni asegurar \u00abgarant\u00edas b\u00e1sicas\u00bb.\u00a0<\/em><\/p>\n<p><em>\u00abDenunciamos las elecciones presidenciales venezolanas y su resultado, ya que no es representativo de la voluntad democr\u00e1tica de los ciudadanos de Venezuela\u00bb, afirmaron los l\u00edderes de este grupo de pa\u00edses en un comunicado conjunto difundido por el Consejo de la UE.\u00a0<\/em><\/p>\n<p><em>El G7 hizo adem\u00e1s un llamado al r\u00e9gimen de Nicol\u00e1s Maduro, reelegido como jefe de Estado en los comicios del pasado domingo, \u00abpara que restaure la democracia constitucional en Venezuela y organice elecciones libres y justas que reflejen verdaderamente la voluntad democr\u00e1tica del pueblo\u00bb.\u00a0<\/em><\/p>\n<p><em>La declaraci\u00f3n llega despu\u00e9s de que la alta representante de la UE para la Pol\u00edtica Exterior, Federica Mogherini, denunciara este martes irregularidades en las elecciones y asegurara que los Veintiocho \u00abconsiderar\u00e1n la adopci\u00f3n de medidas adecuadas\u00bb.\u00a0<\/em><\/p>\n<p><em>El G7 y la UE se mostraron hoy \u00abunidos en rechazar el proceso electoral\u00bb y considerar que \u00abel Gobierno venezolano ha perdido la oportunidad de una rectificaci\u00f3n pol\u00edtica que se necesita con urgencia\u00bb.\u00a0<\/em><\/p>\n<p><em>\u00abMientras el r\u00e9gimen de Nicol\u00e1s Maduro solidifica su dominio autoritario, el pueblo de Venezuela contin\u00faa sufriendo abusos contra los derechos humanos y graves privaciones, lo que incrementa unos desplazamientos que afectan a los pa\u00edses de toda la regi\u00f3n\u00bb, denunciaron.\u00a0<\/em><\/p>\n<p><em>En l\u00ednea con la UE, los l\u00edderes del G7 reiteraron su \u00abcompromiso hacia una soluci\u00f3n pac\u00edfica, negociada y democr\u00e1tica a la crisis en Venezuela\u00bb y su apoyo a la poblaci\u00f3n venezolana a trav\u00e9s de la asistencia humanitaria. La UE y el G7 cuestionan as\u00ed estos comicios marcados por una abstenci\u00f3n apenas cercana al 54%.\u00a0<\/em><\/p>\n<p><em>La jefa de la diplomacia europea plante\u00f3 adem\u00e1s la posibilidad de estudiar sanciones, algo con lo que ya hab\u00eda alertado al Gobierno de Maduro el pasado febrero si Venezuela no daba \u00abgarant\u00edas para unas elecciones cre\u00edbles\u00bb.\u00a0<\/em><\/p>\n<p><em>El pasado mes de enero los ministros de Exteriores ya decidieron sanciones contra siete altos cargos del Gobierno de Maduro por la \u00abrepresi\u00f3n\u00bb en el pa\u00eds, entre los que figuran su \u00abn\u00famero dos\u00bb, Diosdado Cabello; el presidente del Tribunal Supremo, Maikel Moreno, y el ministro de Interior y Justicia, N\u00e9stor Reverol\u201d.\u00a0<\/em><\/p>\n<!-- AddThis Advanced Settings generic via filter on the_content --><!-- AddThis Share Buttons generic via filter on the_content -->","protected":false},"excerpt":{"rendered":"<p>Viernes 15 de mayo de 2018 Estados Unidos, Alemania, Canad\u00e1, Francia, Italia, Jap\u00f3n, y Reino Unido consideran que \u00abel Gobierno venezolano ha perdido la oportunidad de una rectificaci\u00f3n pol\u00edtica que se necesita con urgencia\u00bb .Como se ve, pa\u00edses sin importancia. Pero enchufe usted ETB o cualquier televisi\u00f3n espa\u00f1ola y no le hablar\u00e1n de \u00e9sto. Es &hellip; <a href=\"http:\/\/blogs.deia.eus\/anasagasti\/2018\/05\/25\/censura-informativa-a-todo-lo-que-ocurre-en-venezuela-que-es-muy-relevante\/\" class=\"more-link\">Sigue leyendo <span class=\"screen-reader-text\">Censura informativa a todo lo que ocurre en Venezuela que es muy relevante.<\/span><\/a><!-- AddThis Advanced Settings generic via filter on get_the_excerpt --><!-- AddThis Share Buttons generic via filter on get_the_excerpt --><\/p>\n","protected":false},"author":19,"featured_media":0,"comment_status":"open","ping_status":"open","sticky":false,"template":"","format":"standard","meta":{"footnotes":""},"categories":[1],"tags":[],"class_list":["post-10462","post","type-post","status-publish","format-standard","hentry","category-general"],"_links":{"self":[{"href":"http:\/\/blogs.deia.eus\/anasagasti\/wp-json\/wp\/v2\/posts\/10462","targetHints":{"allow":["GET"]}}],"collection":[{"href":"http:\/\/blogs.deia.eus\/anasagasti\/wp-json\/wp\/v2\/posts"}],"about":[{"href":"http:\/\/blogs.deia.eus\/anasagasti\/wp-json\/wp\/v2\/types\/post"}],"author":[{"embeddable":true,"href":"http:\/\/blogs.deia.eus\/anasagasti\/wp-json\/wp\/v2\/users\/19"}],"replies":[{"embeddable":true,"href":"http:\/\/blogs.deia.eus\/anasagasti\/wp-json\/wp\/v2\/comments?post=10462"}],"version-history":[{"count":2,"href":"http:\/\/blogs.deia.eus\/anasagasti\/wp-json\/wp\/v2\/posts\/10462\/revisions"}],"predecessor-version":[{"id":10465,"href":"http:\/\/blogs.deia.eus\/anasagasti\/wp-json\/wp\/v2\/posts\/10462\/revisions\/10465"}],"wp:attachment":[{"href":"http:\/\/blogs.deia.eus\/anasagasti\/wp-json\/wp\/v2\/media?parent=10462"}],"wp:term":[{"taxonomy":"category","embeddable":true,"href":"http:\/\/blogs.deia.eus\/anasagasti\/wp-json\/wp\/v2\/categories?post=10462"},{"taxonomy":"post_tag","embeddable":true,"href":"http:\/\/blogs.deia.eus\/anasagasti\/wp-json\/wp\/v2\/tags?post=10462"}],"curies":[{"name":"wp","href":"https:\/\/api.w.org\/{rel}","templated":true}]}}