{"id":10466,"date":"2018-05-26T20:33:32","date_gmt":"2018-05-26T18:33:32","guid":{"rendered":"http:\/\/blogs.deia.eus\/anasagasti\/?p=10466"},"modified":"2018-05-26T20:33:32","modified_gmt":"2018-05-26T18:33:32","slug":"por-fin-lo-han-descubierto-lo-de-ellos-es-el-antipeneuvismo","status":"publish","type":"post","link":"http:\/\/blogs.deia.eus\/anasagasti\/2018\/05\/26\/por-fin-lo-han-descubierto-lo-de-ellos-es-el-antipeneuvismo\/","title":{"rendered":"\u00a1Por fin lo han descubierto!  Lo de ellos es el antipeneuvismo"},"content":{"rendered":"<p><strong>S\u00e1bado 26 de mayo de 2018<\/strong><\/p>\n<p><a href=\"http:\/\/blogs.deia.eus\/anasagasti\/2018\/05\/26\/por-fin-lo-han-descubierto-lo-de-ellos-es-el-antipeneuvismo\/mocion\/\" rel=\"attachment wp-att-10467\"><img loading=\"lazy\" decoding=\"async\" class=\"alignleft size-full wp-image-10467\" src=\"http:\/\/blogs.deia.eus\/anasagasti\/files\/2018\/05\/mocion.png\" alt=\"\" width=\"1041\" height=\"528\" srcset=\"http:\/\/blogs.deia.eus\/anasagasti\/files\/2018\/05\/mocion.png 1041w, http:\/\/blogs.deia.eus\/anasagasti\/files\/2018\/05\/mocion-580x294.png 580w, http:\/\/blogs.deia.eus\/anasagasti\/files\/2018\/05\/mocion-768x390.png 768w, http:\/\/blogs.deia.eus\/anasagasti\/files\/2018\/05\/mocion-940x477.png 940w\" sizes=\"auto, (max-width: 1041px) 100vw, 1041px\" \/><\/a>Dec\u00eda Pitigrilli que no hab\u00eda que ser anti nada, ni antituberculoso. Seguramente los dirigentes de Podemos y de Bildu no han le\u00eddo a Pitigrilli pero acaban de descubrir algo genial para llenar el vac\u00edo oteiziano de sus neuronas program\u00e1ticas. Se han declarado en estado permanente de acci\u00f3n antipeneuvera o antipeneuv\u00edtica. Habr\u00e1 que acu\u00f1ar alguna palabra nueva para describir la obsesi\u00f3n.<\/p>\n<p>La pol\u00edtica es diferenciaci\u00f3n y salvo apoyar los reg\u00edmenes de Maduro y el Cubano no sabemos nada de sus programas para la sociedad vasca. Unos, como Podemos, que no pueden dejar de ser parte de un partido vertebrador de Espa\u00f1a pero ahora su principal preocupaci\u00f3n es salvar a los soldados Irene y Pablo del circo en el que se han metido a cuenta del bochornoso asunto sobre la compra del chalet, donde yace ahogado en la piscina el cad\u00e1ver de aquel Podemos que iba a conquistar el cielo y, los otros, los de Bildu, tratar de llenar su vac\u00edo existencial tras la desaparici\u00f3n de ETA con ataques a la \u201ccredibilidad\u201d del PNV y la inventada ruptura de la \u201cpalabra de vasco\u201d. Mucho les importaba a estos Casanovas la credibilidad y la palabra de vasco cuando ETA mataba y secuestraba. Y eso era anteayer. Falta sustancia, falta nervio, falta voluntad de poder democr\u00e1tico.<\/p>\n<p>Pero es que ahora ya no se puede hablar de ello y si de la situaci\u00f3n espa\u00f1ola. No tienen nada que ofrecer al ciudadano vasco y viven del mester de juglar\u00eda y del cuento.<\/p>\n<p>Le escuchaba en el Parlamento de las Ondas al parlamentario de Sortu Iker Casanova, con todo su cinismo, atacar sin piedad y de forma mentirosa al PNV por el acuerdo de pensiones y por sacar adelante unos presupuestos con un partido corrupto, como si uno pudiera elegir con quien pactar. Se pacta con los elegidos por los ciudadanos y que tienen la llave del poder, no quien uno quiere. Yo, con gente como Casanova, encarcelado en su d\u00eda por ejercer la violencia, no pactaba ni la hora, pero \u00e9l se presenta ante los micr\u00f3fonos como Martin Luther King criticando acerbamente a una parlamentaria como Josune Gorospe que, a su vez y con datos, le ha acusado de doble vara de medir. Lo que hace \u00e9l es lo bueno, lo que hacen los dem\u00e1s es despreciable, falto de credibilidad y apoyo a la espa\u00f1olidad. Bildu, como Rivera con su discurso joseantoniano del domingo pasado, pide a la gente se ponga gafas y diga con ellos eso de que \u201cYo no veo a trabajadores, o empresarios, solo veo a espa\u00f1oles\u201d y en el caso de Bildu, a vascos del pu\u00f1o en alto.<\/p>\n<p>Con gente as\u00ed \u00bfd\u00f3nde se puede ir?, porque, desgraciadamente, la pol\u00edtica hoy en d\u00eda es formato televisivo encapsulado para la red. De pobreza argumental total.<\/p>\n<p>En relaci\u00f3n a la movida madrile\u00f1a Koldo San Sebastian reflexionaba con raz\u00f3n sobre la moci\u00f3n de censura del PSOE. Un movimiento t\u00e1ctico interesante.<\/p>\n<p>Opci\u00f3n A: Con Podemos y Ciudadanos. Ciudadanos ha dicho que si, pero solo para convocar a continuaci\u00f3n elecciones (va a ser que no, querido S\u00e1nchez que no aguantas tus ganas de quitarle a Rajoy para ponerte t\u00fa con el peor resultado obtenido por el PSOE en la historia). Por cierto, el Gal, los Eres, Filesa, Malesa, Times Export, Urralburu, Rold\u00e1n, Mariano Rubio, Sarasola\u2026.\u00bferan tambi\u00e9n corrupciones del PP?. \u00bfDe qu\u00e9 vas?.<\/p>\n<p>Opci\u00f3n B. Con los dem\u00e1s, pero tiene que torear dos cuestiones b\u00e1sicas: la catalana con el 155 y la vasca (cumplimiento del acuerdo presupuestario y ponencia de autogobierno).<\/p>\n<p>En pleno fervor nacional falangista hispano \u00bfva a pactar con los separatistas rompedores de la unidad patria?. Va a ser que tampoco.<\/p>\n<p>Dec\u00eda Trueba que la m\u00e1s inteligente de las tiran\u00edas es la que pone a unos contra otros para finalmente provocar el reinado tranquilo de quien ha causado ese enfrentamiento.<\/p>\n<p>\u00bfEntonces?.<\/p>\n<p>Creo que Mariano ha comprado una caja de puros y se va a sacar la espina de no haber podido ir a la final a Kiev de su Real Madrid y agotar\u00e1 la legislatura y aprovechar\u00e1 las elecciones locales y auton\u00f3micas para regener a su cloaca y poner en suerte alguna delf\u00edn o delfina, previa remodelaci\u00f3n del gobierno.<\/p>\n<p>Que el gallego es muy listo, y los dem\u00e1s, bastante tontos.<\/p>\n<p>Solo f\u00edjense en la credibilidad de las argumentaciones de Pablo Iglesias.<\/p>\n<p>Y nosotros con la idea clara que cuanto m\u00e1s d\u00e9bil sea el poder en Madrid, mejor para el convento, aunque Casanova quiera enga\u00f1ar al personal son sus cinismos de taberna que solo enga\u00f1an a los que se quieran dejar enga\u00f1ar.<\/p>\n<p>Los adolescentes en pol\u00edtica necesitan fijaciones y obsesiones para culpar de todo. A alguien.<\/p>\n<p>Han encontrado al PNV, porque no tienen m\u00e1s que el vac\u00edo absoluto existencial de Oteiza. Incapaces de elaborar nada sobre nada, el EAJ-PNV es el poder judeo mas\u00f3nico de Franco que siempre necesitaba un enemigo exterior, el que acaban de descubrir.<\/p>\n<p>No dan para m\u00e1s.<\/p>\n<p>Est\u00e1n atascados y repetitivos.<\/p>\n<p>Ladran Sancho.<\/p>\n<!-- AddThis Advanced Settings generic via filter on the_content --><!-- AddThis Share Buttons generic via filter on the_content -->","protected":false},"excerpt":{"rendered":"<p>S\u00e1bado 26 de mayo de 2018 Dec\u00eda Pitigrilli que no hab\u00eda que ser anti nada, ni antituberculoso. Seguramente los dirigentes de Podemos y de Bildu no han le\u00eddo a Pitigrilli pero acaban de descubrir algo genial para llenar el vac\u00edo oteiziano de sus neuronas program\u00e1ticas. Se han declarado en estado permanente de acci\u00f3n antipeneuvera o &hellip; <a href=\"http:\/\/blogs.deia.eus\/anasagasti\/2018\/05\/26\/por-fin-lo-han-descubierto-lo-de-ellos-es-el-antipeneuvismo\/\" class=\"more-link\">Sigue leyendo <span class=\"screen-reader-text\">\u00a1Por fin lo han descubierto!  Lo de ellos es el antipeneuvismo<\/span><\/a><!-- AddThis Advanced Settings generic via filter on get_the_excerpt --><!-- AddThis Share Buttons generic via filter on get_the_excerpt --><\/p>\n","protected":false},"author":19,"featured_media":0,"comment_status":"open","ping_status":"open","sticky":false,"template":"","format":"standard","meta":{"footnotes":""},"categories":[1],"tags":[],"class_list":["post-10466","post","type-post","status-publish","format-standard","hentry","category-general"],"_links":{"self":[{"href":"http:\/\/blogs.deia.eus\/anasagasti\/wp-json\/wp\/v2\/posts\/10466","targetHints":{"allow":["GET"]}}],"collection":[{"href":"http:\/\/blogs.deia.eus\/anasagasti\/wp-json\/wp\/v2\/posts"}],"about":[{"href":"http:\/\/blogs.deia.eus\/anasagasti\/wp-json\/wp\/v2\/types\/post"}],"author":[{"embeddable":true,"href":"http:\/\/blogs.deia.eus\/anasagasti\/wp-json\/wp\/v2\/users\/19"}],"replies":[{"embeddable":true,"href":"http:\/\/blogs.deia.eus\/anasagasti\/wp-json\/wp\/v2\/comments?post=10466"}],"version-history":[{"count":2,"href":"http:\/\/blogs.deia.eus\/anasagasti\/wp-json\/wp\/v2\/posts\/10466\/revisions"}],"predecessor-version":[{"id":10469,"href":"http:\/\/blogs.deia.eus\/anasagasti\/wp-json\/wp\/v2\/posts\/10466\/revisions\/10469"}],"wp:attachment":[{"href":"http:\/\/blogs.deia.eus\/anasagasti\/wp-json\/wp\/v2\/media?parent=10466"}],"wp:term":[{"taxonomy":"category","embeddable":true,"href":"http:\/\/blogs.deia.eus\/anasagasti\/wp-json\/wp\/v2\/categories?post=10466"},{"taxonomy":"post_tag","embeddable":true,"href":"http:\/\/blogs.deia.eus\/anasagasti\/wp-json\/wp\/v2\/tags?post=10466"}],"curies":[{"name":"wp","href":"https:\/\/api.w.org\/{rel}","templated":true}]}}