{"id":10475,"date":"2018-05-28T17:19:43","date_gmt":"2018-05-28T15:19:43","guid":{"rendered":"http:\/\/blogs.deia.eus\/anasagasti\/?p=10475"},"modified":"2018-05-28T17:19:43","modified_gmt":"2018-05-28T15:19:43","slug":"mocion-de-censura-y-si-la-derecha-se-radicaliza-aun-mas","status":"publish","type":"post","link":"http:\/\/blogs.deia.eus\/anasagasti\/2018\/05\/28\/mocion-de-censura-y-si-la-derecha-se-radicaliza-aun-mas\/","title":{"rendered":"Moci\u00f3n de censura. \u00bfY si la derecha se radicaliza a\u00fan m\u00e1s?."},"content":{"rendered":"<p><strong>Lunes 28 de mayo de 2018<\/strong><\/p>\n<p><a href=\"http:\/\/blogs.deia.eus\/anasagasti\/2018\/05\/28\/mocion-de-censura-y-si-la-derecha-se-radicaliza-aun-mas\/los-tres-mosqueteros\/\" rel=\"attachment wp-att-10476\"><img loading=\"lazy\" decoding=\"async\" class=\"alignleft size-full wp-image-10476\" src=\"http:\/\/blogs.deia.eus\/anasagasti\/files\/2018\/05\/Los-tres-mosqueteros.jpg\" alt=\"\" width=\"1600\" height=\"900\" srcset=\"http:\/\/blogs.deia.eus\/anasagasti\/files\/2018\/05\/Los-tres-mosqueteros.jpg 1600w, http:\/\/blogs.deia.eus\/anasagasti\/files\/2018\/05\/Los-tres-mosqueteros-580x326.jpg 580w, http:\/\/blogs.deia.eus\/anasagasti\/files\/2018\/05\/Los-tres-mosqueteros-768x432.jpg 768w, http:\/\/blogs.deia.eus\/anasagasti\/files\/2018\/05\/Los-tres-mosqueteros-940x529.jpg 940w\" sizes=\"auto, (max-width: 1600px) 100vw, 1600px\" \/><\/a>Sin negociarlo con nadie, Pedro S\u00e1nchez le ha presentado una moci\u00f3n de censura a Rajoy, el mismo Rajoy con el que tan bien se llevaba aplicando el 155. El candidato ser\u00e1 \u00e9l y ha dicho reiteradamente que no negociar\u00e1 con nadie. De la mano sonriente y la palmada en la espalda en el p\u00f3rtico de la Moncloa de la semana pasada a lanzarse al cuello de Rajoy, en plan ranger. Cosa que le tiene a D. Mariano de un cabreo motorizado. \u201dEsas cosas no se hacen\u201d piensa el gallego. Y sin embargo S\u00e1nchez, encantado de haberse conocido, piensa que lo suyo es un rayo de luz en una habitaci\u00f3n oscura y maloliente.<\/p>\n<p>Por su parte Podemos, le ha dicho que le apoyar\u00e1 irreductiblemente. Ya no es el Podemos de la chuler\u00eda aquella de \u201dyo voy a ser el vicepresidente y mis amigos se llevan las mejores carteras\u201d. Tras aquel fiasco y los distintos fiascos, entre ellos el de la Villa de la Tinaja de Galapagar, sus acciones tienen el mismo cr\u00e9dito que las preferentes, aunque en verdad lo que les mola es el choque frontal para conquistar el cielo. Quiz\u00e1s siendo ministro cueste menos pagar la dacha.<\/p>\n<p>A Ciudadanos no le dan los votos y como la moci\u00f3n ha de ser constructiva, solo quieren que todos vayan contra Rajoy para que \u00e9ste convoque elecciones sabiendo que las encuestas le dan resultados favorables, aunque no se entienda mucho que apoyen los presupuestos la v\u00edspera al mismo Rajoy de Gurtel al que de sobra conocen. \u00bfA qu\u00e9 viene este ataque de pureza Franciscana?.<\/p>\n<p>\u00a1Ay Rivera, que los dioses ciegan con su luz a quien se quieren cargar y t\u00fa est\u00e1s algo emborrachado por unas encuestas que pueden cambiar como aquella Dona que era mobile!.<\/p>\n<p>Y existe todo el mundo del nacionalismo perif\u00e9rico, como nos llaman, del autogobierno, y el Proc\u00e9s catal\u00e1n que le piden a S\u00e1nchez se retrate, mucho m\u00e1s despu\u00e9s de haberle dado \u00e9ste una sonora patada a Torra y haberle dicho de todo, menos bonito. Encarcelados, exiliados, las 16 leyes recurridas, la financiaci\u00f3n, el derecho a decidir, y el corredor del Mediterr\u00e1neo, entre otras muchas zanahorias tiene la agenda catalana.<\/p>\n<p>La cuadratura del c\u00edrculo, la miel sobre hojuelas, el para\u00edso en la tierra, la butifarra de espinacas.<\/p>\n<p>La excusa esgrimida por S\u00e1nchez para cargarse a Rajoy es la sentencia del caso Gurtel que, apuesto doble contra sencillo, ser\u00e1 modificada en el Supremo donde no est\u00e1 el juez de la Concha y a la hora de esgrimir argumentos Rajoy dir\u00e1 que todos esos casos vienen de la \u00e9poca de Aznar, son viejos, \u00e9l ha pasado por tres elecciones purificadoras, y que la Gurtel es calderilla en relaci\u00f3n con los Eres andaluces, muy actuales pues Susana D\u00edaz fue parte de aquellos gobiernos de Chaves y Gri\u00f1an y que el partido del Gal, de Urralburu, de Mariano Rubio, de Roldan y tantos casos de corrupci\u00f3n no es precisamente el partido de la Madre Teresa de Calcuta para ponerse el manto de armi\u00f1o y se\u00f1alar a los dem\u00e1s. Un respeto se\u00f1ores.<\/p>\n<p>Tampoco Podemos con un Errej\u00f3n que cobr\u00f3 de la Universidad de M\u00e1laga sin acudir gracias a una beca-black de amiguetes, un Echenique que no pagaba la Seguridad Social a su sufrido cuidador, un Monedero que se llev\u00f3 un pastizal por preparar unos estudios de una moneda \u00fanica para Am\u00e9rica que nadie ha visto, un Pablo Iglesias que tiene una televisora financiada con dinero iran\u00ed, una Tania S\u00e1nchez cuyo padre y hermano cobraron comisiones, un Espinar que especul\u00f3 con un pisito de la VPO y cosas as\u00ed, todas ellas muy edificantes. S\u00ed, si, en peque\u00f1a escala, pero que denotan una vocaci\u00f3n y tendencia por la pela inquietante para darle nada que gestionar a estos se\u00f1ores que a la primera de cambio se compran un casopl\u00f3n con piscina pues los ni\u00f1os tienen que educarse bien y sin agobios.<\/p>\n<p>Si de moralidad se trata el \u00fanico partido estatal que puede presentarse limpio de polvo y paja, haciendo un aparte de su totalitaria ideolog\u00eda, es Ciudadanos porque todav\u00eda no ha gobernado ni en una comunidad de vecinos. La ocasi\u00f3n hace al ladr\u00f3n y todav\u00eda a Toni Cant\u00f3, de natural exhibicionista, no le han hecho Director de Espect\u00e1culos ni de la SGAE. Nos vamos a enterar.<\/p>\n<p>El panorama pues es \u00e9ste.<\/p>\n<p>Mi experiencia me dice que si hay que taparse la nariz con el PP, tambi\u00e9n hay que hacerlo con el PSOE y con Podemos, aunque de Ciudadanos no nos gusta absolutamente nada su ideolog\u00eda resumida en la canci\u00f3n de Marta S\u00e1nchez. Con \u00e9stos hay que ir con armadura.<\/p>\n<p>Pero imagin\u00e9monos dos escenarios.<\/p>\n<p>El primero en el que gana Pedro S\u00e1nchez que no quiere levantar el 155, no negocia con nadie, tiene a Susana D\u00edaz encima de Rocinante con la lupa y vuelve a sus esencias. Las conozco. Son m\u00e1s centralistas que las de los reyes Cat\u00f3licos. Y me remito a Gonz\u00e1lez y Zapatero en sus gobiernos. Por no aguantar, no le aguantan ni a Iceta que debe andar como alma en pena. Espa\u00f1a para los Corcuera, Rodriguez Ibarra, y dem\u00e1s sigue siendo una y no cuarenta y una.<\/p>\n<p>El guirigay que se montar\u00eda con la derecha hispana enarbolando el bander\u00f3n de la plaza de Col\u00f3n, ser\u00eda antol\u00f3gico. El empobrecimiento a\u00fan m\u00e1s de la democracia estar\u00eda asegurado. No le veo a S\u00e1nchez abordando el estado plurinacional ni de lejos. Solo diciendo que hay que ir despacio y que los problemas son muchos, y que los tipos de inter\u00e9s y el precio del petr\u00f3leo hay que vigilarlos antes de andar con problemitas territoriales. Y con 85 esca\u00f1os de 176, no le arriendo las ganancias. Este no aborda el tema territorial ni harto de txakoli.<\/p>\n<p>Pero a la contra, \u00e9sto tendr\u00eda el efecto de derechizar a\u00fan m\u00e1s a la muy derecha espa\u00f1ola, que ya es decir. Les veo a todos en Covadonga vestidos de azul y saludando como On\u00e9simo Redondo y lanzando soflamas contra la ruptura de Espa\u00f1a.<\/p>\n<p>A Rajoy, la brunete medi\u00e1tica, Ciudadanos, la Villa y Corte le han acusado de calzonazos con el Proc\u00e9s, d\u00e9bil con el nacionalismo, vender a Espa\u00f1a por negociar con el PNV, y ser un espa\u00f1ol sospechoso por no haber llamado a la Legi\u00f3n en el caso catal\u00e1n. Un pusil\u00e1nime para todo este mundo cavernario que existe y es muy agresivo. Eso ha sido as\u00ed y la prueba est\u00e1 en el ascenso en las encuestas de ciudadanos pues Rajoy se les hab\u00eda quedado blandito. Jim\u00e9nez Losantos le llama Don Vagancio. Pero si el PP tiene que pasar a la oposici\u00f3n, no va a sacar a pasear su alma centrista ucedera sino ir\u00e1 a Burgos a desenterrar al M\u00edo Cid y se montar\u00e1n encima del mismo Rocinante mientras tratar\u00e1 de machacar a Ciudadanos siendo m\u00e1s espa\u00f1ol esencialista que Vargas Llosa para volver a recuperar el santo y se\u00f1a de la derecha m\u00e1s aznarista existente. Ya le veo a Mayor Oreja sacando del armario los correajes y a Jon Juaristi escribiendo discursos para la historia. El Foro de Ermua ser\u00e1 una zapatilla rusa en relaci\u00f3n con lo que viene.<\/p>\n<p>Y si gana Ciudadanos, tras unas elecciones anticipadas, y le tiene el PP que apoyar nos \u00edbamos a enterar se\u00f1ores de lo que vale un peine. Ciudadanos y el PP gobernando y que Dios nos coja confesados, sobre todo a los de Bildu que no saldr\u00e1n de su discurso de que el PNV es el mayordomo de los poderosos.<\/p>\n<p>A los vascos de sentido com\u00fan, no a los termoc\u00e9falos, ni a los que gritan soflamas junto a la pancarta, nos interesa la estabilidad, el que Espa\u00f1a no se vaya a los cerros de Ubeda, que nos dejen en paz, ir negociando lo pactado, ser solidarios pero que no nos impongan su solidaridad e ir mil\u00edmetro a mil\u00edmetro acumulando fuerzas, consolidar el aprendizaje del euskera, recuperando las se\u00f1as de identidad de un pueblo progresista, social y con su Naci\u00f3n reconocida y no los sainetes madrile\u00f1os, los cantos de cisne de Podemos, las bravatas de la IA, y el baile al agarrado con unos socialistas que en Espa\u00f1a son de cada padre y de cada madre y que han aprendido que el 155 existe y les ha gustado el invento.<\/p>\n<p>En resumidas cuentas, ante este raquitismo democr\u00e1tico de berridos y ofertas de feria, Virgencita que nos quedemos como estamos y podamos seguir nuestro camino. Como hacen los de la M\u00e1quina-Herramienta.<\/p>\n<!-- AddThis Advanced Settings generic via filter on the_content --><!-- AddThis Share Buttons generic via filter on the_content -->","protected":false},"excerpt":{"rendered":"<p>Lunes 28 de mayo de 2018 Sin negociarlo con nadie, Pedro S\u00e1nchez le ha presentado una moci\u00f3n de censura a Rajoy, el mismo Rajoy con el que tan bien se llevaba aplicando el 155. El candidato ser\u00e1 \u00e9l y ha dicho reiteradamente que no negociar\u00e1 con nadie. De la mano sonriente y la palmada en &hellip; <a href=\"http:\/\/blogs.deia.eus\/anasagasti\/2018\/05\/28\/mocion-de-censura-y-si-la-derecha-se-radicaliza-aun-mas\/\" class=\"more-link\">Sigue leyendo <span class=\"screen-reader-text\">Moci\u00f3n de censura. \u00bfY si la derecha se radicaliza a\u00fan m\u00e1s?.<\/span><\/a><!-- AddThis Advanced Settings generic via filter on get_the_excerpt --><!-- AddThis Share Buttons generic via filter on get_the_excerpt --><\/p>\n","protected":false},"author":19,"featured_media":0,"comment_status":"open","ping_status":"open","sticky":false,"template":"","format":"standard","meta":{"footnotes":""},"categories":[1],"tags":[],"class_list":["post-10475","post","type-post","status-publish","format-standard","hentry","category-general"],"_links":{"self":[{"href":"http:\/\/blogs.deia.eus\/anasagasti\/wp-json\/wp\/v2\/posts\/10475","targetHints":{"allow":["GET"]}}],"collection":[{"href":"http:\/\/blogs.deia.eus\/anasagasti\/wp-json\/wp\/v2\/posts"}],"about":[{"href":"http:\/\/blogs.deia.eus\/anasagasti\/wp-json\/wp\/v2\/types\/post"}],"author":[{"embeddable":true,"href":"http:\/\/blogs.deia.eus\/anasagasti\/wp-json\/wp\/v2\/users\/19"}],"replies":[{"embeddable":true,"href":"http:\/\/blogs.deia.eus\/anasagasti\/wp-json\/wp\/v2\/comments?post=10475"}],"version-history":[{"count":2,"href":"http:\/\/blogs.deia.eus\/anasagasti\/wp-json\/wp\/v2\/posts\/10475\/revisions"}],"predecessor-version":[{"id":10478,"href":"http:\/\/blogs.deia.eus\/anasagasti\/wp-json\/wp\/v2\/posts\/10475\/revisions\/10478"}],"wp:attachment":[{"href":"http:\/\/blogs.deia.eus\/anasagasti\/wp-json\/wp\/v2\/media?parent=10475"}],"wp:term":[{"taxonomy":"category","embeddable":true,"href":"http:\/\/blogs.deia.eus\/anasagasti\/wp-json\/wp\/v2\/categories?post=10475"},{"taxonomy":"post_tag","embeddable":true,"href":"http:\/\/blogs.deia.eus\/anasagasti\/wp-json\/wp\/v2\/tags?post=10475"}],"curies":[{"name":"wp","href":"https:\/\/api.w.org\/{rel}","templated":true}]}}