{"id":10479,"date":"2018-05-29T19:04:48","date_gmt":"2018-05-29T17:04:48","guid":{"rendered":"http:\/\/blogs.deia.eus\/anasagasti\/?p=10479"},"modified":"2018-05-29T19:04:48","modified_gmt":"2018-05-29T17:04:48","slug":"negociar-con-odon-elorza","status":"publish","type":"post","link":"http:\/\/blogs.deia.eus\/anasagasti\/2018\/05\/29\/negociar-con-odon-elorza\/","title":{"rendered":"\u00bfNegociar con Od\u00f3n Elorza?"},"content":{"rendered":"<p><strong>Martes 29 de mayo de 2018<\/strong><\/p>\n<p><a href=\"http:\/\/blogs.deia.eus\/anasagasti\/2018\/05\/29\/negociar-con-odon-elorza\/odon-elorza-2\/\" rel=\"attachment wp-att-10480\"><img loading=\"lazy\" decoding=\"async\" class=\"alignleft  wp-image-10480\" src=\"http:\/\/blogs.deia.eus\/anasagasti\/files\/2018\/05\/Od\u00f3n-Elorza.jpg\" alt=\"\" width=\"414\" height=\"270\" \/><\/a>Od\u00f3n Elorza le llama a Radio Euskadi, la Radio P\u00fablica Vasca. Le debe molestar lo de Euzkadi. Me consta que tambi\u00e9n que se hable de Donosti y no de San Sebastian. \u00c9l fue alcalde de esta ciudad en 1991, siendo la tercera fuerza, por un error nuestro. Las elecciones las hab\u00eda ganado Xabier Albistur, pero por esas combinaciones maquiav\u00e9licas, le votamos a Elorza. Nunca lo debimos hacer.<\/p>\n<p>Hace un mes Dani \u00c1lvarez le entrevist\u00f3 con el vidrioso asunto de unas acusaciones vinculadas al caso Kote Cabezudo, en las que \u00e9l sal\u00eda muy malparado. Nos solidarizamos con \u00e9l al considerar aquello un infundio muy da\u00f1oso para su imagen. Ni nos agradeci\u00f3 las palabras de sincero apoyo. Un maleducado de libro.<\/p>\n<p>Od\u00f3n Elorza es un aut\u00e9ntico borde. Un tipo desagradable que va de Pepito Grillo y que hoy, en la entrevista que le ha hecho Dani \u00c1lvarez, no ha perdido ocasi\u00f3n de molestar al PNV con sus comentarios, sus diatribas y sus insultos. Nos ha llamado camaleones, tira chaquetas, y que cambiamos principios por pasta. Pues si. Por ejemplo en los actuales presupuestos toda la barandilla de la Concha que ser\u00e1 renovada. \u00bfPara el PNV?. Pues no. Para una ciudad en la que fue alcalde. Me imagino no se apoyar\u00e1 en ella.<\/p>\n<p>Ernesto Ekaizer tras escucharle ha sacado la conclusi\u00f3n de que el PSOE prefiere perder la Moci\u00f3n pues no se puede ser m\u00e1s torpe, en el caso de Od\u00f3n, tratando de negociar faltonamente con un partido cuyos votos son imprescindibles. Ha deducido socarronamente que el candidato socialista al ver el guirigay que le supondr\u00eda pactar con Podemos y los catalanes m\u00e1s el PNV, prefiere hacer el gesto, marcar terreno e irse a casa, tras la vuelta al ruedo, pues lo dem\u00e1s no se entender\u00eda que un socialista del grupo de S\u00e1nchez haya descalificado de manera tan dura y continua a un partido con el que te\u00f3ricamente quiere negociar.<\/p>\n<p>Cuando el conductor del programa le ha preguntado qu\u00e9 es lo que pretenden negociar, Elorza lo ha resumido en dos palabras: regeneraci\u00f3n democr\u00e1tica, que es como decir todo y no decir absolutamente nada. Es como aquello de la Constituci\u00f3n de que todos ten\u00edan que ser \u201cbuenos y ben\u00e9ficos\u201d.<\/p>\n<p>En relaci\u00f3n con el modelo territorial ha ridiculizado a Arantza Tapia por sus declaraciones y ha vuelto a arremeter contra el PNV, igual\u00e1ndonos con Ciudadanos, al decir que sostenemos a Rajoy. Se olvida que quien ha apoyado con furor castellano al PP ha sido el PSOE con su 155 tatuado en la frente y que en casos de corrupci\u00f3n ah\u00ed est\u00e1 el caso de los ERES andaluces, dejando lo de Gurtel en mera calderilla, con dos ex presidentes procesados y 22 altos cargos imputados en Andaluc\u00eda. No s\u00e9 si Od\u00f3n Elorza ha le\u00eddo las declaraciones de la jueza Mercedes Alaya y lo que dice del socialismo y de la Junta de Andaluc\u00eda, algo como para tratar de ser m\u00e1s comedido en sus juicios sobre los dem\u00e1s. \u00bfY qu\u00e9 me dice del Gal y sus 28 muertos?.<\/p>\n<p>Od\u00f3n Elorza ha tratado de ridiculizarnos al decir que no sabe lo que har\u00e1 el PNV y que seguramente estaremos como con los presupuestos aguantando hasta el final. Ellos pueden presentar una Moci\u00f3n con 85 votos de 175, las manos en los bolsillos y pidiendo actos de fe y pueden pedir a los dem\u00e1s un contrato de adhesi\u00f3n. Los dem\u00e1s no podemos solicitarle al PSOE saber para qu\u00e9 quiere llegar a la Moncloa y qu\u00e9 es lo que pretende hacer, y c\u00f3mo lo va a hacer.<\/p>\n<p>Recuerdo los comentarios de varios alcaldes de Bilbao cuando se jugaban los derbis en Anoeta y estaba Elorza en el palco presidencial. Comentaban que era muy desagradable verle a Elorza gritando como un poseso cuando la Real le met\u00eda un gol al Athletic ya que hay una convenci\u00f3n de mantener las formas en el palco para no herir a nadie. Pues este tipo esa convenci\u00f3n se la pasaba por el arco del triunfo y hac\u00eda todo lo posible para sacar de quicio al personal.<\/p>\n<p>No nos extra\u00f1e pues, las respuestas a su entrevista de hoy.<\/p>\n<p>En fin, todo muy desagradable ante tanta arrogancia y por eso la pregunta se impone, \u00bfde verdad quiere S\u00e1nchez negociar con el PNV alg\u00fan tipo de apoyo con semejante monaguillo deslenguado a su lado?.<\/p>\n<!-- AddThis Advanced Settings generic via filter on the_content --><!-- AddThis Share Buttons generic via filter on the_content -->","protected":false},"excerpt":{"rendered":"<p>Martes 29 de mayo de 2018 Od\u00f3n Elorza le llama a Radio Euskadi, la Radio P\u00fablica Vasca. Le debe molestar lo de Euzkadi. Me consta que tambi\u00e9n que se hable de Donosti y no de San Sebastian. \u00c9l fue alcalde de esta ciudad en 1991, siendo la tercera fuerza, por un error nuestro. Las elecciones &hellip; <a href=\"http:\/\/blogs.deia.eus\/anasagasti\/2018\/05\/29\/negociar-con-odon-elorza\/\" class=\"more-link\">Sigue leyendo <span class=\"screen-reader-text\">\u00bfNegociar con Od\u00f3n Elorza?<\/span><\/a><!-- AddThis Advanced Settings generic via filter on get_the_excerpt --><!-- AddThis Share Buttons generic via filter on get_the_excerpt --><\/p>\n","protected":false},"author":19,"featured_media":0,"comment_status":"open","ping_status":"open","sticky":false,"template":"","format":"standard","meta":{"footnotes":""},"categories":[1],"tags":[],"class_list":["post-10479","post","type-post","status-publish","format-standard","hentry","category-general"],"_links":{"self":[{"href":"http:\/\/blogs.deia.eus\/anasagasti\/wp-json\/wp\/v2\/posts\/10479","targetHints":{"allow":["GET"]}}],"collection":[{"href":"http:\/\/blogs.deia.eus\/anasagasti\/wp-json\/wp\/v2\/posts"}],"about":[{"href":"http:\/\/blogs.deia.eus\/anasagasti\/wp-json\/wp\/v2\/types\/post"}],"author":[{"embeddable":true,"href":"http:\/\/blogs.deia.eus\/anasagasti\/wp-json\/wp\/v2\/users\/19"}],"replies":[{"embeddable":true,"href":"http:\/\/blogs.deia.eus\/anasagasti\/wp-json\/wp\/v2\/comments?post=10479"}],"version-history":[{"count":2,"href":"http:\/\/blogs.deia.eus\/anasagasti\/wp-json\/wp\/v2\/posts\/10479\/revisions"}],"predecessor-version":[{"id":10482,"href":"http:\/\/blogs.deia.eus\/anasagasti\/wp-json\/wp\/v2\/posts\/10479\/revisions\/10482"}],"wp:attachment":[{"href":"http:\/\/blogs.deia.eus\/anasagasti\/wp-json\/wp\/v2\/media?parent=10479"}],"wp:term":[{"taxonomy":"category","embeddable":true,"href":"http:\/\/blogs.deia.eus\/anasagasti\/wp-json\/wp\/v2\/categories?post=10479"},{"taxonomy":"post_tag","embeddable":true,"href":"http:\/\/blogs.deia.eus\/anasagasti\/wp-json\/wp\/v2\/tags?post=10479"}],"curies":[{"name":"wp","href":"https:\/\/api.w.org\/{rel}","templated":true}]}}