{"id":10483,"date":"2018-05-30T20:19:52","date_gmt":"2018-05-30T18:19:52","guid":{"rendered":"http:\/\/blogs.deia.eus\/anasagasti\/?p=10483"},"modified":"2018-05-30T20:19:52","modified_gmt":"2018-05-30T18:19:52","slug":"a-la-cup-y-a-otegi-no-les-compraria-un-coche-usado","status":"publish","type":"post","link":"http:\/\/blogs.deia.eus\/anasagasti\/2018\/05\/30\/a-la-cup-y-a-otegi-no-les-compraria-un-coche-usado\/","title":{"rendered":"A la CUP y a Otegi no les comprar\u00eda un coche usado."},"content":{"rendered":"<p><strong>Mi\u00e9rcoles 30 de mayo de 2018<\/strong><\/p>\n<p><a href=\"http:\/\/blogs.deia.eus\/anasagasti\/2018\/05\/30\/a-la-cup-y-a-otegi-no-les-compraria-un-coche-usado\/arnaldo-otegi-sortu-con-anna-gabriel-cup\/\" rel=\"attachment wp-att-10484\"><img loading=\"lazy\" decoding=\"async\" class=\"alignleft  wp-image-10484\" src=\"http:\/\/blogs.deia.eus\/anasagasti\/files\/2018\/05\/arnaldo-otegi-sortu-con-anna-gabriel-cup.jpg\" alt=\"\" width=\"346\" height=\"336\" \/><\/a>Lo disimulan, pero son gentes antisistema, salvo cuando ellos tienen la ocasi\u00f3n de comprarse una Villa en Galapagar como Iglesias. Entonces no importa ser de la Casta. Viene el verano y un chapuz\u00f3n en la piscina, refresca las neuronas y ayuda que los ni\u00f1os no cojan el polvo proletario de las calles de Vallecas, aunque haya encima alg\u00fan paparazzi que al parecer para ellos son los culpables de todo.<\/p>\n<p>La Cup est\u00e1 furiosa y arremete sin estilo contra el president Quim Torra por haber nombrado otros Consellers distintos a los encarcelados o en el exilio. Torra ten\u00eda raz\u00f3n en haber querido nombrarlos pues, a pesar de su situaci\u00f3n son inocentes y no tienen condena alguna, pero ha tenido que hacer un ejercicio de realismo pol\u00edtico, palabra tab\u00fa en el mundo del todo o la nada. Este mundo baraja siempre estos dos ejes, el todo o la nada y el cuanto peor, mejor. No creen en el sistema, porque son antisistema y los corruptos siempre son los dem\u00e1s.<\/p>\n<p>Lo mismo ocurre con la Asamblea Nacional de Catalunya, que critica a Torra. A diferencia de Euzkadi estos movimientos asamblearios como la ANC y Omniun Cultural, tienen m\u00e1s raigambre en Catalunya que en Euzkadi. Aqu\u00ed algo parecido pod\u00eda ser Gure Esku Dago, el movimiento que critic\u00f3 al PNV por no ir a una manifestaci\u00f3n en favor de los presos organizada por Bildu. Ya Monz\u00f3n con su Marcha de la Libertad en Navarra, logr\u00f3 ahuyentar a media Navarra de la posibilidad de un estatuto conjunto por la manera sectaria con que lo hizo.<\/p>\n<p>Ah!. Y eso del 155 fue un invento a tres, Rivera, S\u00e1nchez, Rajoy. Y S\u00e1nchez dijo de Torra que era poco menos que un nazi de los de Nuremberg.<\/p>\n<p>Respeto a estas plataformas y a los dos Jordis encarcelados pero yo soy partidario de los partidos como vertebradores de la sociedad y no de plataformas que no se cuentan en las urnas. Ya lo siento. Soy un sentimental y me gusta el PNV con 123 a\u00f1os, tres guerras y un fundador que dijo que Euzkadi era la Patria de los Vascos. Valor probado.<\/p>\n<p>Es decir, ese PNV vilipendiado por aprobar los presupuestos del gobierno central la semana pasada a cambio de una mejora de las pensiones(criticados por dirigentes de partido y sindicatos que han traicionado el origen del movimiento de los lunes) y de inversiones para Euzkadi porque seg\u00fan Otegi hab\u00edamos roto la palabra de vasco ,ha demostrado que cuando dijo que se iba a levantar el 155 ten\u00eda raz\u00f3n. Era cuesti\u00f3n en este caso, de solo una semana, pero lo importante para Otegi y para los de la Cup y de esos respetables catalanes que nos han puesto pringando en una carta a Ortuzar, era que el PNV no aprobara los presupuestos y que los votos del PNV, como los de ellos, no valieran nada por un problema de horas, no de concepto. Si, ya s\u00e9, que ante la brunete medi\u00e1tica de los puros, era dif\u00edcil que entendieran que solo era cuesti\u00f3n de tiempo. Es como lo de la casita en Galapagar. Horror si se compra la casa de Guindos, necesidad si lo hace la parejita.<\/p>\n<p>Uno de ellos fue Otegi que como Jorge Negrete en una de sus rancheras nos acus\u00f3 con sus mariachis de romper la palabra de vasco. Lo dec\u00eda un se\u00f1or que jam\u00e1s ha tenido palabra, ni de vasco, ni de tratante de ganado, ni de marciano, porque siempre ha ido a lo suyo o a lo que le han mandado otros, que es peor. Eso s\u00ed, hay que reconocerle que lo dice todo a tal velocidad, que engatusa al m\u00e1s pintado. Los vendedores de motos tienen estas cosas.<\/p>\n<p>Hoy nos ha dicho que somos funambulistas, y he de decir que a m\u00ed los funambulistas, como los tragadores de fuego y los de sables, me gustan. Tienen mucho m\u00e9rito. El otro d\u00eda vi en Bilbao en un sem\u00e1foro un funambulista con unos pepinos haciendo el juego a\u00e9reo y pens\u00e9 que ten\u00eda m\u00e1s m\u00e9rito aquel chaval que muchos de los estudiantes de Ingenier\u00eda de San Mam\u00e9s pero creo que Otegi nos acusaba de funambulistas parlamentarios, esos seres despreciables que obstruyen una labor. \u00bfNosotros?. Ser\u00e1 su amigo Pedro S\u00e1nchez.<\/p>\n<p>Recuerdo la pel\u00edcula de Yul Brinner, \u201dLos bucaneros \u201c y a Charles Boyer que le dec\u00eda al amigo Yul. \u201dQuien roba en tierra, es un ladr\u00f3n, pero quien roba en el mar, \u00a1Es un bucanero!\u201d y lo dec\u00eda con orgullo. Pues yo me siento orgulloso de ser un funambulista. La pol\u00edtica es eso y entiendo que a los del todo y nada, y de cuanto peor, mejor, no les gusten los bucaneros funambulistas. Es una pena pero ellos se lo pierden.<\/p>\n<p>A pesar de todo no ha dejado de s er curioso que le haya contestado a Dani \u00c1lvarez que no ten\u00edan todav\u00eda decidido el voto de sus dos diputados (aunque esos dos votos no cuenten para nada) y que nadie les ha llamado. Ser\u00e1 por algo \u00bfNo Arnaldo?. Te vamos a comprar en todo a cien un c\u00f3modo sill\u00f3n para que por lo menos esperes sentado.<\/p>\n<p>\u00bfSe dar\u00e1 cuenta este caballero que en temas territoriales es mejor pactar con la derecha hispana que con la izquierda susanista?. \u00bfY qu\u00e9 seguir cantos de sirena te lleva a las pe\u00f1as?. Y que es mejor en la vida ser buen gestor, dar estabilidad, tener sentido com\u00fan, ser predecible y no hacer el pino?. \u00bfY que sobre todo no hay que ser simple pensando que los dem\u00e1s somos simplones?.<\/p>\n<p>Conclusi\u00f3n. La Cup y Bildu, partidos antisistema, siempre venden con fuegos artificiales y redoble de tambores mercanc\u00eda falsa. Van de progres, \u00edntegros, sabiondos pol\u00edticos, sensibles a la miseria, y oteadores del horizonte, mientras reconocen que a ellos el pr\u00edncipe ,a diferencia de Cenicienta no les llama nadie, y que dar\u00edan un brazo por pintar algo en pol\u00edtica.<\/p>\n<p>Por eso no se crean la venta de motos y de coches usados de estos se\u00f1ores y mucho menos de Otegi y Txiki Mu\u00f1oz o de Anna Gabriel que acusan a todo el mundo de claudicantes y de bajarse los pantalones sin reconocer, que por lo menos una vez al d\u00eda, todos tenemos que bajarnos los pantalones. \u00bfO tambi\u00e9n est\u00e1n estre\u00f1idos?.<\/p>\n<!-- AddThis Advanced Settings generic via filter on the_content --><!-- AddThis Share Buttons generic via filter on the_content -->","protected":false},"excerpt":{"rendered":"<p>Mi\u00e9rcoles 30 de mayo de 2018 Lo disimulan, pero son gentes antisistema, salvo cuando ellos tienen la ocasi\u00f3n de comprarse una Villa en Galapagar como Iglesias. Entonces no importa ser de la Casta. Viene el verano y un chapuz\u00f3n en la piscina, refresca las neuronas y ayuda que los ni\u00f1os no cojan el polvo proletario &hellip; <a href=\"http:\/\/blogs.deia.eus\/anasagasti\/2018\/05\/30\/a-la-cup-y-a-otegi-no-les-compraria-un-coche-usado\/\" class=\"more-link\">Sigue leyendo <span class=\"screen-reader-text\">A la CUP y a Otegi no les comprar\u00eda un coche usado.<\/span><\/a><!-- AddThis Advanced Settings generic via filter on get_the_excerpt --><!-- AddThis Share Buttons generic via filter on get_the_excerpt --><\/p>\n","protected":false},"author":19,"featured_media":0,"comment_status":"open","ping_status":"open","sticky":false,"template":"","format":"standard","meta":{"footnotes":""},"categories":[1],"tags":[],"class_list":["post-10483","post","type-post","status-publish","format-standard","hentry","category-general"],"_links":{"self":[{"href":"http:\/\/blogs.deia.eus\/anasagasti\/wp-json\/wp\/v2\/posts\/10483","targetHints":{"allow":["GET"]}}],"collection":[{"href":"http:\/\/blogs.deia.eus\/anasagasti\/wp-json\/wp\/v2\/posts"}],"about":[{"href":"http:\/\/blogs.deia.eus\/anasagasti\/wp-json\/wp\/v2\/types\/post"}],"author":[{"embeddable":true,"href":"http:\/\/blogs.deia.eus\/anasagasti\/wp-json\/wp\/v2\/users\/19"}],"replies":[{"embeddable":true,"href":"http:\/\/blogs.deia.eus\/anasagasti\/wp-json\/wp\/v2\/comments?post=10483"}],"version-history":[{"count":2,"href":"http:\/\/blogs.deia.eus\/anasagasti\/wp-json\/wp\/v2\/posts\/10483\/revisions"}],"predecessor-version":[{"id":10486,"href":"http:\/\/blogs.deia.eus\/anasagasti\/wp-json\/wp\/v2\/posts\/10483\/revisions\/10486"}],"wp:attachment":[{"href":"http:\/\/blogs.deia.eus\/anasagasti\/wp-json\/wp\/v2\/media?parent=10483"}],"wp:term":[{"taxonomy":"category","embeddable":true,"href":"http:\/\/blogs.deia.eus\/anasagasti\/wp-json\/wp\/v2\/categories?post=10483"},{"taxonomy":"post_tag","embeddable":true,"href":"http:\/\/blogs.deia.eus\/anasagasti\/wp-json\/wp\/v2\/tags?post=10483"}],"curies":[{"name":"wp","href":"https:\/\/api.w.org\/{rel}","templated":true}]}}