{"id":10487,"date":"2018-05-31T19:40:29","date_gmt":"2018-05-31T17:40:29","guid":{"rendered":"http:\/\/blogs.deia.eus\/anasagasti\/?p=10487"},"modified":"2018-05-31T19:40:29","modified_gmt":"2018-05-31T17:40:29","slug":"cogido-con-alfileres","status":"publish","type":"post","link":"http:\/\/blogs.deia.eus\/anasagasti\/2018\/05\/31\/cogido-con-alfileres\/","title":{"rendered":"Cogido con alfileres"},"content":{"rendered":"<p><strong>Jueves 31 de mayo de 2018<\/strong><\/p>\n<p><a href=\"http:\/\/blogs.deia.eus\/anasagasti\/2018\/05\/31\/cogido-con-alfileres\/rajoy-despidiendose\/\" rel=\"attachment wp-att-10488\"><img loading=\"lazy\" decoding=\"async\" class=\"alignleft  wp-image-10488\" src=\"http:\/\/blogs.deia.eus\/anasagasti\/files\/2018\/05\/Rajoy-despidi\u00e9ndose.jpg\" alt=\"\" width=\"640\" height=\"256\" \/><\/a>Antonio Basagoiti, la noche electoral en la que dijeron que apoyar\u00edan a Patxi L\u00f3pez en detrimento de Juan Jos\u00e9 Ibarretxe que hab\u00eda ganado las elecciones coment\u00f3 que ellos \u201cpon\u00edan y quitaban Lehendakaris como quien se com\u00eda una aceituna\u201d .Algo parecido a aquel Trastamara que consagr\u00f3 la frase de \u201cni quito ni pongo rey, solo ayudo a mi se\u00f1or\u201d. En el caso de Basagoiti la frase ten\u00eda trampa pues L\u00f3pez hab\u00eda dicho que nunca se apoyar\u00eda en el PP y lo hizo, y ell Trastamara barr\u00eda para casa. Algo as\u00ed ha hecho el Grupo Vasco, barriendo como siempre para casa, pues va a Madrid a defender los intereses vascos. Nunca se ha visto con mayor evidencia esta situaci\u00f3n que la presente semana, tras la presentaci\u00f3n por parte de S\u00e1nchez de una moci\u00f3n de censura contra Rajoy.<\/p>\n<p>Recuerdo a Hern\u00e1ndez Mancha presentando su moci\u00f3n de censura a Felipe Gonz\u00e1lez. Era senador, hab\u00eda dimitido Fraga y se nos present\u00f3 cargado de informes y papeles y lo hizo fatal. En lugar de sacarla adelante, la perdi\u00f3 estrepitosamente y nosotros que nos \u00edbamos a abstener, terminamos votando en contra. As\u00ed es la vida.<\/p>\n<p>Es verdad que ha pasado suficiente tiempo para que las redes sociales jueguen un papel fundamental a la hora de crear una matriz de opini\u00f3n que de alguna manera aprisiona a unos y otros y lo importante no es tomar una decisi\u00f3n u otra sino saber y poder explicarla porque el tema de la corrupci\u00f3n es muy importante, pero no ha sido la espoleta de la explosi\u00f3n porque nadie del gobierno estaba imputado y se trataba de un caso grave en dos ayuntamientos de algo ocurrido hace quince a\u00f1os. Es verdad, pero es que Rajoy ni nadie del PP pod\u00eda decir la verdad y la verdad era que desde Fraga y Aznar, pero tambi\u00e9n el PSOE, se han financiado, los dos partidos espa\u00f1oles con la corrupci\u00f3n sist\u00e9mica del cobro de comisiones para financiarse y para dar alpieste a los corruptos intermediarios. Pero al callado Aznar, nadie del PP puede acusarle en p\u00fablico de algo tan evidente porque saltar\u00eda todo el invento, aunque es verdad que al PP le ha faltado el gesto de limpieza y \u00e9tica democr\u00e1tica que no ha tenido. Ni los seas ni lo parezcas pues en una sociedad de la informaci\u00f3n te vas a quedar m\u00e1s solo que la una.<\/p>\n<p>Por eso el debate estaba cantado. No era cuesti\u00f3n de quien ten\u00eda raz\u00f3n o no sino de matem\u00e1ticas y al final las matem\u00e1ticas le han dado la victoria a un S\u00e1nchez al que hay que reconocerle el m\u00e9rito, aunque no haya respondido a las preguntas de Rajoy sobre lo que har\u00e1 cuando se haga p\u00fablica la sentencia por los ERES andaluces y si no tiene su partido, socialistas en la c\u00e1rcel. Pero ha ganado y ha sacado del horno un arroz con pollo.<\/p>\n<p>Por su parte Bildu que siempre acusa al PNV de todo, anda m\u00e1s despistada que el minotauro en el laberinto. Nadie les llama, sus votos no son decisivos, no saben qu\u00e9 hacer y la postura del PNV les descoloca. Hubieran preferido que el Grupo Vasco hubiera votado en contra de la Moci\u00f3n.<\/p>\n<p>Est\u00e1n de los nervios. Habr\u00e1 que darles unas clasecitas de educaci\u00f3n pol\u00edtica.<\/p>\n<p>No creo que Jos\u00e9 Antonio Aguirre ni Manuel de Irujo en tiempos de la Rep\u00fablica vivieran una situaci\u00f3n parecida a la de ayer. Tampoco Arzalluz, Marcos Vizcaya ni Erkoreka. Desde luego, quien firma este suelto, no lo sinti\u00f3 en treinta a\u00f1os parlamentarios en la Villa y Corte, situaci\u00f3n que el mi\u00e9rcoles ten\u00eda su expresi\u00f3n en las portadas del ABC, El Mundo, La Raz\u00f3n y La Vanguardia. En ellas se copiaban entre ellos y repet\u00edan este mensaje. \u201dEspa\u00f1a en Manos del PNV\u201d. \u201dEl futuro de Espa\u00f1a en manos de los cinco votos del PNV\u201d. \u201dRajoy conf\u00eda su futuro en el PNV\u201d. \u201dLa legislatura estar\u00e1 en manos de los cinco diputados del PNV\u201d. \u201dDecide el Euzkadi Buru Batzar\u201d. Nunca hemos vivido nada semejante lo que confirma nuestros reiterados lemas electorales hablando del voto \u00fatil al PNV en las elecciones legislativas estatales pues un solo voto puede poner a un partido territorial en el centro de absolutamente toda la actividad parlamentaria de un estado y de nada menos que el futuro de un gobierno y de miles de personas. !Bingo!. No creo esto vuelva a repetirse.<\/p>\n<p>Fue la apuesta del PNV en 1917 acudiendo a las elecciones en Madrid y ya son 101 a\u00f1os de que un grupo de aldeanos\/as, como les llamaban, van y vienen buscando acumular fuerzas para su representaci\u00f3n que no es otra que la agenda vasca algo que en este momento irrita y obsesiona al partido Ciudadanos que en boca de Rivera dijo ayer que la debilidad de Espa\u00f1a estaba en que cinco votos, el 0,67, de la poblaci\u00f3n tengan el futuro de los espa\u00f1oles en su mano. Terrible mensaje por antidemocr\u00e1tico, xen\u00f3fobo, e inconstitucional, pero esa es para nosotros una de las actuales preocupaciones tras este debate de censura. Las dos preguntas \u00bfSe consolidar\u00e1 el ascenso millonario de Ciudadanos y que va a ser de Rajoy y del PP?. \u00bfSacar\u00e1n el hacha de guerra con la bandera espa\u00f1ola y la canci\u00f3n de Marta S\u00e1nchez en mayor proporci\u00f3n que en la actualidad ?. Sobrevivir\u00e1 el gobierno zombi como llama la caverna a la propuesta S\u00e1nchez y c\u00f3mo evolucionar\u00e1 la situaci\u00f3n catalana?<\/p>\n<p>Rajoy, por la ma\u00f1ana, confiando en un voto negativo a la moci\u00f3n, ha estado, casi euf\u00f3rico, sereno y mucho mejor que S\u00e1nchez. Buen parlamentario, ocurrente, fuerte, desmontando argumentos, despreciando a su adversario y entusiasmando a su gente. Por la tarde, sabiendo lo que iba a ocurrir, el globo se ha desinflado. S\u00e1nchez, el nuevo L\u00e1zaro que muere y resucita, cada cierto tiempo, lo ha hecho peor pero con mejor resultado. Hay que reconocerle el m\u00e9rito. La jugada le ha salido bien.<\/p>\n<p>\u00bfQu\u00e9 pasar\u00e1 ahora con los Presupuestos espa\u00f1oles y, tambi\u00e9n con los presupuestos vascos?. Veremos. Entramos en zona de turbulencias varias, econ\u00f3micas incluidas y lo curioso del debate, resumido en la frase de que \u201cLa Gurtel es el PP y el PP es la Gurtel\u201d, es que no se ha hablado de la corrupci\u00f3n m\u00e1s que como barro, pero no sobre las medidas a tomar para un mayor ojo p\u00fablico vigilante para que los casos de la corrupci\u00f3n sist\u00e9mica no se vuelvan a repetir. Ni palabra sobre la Fiscal\u00eda Anticorrupci\u00f3n, ni palabra sobre el Tribunal de Cuentas. Nada. El poder, el qu\u00edtate tu para que me ponga yo y ustedes son muy malos y yo soy muy bueno, es el resumen del debate con redoble de tambores, caras largas y caras alegres tras la intervenci\u00f3n del portavoz del Grupo Vasco. Y es que el Grupo Vasco acert\u00f3 apoyando los presupuestos y ha acertado apoyando la moci\u00f3n. Un partido centenario tiene esas cosas. Y de ah\u00ed su credibilidad. No casarse m\u00e1s que con Euzkadi.<\/p>\n<p>&nbsp;<\/p>\n<p>&nbsp;<\/p>\n<!-- AddThis Advanced Settings generic via filter on the_content --><!-- AddThis Share Buttons generic via filter on the_content -->","protected":false},"excerpt":{"rendered":"<p>Jueves 31 de mayo de 2018 Antonio Basagoiti, la noche electoral en la que dijeron que apoyar\u00edan a Patxi L\u00f3pez en detrimento de Juan Jos\u00e9 Ibarretxe que hab\u00eda ganado las elecciones coment\u00f3 que ellos \u201cpon\u00edan y quitaban Lehendakaris como quien se com\u00eda una aceituna\u201d .Algo parecido a aquel Trastamara que consagr\u00f3 la frase de \u201cni &hellip; <a href=\"http:\/\/blogs.deia.eus\/anasagasti\/2018\/05\/31\/cogido-con-alfileres\/\" class=\"more-link\">Sigue leyendo <span class=\"screen-reader-text\">Cogido con alfileres<\/span><\/a><!-- AddThis Advanced Settings generic via filter on get_the_excerpt --><!-- AddThis Share Buttons generic via filter on get_the_excerpt --><\/p>\n","protected":false},"author":19,"featured_media":0,"comment_status":"open","ping_status":"open","sticky":false,"template":"","format":"standard","meta":{"footnotes":""},"categories":[1],"tags":[],"class_list":["post-10487","post","type-post","status-publish","format-standard","hentry","category-general"],"_links":{"self":[{"href":"http:\/\/blogs.deia.eus\/anasagasti\/wp-json\/wp\/v2\/posts\/10487","targetHints":{"allow":["GET"]}}],"collection":[{"href":"http:\/\/blogs.deia.eus\/anasagasti\/wp-json\/wp\/v2\/posts"}],"about":[{"href":"http:\/\/blogs.deia.eus\/anasagasti\/wp-json\/wp\/v2\/types\/post"}],"author":[{"embeddable":true,"href":"http:\/\/blogs.deia.eus\/anasagasti\/wp-json\/wp\/v2\/users\/19"}],"replies":[{"embeddable":true,"href":"http:\/\/blogs.deia.eus\/anasagasti\/wp-json\/wp\/v2\/comments?post=10487"}],"version-history":[{"count":2,"href":"http:\/\/blogs.deia.eus\/anasagasti\/wp-json\/wp\/v2\/posts\/10487\/revisions"}],"predecessor-version":[{"id":10490,"href":"http:\/\/blogs.deia.eus\/anasagasti\/wp-json\/wp\/v2\/posts\/10487\/revisions\/10490"}],"wp:attachment":[{"href":"http:\/\/blogs.deia.eus\/anasagasti\/wp-json\/wp\/v2\/media?parent=10487"}],"wp:term":[{"taxonomy":"category","embeddable":true,"href":"http:\/\/blogs.deia.eus\/anasagasti\/wp-json\/wp\/v2\/categories?post=10487"},{"taxonomy":"post_tag","embeddable":true,"href":"http:\/\/blogs.deia.eus\/anasagasti\/wp-json\/wp\/v2\/tags?post=10487"}],"curies":[{"name":"wp","href":"https:\/\/api.w.org\/{rel}","templated":true}]}}