{"id":10491,"date":"2018-06-01T19:53:04","date_gmt":"2018-06-01T17:53:04","guid":{"rendered":"http:\/\/blogs.deia.eus\/anasagasti\/?p=10491"},"modified":"2018-06-01T19:53:04","modified_gmt":"2018-06-01T17:53:04","slug":"agur-rivera-patxi-lopez-ministro-elegante-rajoy-zarzalejos-busca-algo-le-conoci-a-sanchez-en-la-mixta-zapatero-al-polo-no-hara-gran-cosa","status":"publish","type":"post","link":"http:\/\/blogs.deia.eus\/anasagasti\/2018\/06\/01\/agur-rivera-patxi-lopez-ministro-elegante-rajoy-zarzalejos-busca-algo-le-conoci-a-sanchez-en-la-mixta-zapatero-al-polo-no-hara-gran-cosa\/","title":{"rendered":"Agur Rivera \u2013 Patxi L\u00f3pez, Ministro \u2013 Elegante Rajoy \u2013Zarzalejos busca algo &#8211;  Le conoc\u00ed a S\u00e1nchez en la mixta \u2013 Zapatero al polo \u2013 No har\u00e1 gran cosa."},"content":{"rendered":"<p><strong>Viernes 1 de junio de 2018<\/strong><\/p>\n<p><strong><a href=\"http:\/\/blogs.deia.eus\/anasagasti\/2018\/06\/01\/agur-rivera-patxi-lopez-ministro-elegante-rajoy-zarzalejos-busca-algo-le-conoci-a-sanchez-en-la-mixta-zapatero-al-polo-no-hara-gran-cosa\/agur-rajoy\/\" rel=\"attachment wp-att-10493\"><img loading=\"lazy\" decoding=\"async\" class=\"alignleft  wp-image-10493\" src=\"http:\/\/blogs.deia.eus\/anasagasti\/files\/2018\/06\/Agur-Rajoy.jpg\" alt=\"\" width=\"354\" height=\"481\" srcset=\"http:\/\/blogs.deia.eus\/anasagasti\/files\/2018\/06\/Agur-Rajoy.jpg 895w, http:\/\/blogs.deia.eus\/anasagasti\/files\/2018\/06\/Agur-Rajoy-580x789.jpg 580w, http:\/\/blogs.deia.eus\/anasagasti\/files\/2018\/06\/Agur-Rajoy-768x1044.jpg 768w\" sizes=\"auto, (max-width: 354px) 100vw, 354px\" \/><\/a>Agur Rivera<\/strong><\/p>\n<p>Impactante la portada del ARA catal\u00e1n. En Catalunya nos presentan como tipos que saben hacer las cosas. Mejor. Yo escrib\u00ed un libro titulado Agur Aznar. Me gustar\u00eda escribir otro dedicado a Agur Rivera.<\/p>\n<p><strong>Patxi L\u00f3pez, Ministro<\/strong><\/p>\n<p>Deduzco que Patxi L\u00f3pez ser\u00e1 ministro. S\u00e1nchez necesita un vasco, y, un exlehendakari, luce mucho si adem\u00e1s ha sido presidente del Congreso y tiene a Andoni Unzalu de escribidor de discursos. \u00bfAdministraciones P\u00fablicas?. \u00bfInterior?. Algo as\u00ed. Y una conclusi\u00f3n. Este hombre tiene baraka. Ahora bien, veremos si arriesga algo. Nunca lo ha hecho en asuntos como la territorialidad, pero igual, hasta mueve los presos y aprende catal\u00e1n para hablarlo en la intimidad. \u00bfQui\u00e9n sabe?. Aunque Andoni Unzalu no est\u00e9 por la labor. Que no cuente con \u00e9l y que venda su libro en los leones.<\/p>\n<p><strong>Elegante Rajoy<\/strong><\/p>\n<p>Rajoy ha estado elegante en la despedida. Impecable. Se recuperar\u00e1 y podr\u00e1 ir a Kiev a ver al Real Madrid. Y seguir haciendo footing con el marido de Ana Pastor en Sanxenxo. Le han criticado por no haber estado la tarde del jueves, tras enterarse de que el PNV no le apoyar\u00eda y se fue a un restaurant y se pas\u00f3 la tarde hasta las diez. No estaba por la labor para aguantarle las petulancias a Iglesias y las invectivas de Rivera, ni a la diputada canaria que se abstuvo, ni a Tard\u00e1 y menos a Aitor Esteban que como ha dicho Hernando le ha decepcionado a cuenta de la palabra de vasco. Parec\u00eda Otegi en su cr\u00edtica. Pero Rajoy hizo bien dejando el bolso de Soraya en su esca\u00f1o. Es como para decir que no estaba pero volver\u00eda y le mand\u00f3 a Cospedal para decir que de dimir nada de nada. \u00c9l no dimite por la Gurtel. Lo que pasa es que no era solo la Gurtel sino Zaplana, Rato, Granados, Ignacio Gonz\u00e1lez, B\u00e1rcenas, Gallard\u00f3n, Rita Barber\u00e1, Camps, Matas, Sep\u00falveda\u2026\u2026Y toda esa bola era del PP.<\/p>\n<p><strong>Zarzalejos busca algo<\/strong><\/p>\n<p>Zarzalejos, se ha convertido en un tipo avinagrado, seguidor de Ciudadanos que no desaprovecha la oportunidad para insultarnos gratuitamente. Dice que el EBB est\u00e1 formado por aldeanos. A mucha honra. Arzalluz dec\u00eda que todos los vascos tenemos las abarcas del abuelo colgadas de la puerta del caser\u00edo. Pero Zarzalejos no tiene las abarcas del abuelo sino el yugo y las flechas de su padre y no en la puerta sino en la camisa y en el discurso. Por eso est\u00e1 tan contento de seguir a falangito en la Sexta. Este busca algo.<\/p>\n<p><strong>Le conoc\u00ed a S\u00e1nchez en la mixta<\/strong><\/p>\n<p>A Pedro S\u00e1nchez le conoc\u00ed como diputado raso en la Comisi\u00f3n Mixta Congreso &#8211; Senado de relaciones con la UE. Era persona respetuosa y cordial pero no pintaba nada. El portavoz socialista de esa comisi\u00f3n no le daba nunca chance para que hablara y eso que se hab\u00eda pasado dos a\u00f1os en Bruselas. Hoy, le he puesto un correo a ese portavoz record\u00e1ndole el hecho y dici\u00e9ndole que si hubiera sabido seguramente le habr\u00eda dejado hablar hasta por los codos. Y es que la pol\u00edtica tiene esas cosas. Est\u00e1s abajo, luego arriba y a veces en la mitad. Pero muchos quedan por el camino y de esos nadie habla. Pero tambi\u00e9n hay que decir que hay pol\u00edticos que no est\u00e1n muertos, sino mal enterrados. Uno de ellos es Rajoy y otro S\u00e1nchez, que resucit\u00f3 de entre los muertos vivientes.<\/p>\n<p><strong>Zapatero al polo<\/strong><\/p>\n<p>Me han llamado de Radio Caracas Televisi\u00f3n para saber que tal ser\u00e1 S\u00e1nchez en su relaci\u00f3n con Venezuela. Les he dicho que no es Zapatero y que ha sido sensible con la oposici\u00f3n venezolana pero que no sabemos lo que le dejar\u00e1 hacer Podemos sabiendo que este tema les quema. La gente est\u00e1 mosca. Solo s\u00e9 que el portavoz del senado Ander Gil le inform\u00f3 del viaje a Caracas que hicimos para visitar a los presos de la dictadura chavista y que en el entierro de Benegas me pregunt\u00f3 interesado por ellos. Me conformo con que le mande a Zapatero al C\u00edrculo Polar \u00c1rtico.<\/p>\n<p><strong>No har\u00e1 gran cosa<\/strong><\/p>\n<p>S\u00e1nchez trabajar\u00e1 m\u00e1s lo social que lo territorial. Es m\u00e1s f\u00e1cil sacar cosas con Podemos y los catalanes al lado. Lo territorial ser\u00e1 s\u00f3lo lo simb\u00f3lico. Apenas tiene margen. Quitar\u00e1 presi\u00f3n a la olla pero no nos olvidemos que el PSOE, el PP y Ciudadanos son los autores del 155. Como Rajoy con Zapatero para rechazar el plan Ibarretxe. Yo no me hago ilusiones.<\/p>\n<p>&nbsp;<\/p>\n<!-- AddThis Advanced Settings generic via filter on the_content --><!-- AddThis Share Buttons generic via filter on the_content -->","protected":false},"excerpt":{"rendered":"<p>Viernes 1 de junio de 2018 Agur Rivera Impactante la portada del ARA catal\u00e1n. En Catalunya nos presentan como tipos que saben hacer las cosas. Mejor. Yo escrib\u00ed un libro titulado Agur Aznar. Me gustar\u00eda escribir otro dedicado a Agur Rivera. Patxi L\u00f3pez, Ministro Deduzco que Patxi L\u00f3pez ser\u00e1 ministro. S\u00e1nchez necesita un vasco, y, &hellip; <a href=\"http:\/\/blogs.deia.eus\/anasagasti\/2018\/06\/01\/agur-rivera-patxi-lopez-ministro-elegante-rajoy-zarzalejos-busca-algo-le-conoci-a-sanchez-en-la-mixta-zapatero-al-polo-no-hara-gran-cosa\/\" class=\"more-link\">Sigue leyendo <span class=\"screen-reader-text\">Agur Rivera \u2013 Patxi L\u00f3pez, Ministro \u2013 Elegante Rajoy \u2013Zarzalejos busca algo &#8211;  Le conoc\u00ed a S\u00e1nchez en la mixta \u2013 Zapatero al polo \u2013 No har\u00e1 gran cosa.<\/span><\/a><!-- AddThis Advanced Settings generic via filter on get_the_excerpt --><!-- AddThis Share Buttons generic via filter on get_the_excerpt --><\/p>\n","protected":false},"author":19,"featured_media":0,"comment_status":"open","ping_status":"open","sticky":false,"template":"","format":"standard","meta":{"footnotes":""},"categories":[1],"tags":[],"class_list":["post-10491","post","type-post","status-publish","format-standard","hentry","category-general"],"_links":{"self":[{"href":"http:\/\/blogs.deia.eus\/anasagasti\/wp-json\/wp\/v2\/posts\/10491","targetHints":{"allow":["GET"]}}],"collection":[{"href":"http:\/\/blogs.deia.eus\/anasagasti\/wp-json\/wp\/v2\/posts"}],"about":[{"href":"http:\/\/blogs.deia.eus\/anasagasti\/wp-json\/wp\/v2\/types\/post"}],"author":[{"embeddable":true,"href":"http:\/\/blogs.deia.eus\/anasagasti\/wp-json\/wp\/v2\/users\/19"}],"replies":[{"embeddable":true,"href":"http:\/\/blogs.deia.eus\/anasagasti\/wp-json\/wp\/v2\/comments?post=10491"}],"version-history":[{"count":2,"href":"http:\/\/blogs.deia.eus\/anasagasti\/wp-json\/wp\/v2\/posts\/10491\/revisions"}],"predecessor-version":[{"id":10495,"href":"http:\/\/blogs.deia.eus\/anasagasti\/wp-json\/wp\/v2\/posts\/10491\/revisions\/10495"}],"wp:attachment":[{"href":"http:\/\/blogs.deia.eus\/anasagasti\/wp-json\/wp\/v2\/media?parent=10491"}],"wp:term":[{"taxonomy":"category","embeddable":true,"href":"http:\/\/blogs.deia.eus\/anasagasti\/wp-json\/wp\/v2\/categories?post=10491"},{"taxonomy":"post_tag","embeddable":true,"href":"http:\/\/blogs.deia.eus\/anasagasti\/wp-json\/wp\/v2\/tags?post=10491"}],"curies":[{"name":"wp","href":"https:\/\/api.w.org\/{rel}","templated":true}]}}