{"id":10496,"date":"2018-06-02T17:46:28","date_gmt":"2018-06-02T15:46:28","guid":{"rendered":"http:\/\/blogs.deia.eus\/anasagasti\/?p=10496"},"modified":"2018-06-02T17:46:29","modified_gmt":"2018-06-02T15:46:29","slug":"bildu-pierde-la-virginidad-rajoy-no-estaba-de-parranda-alvaro-lapuerta","status":"publish","type":"post","link":"http:\/\/blogs.deia.eus\/anasagasti\/2018\/06\/02\/bildu-pierde-la-virginidad-rajoy-no-estaba-de-parranda-alvaro-lapuerta\/","title":{"rendered":"Bildu pierde la virginidad &#8211; Rajoy no estaba de parranda &#8211; \u00c1lvaro Lapuerta."},"content":{"rendered":"<p><strong>S\u00e1bado 2 de junio de 2018<\/strong><\/p>\n<p><a href=\"http:\/\/blogs.deia.eus\/anasagasti\/2018\/06\/02\/bildu-pierde-la-virginidad-rajoy-no-estaba-de-parranda-alvaro-lapuerta\/dona-marian\/\" rel=\"attachment wp-att-10497\"><img loading=\"lazy\" decoding=\"async\" class=\"alignleft size-full wp-image-10497\" src=\"http:\/\/blogs.deia.eus\/anasagasti\/files\/2018\/06\/Do\u00f1a-Marian.jpg\" alt=\"\" width=\"1024\" height=\"540\" srcset=\"http:\/\/blogs.deia.eus\/anasagasti\/files\/2018\/06\/Do\u00f1a-Marian.jpg 1024w, http:\/\/blogs.deia.eus\/anasagasti\/files\/2018\/06\/Do\u00f1a-Marian-580x306.jpg 580w, http:\/\/blogs.deia.eus\/anasagasti\/files\/2018\/06\/Do\u00f1a-Marian-768x405.jpg 768w, http:\/\/blogs.deia.eus\/anasagasti\/files\/2018\/06\/Do\u00f1a-Marian-940x496.jpg 940w\" sizes=\"auto, (max-width: 1024px) 100vw, 1024px\" \/><\/a>Bonita foto, \u00bfverdad?. A m\u00ed los de la entonces HB me pusieron pringando reiteradas veces por fotos como \u00e9stas. Y es que no va a ir uno al Congreso con sus banderas. La ikurri\u00f1a, la del Athletic, la de los abuelos, la del txoko. Pero esta gente acomplejada cre\u00eda que eso era el nudo gordiano de la traici\u00f3n, hasta que les toca hacerlo a ellos. Y ahora lo hacen .Aciertan cuando rectifican.<\/p>\n<p>Que yo sepa Madrid es Espa\u00f1a y lo normal es que ondee la bandera espa\u00f1ola, aunque no sea la republicana. Y esta se\u00f1ora, que le mand\u00f3 el telegrama a Trump y que pretende ser la personificaci\u00f3n del tarro de las esencias, tiene que pasar por estos tragos y hacer ejercicios de contorsionismo pol\u00edtico para que se les vea como un partido m\u00e1s, y no como un movimiento liberador que baja del Gorbea pu\u00f1o en alto y cantimplora llena para conquistar el Palacio de Invierno.<\/p>\n<p>La novedad ha sido que Bildu ha votado por primera vez en el Congreso en favor de un presidente del gobierno espa\u00f1ol y sin pedir nada. Ni acercamiento de presos, ni el derecho a decidir, ni el esclarecimiento del Gal. Los superpuros del mundo mundial se mancharon muy feamente el viernes y rompieron su virginidad. Dicen que por una causa mayor, aunque sus votos no eran necesarios. S\u00e1nchez sali\u00f3 elegido con 180 votos, y Bildu tiene dos, y la mayor\u00eda son 176. Pero es importante este dato. Lo que digo siempre: esta gente solo acierta cuando rectifica. Ya los traidores no somos solo nosotros. Bienvenidos al infierno.<\/p>\n<p>Venga chicos!! a purificarse con un mitin de los de la IA y una manifa con pancarta. Y es que a pesar de todo, no se acerca el fin del mundo y lo que hizo Do\u00f1a Marian lo hace hasta Maduro.<\/p>\n<p><strong>Rajoy no estaba de parranda<\/strong><\/p>\n<p>Don Mariano el jueves, tras la dura sesi\u00f3n de la ma\u00f1ana, se fue a un restaurant con los suyos. No estaba muerto, sino estaba de parranda. Las penas con patxaran, se llevan mejor, sin embargo, este s\u00e1bado, Rajoy ha estado elegante. Hombre educado no nos ha mentado la madre por votar en contra de \u00e9l como si lo hizo Rafa Hernando. Cuida las formas y este s\u00e1bado estuvo en La Zarzuela viendo con incredulidad como aquel Pedro S\u00e1nchez que una semana antes le pasaba la mano por el lomo, y \u00e9l le recib\u00eda en La Moncloa con una sonrisa de oreja a oreja, le quitaba la silla, el puesto, y la firma en el Bolet\u00edn Oficial.<\/p>\n<p>Ha visto como S\u00e1nchez promet\u00eda el cargo sin biblia ni crucifijo. La mano de Unzalu es alargada. Le quit\u00f3 a Patxi el crucifijo de marfil de Besteiro en su despacho. Lo que me extra\u00f1a de S\u00e1nchez es que si el hombre no cree en nada, haya quitado esos dos s\u00edmbolos. Su primer acto no ha sido el de un tipo listo en momentos en los que necesita pacificar a la fiera. Empl\u00e9ate en el Valle de los Ca\u00eddos, no en \u00e9sto. Pero all\u00e1 \u00e9l. Lo cre\u00ed m\u00e1s sutil y m\u00e1s sensible a lo que representa la biblia y el crucifijo.<\/p>\n<p>El cambio de tercio lo hizo tambi\u00e9n Ibarretxe en Gernika con Patxi L\u00f3pez porque la democracia necesita estas liturgias que son buena pedagog\u00eda pol\u00edtica a la hora de aceptar las reglas del juego, aunque te repateen, y lo enfatizo pues ni Arrimadas de Ciudadanos ni Garc\u00eda Albiol del PP han estado hoy en la toma de posesi\u00f3n del nuevo gobierno catal\u00e1n. No les gusta el aceite de ricino en vena y ver a los nuevos consellers prometiendo un cargo peligroso porque van a tener presupuestos y siguen con sus ideas diab\u00f3licas pero si es as\u00ed y as\u00ed lo piensan no te dediques a la pol\u00edtica. Arrimadas que se dedique al dise\u00f1o que dice que le gusta y Albiol al baloncesto, pues tiene altura para ello.<\/p>\n<p>Le he o\u00eddo a Arrimadas decir que no ha ido a la ceremonia en el Palau porque no tolera el lazo amarillo, como si fuera el virus de la ictericia, y de Albiol, el pobre, no s\u00e9 nada. Sin Rajoy, ha bajado veinte cent\u00edmetros de altura y debe andar como alma en pena. Este hombre en Catalunya tiene menos futuro que un vendedor de enciclopedias.<\/p>\n<p>Las formas en democracia son el fondo, y salvo en Catalunya, la cosa ha ido bien, aunque no me gustar\u00eda saber lo que habr\u00e1 estado pensando Don Mariano en relaci\u00f3n con S\u00e1nchez y con el PNV. Gajes del oficio. Seguramente resucitar\u00e1 al tercer d\u00eda. Al tiempo.<\/p>\n<p><strong>\u00c1lvaro Lapuerta<\/strong><\/p>\n<p>Ha fallecido en Madrid a los 90 a\u00f1os \u00c1lvaro Lapuerta. Descanse en paz. Era madrile\u00f1o, abogado del estado, franquista y ex procurador en Cortes. Le conoc\u00ed en el Congreso. Era diputado por la Rioja. Se sentaba en un esca\u00f1o de la esquina del pasillo, de tal forma que los que sub\u00edan a los esca\u00f1os de arriba le saludaban con unci\u00f3n. Solo les faltaba besarle el anillo, como al Padrino y es que fue tesorero del PP entre Naseiro y B\u00e1rcenas y lo sab\u00eda todo. Desde Fraga a Aznar a quien conoci\u00f3 cuando el de bigote era inspector fiscal en Logro\u00f1o.<\/p>\n<p>Ten\u00eda la nariz de un boxeador de peso pesado y un hablar gangoso, pero no interven\u00eda nunca. Le gustaban los vascos y no recuerdo por qu\u00e9. Ten\u00eda una gabardina, tipo trinchera, como la del inspector Gadget y con \u00e9l muere toda una \u00e9poca del PP y de la financiaci\u00f3n de un partido acusado de corrupci\u00f3n hasta las cachas.<\/p>\n<p>La aparente firmeza del \u00e1rbol m\u00e1s r\u00edgido, es como todo lo dur\u00edsimo, lo primero que se quiebra. Y la dureza del PP, comienza a agrietarse. Me hubiera encantado leer una biograf\u00eda de \u00c1lvaro Lapuerta escrita por \u00e9l mismo o por. Mario Puzo el escritor del Padrino que se perdi\u00f3 una buena historia.<\/p>\n<!-- AddThis Advanced Settings generic via filter on the_content --><!-- AddThis Share Buttons generic via filter on the_content -->","protected":false},"excerpt":{"rendered":"<p>S\u00e1bado 2 de junio de 2018 Bonita foto, \u00bfverdad?. A m\u00ed los de la entonces HB me pusieron pringando reiteradas veces por fotos como \u00e9stas. Y es que no va a ir uno al Congreso con sus banderas. La ikurri\u00f1a, la del Athletic, la de los abuelos, la del txoko. Pero esta gente acomplejada cre\u00eda &hellip; <a href=\"http:\/\/blogs.deia.eus\/anasagasti\/2018\/06\/02\/bildu-pierde-la-virginidad-rajoy-no-estaba-de-parranda-alvaro-lapuerta\/\" class=\"more-link\">Sigue leyendo <span class=\"screen-reader-text\">Bildu pierde la virginidad &#8211; Rajoy no estaba de parranda &#8211; \u00c1lvaro Lapuerta.<\/span><\/a><!-- AddThis Advanced Settings generic via filter on get_the_excerpt --><!-- AddThis Share Buttons generic via filter on get_the_excerpt --><\/p>\n","protected":false},"author":19,"featured_media":0,"comment_status":"open","ping_status":"open","sticky":false,"template":"","format":"standard","meta":{"footnotes":""},"categories":[1],"tags":[],"class_list":["post-10496","post","type-post","status-publish","format-standard","hentry","category-general"],"_links":{"self":[{"href":"http:\/\/blogs.deia.eus\/anasagasti\/wp-json\/wp\/v2\/posts\/10496","targetHints":{"allow":["GET"]}}],"collection":[{"href":"http:\/\/blogs.deia.eus\/anasagasti\/wp-json\/wp\/v2\/posts"}],"about":[{"href":"http:\/\/blogs.deia.eus\/anasagasti\/wp-json\/wp\/v2\/types\/post"}],"author":[{"embeddable":true,"href":"http:\/\/blogs.deia.eus\/anasagasti\/wp-json\/wp\/v2\/users\/19"}],"replies":[{"embeddable":true,"href":"http:\/\/blogs.deia.eus\/anasagasti\/wp-json\/wp\/v2\/comments?post=10496"}],"version-history":[{"count":2,"href":"http:\/\/blogs.deia.eus\/anasagasti\/wp-json\/wp\/v2\/posts\/10496\/revisions"}],"predecessor-version":[{"id":10499,"href":"http:\/\/blogs.deia.eus\/anasagasti\/wp-json\/wp\/v2\/posts\/10496\/revisions\/10499"}],"wp:attachment":[{"href":"http:\/\/blogs.deia.eus\/anasagasti\/wp-json\/wp\/v2\/media?parent=10496"}],"wp:term":[{"taxonomy":"category","embeddable":true,"href":"http:\/\/blogs.deia.eus\/anasagasti\/wp-json\/wp\/v2\/categories?post=10496"},{"taxonomy":"post_tag","embeddable":true,"href":"http:\/\/blogs.deia.eus\/anasagasti\/wp-json\/wp\/v2\/tags?post=10496"}],"curies":[{"name":"wp","href":"https:\/\/api.w.org\/{rel}","templated":true}]}}