{"id":10500,"date":"2018-06-03T15:47:14","date_gmt":"2018-06-03T13:47:14","guid":{"rendered":"http:\/\/blogs.deia.eus\/anasagasti\/?p=10500"},"modified":"2018-06-03T15:47:14","modified_gmt":"2018-06-03T13:47:14","slug":"andrea-levy-nos-amenaza-en-casa-de-un-senor-no-elegido-una-bilbaina-en-la-moncloa-y-de-lo-mio-con-patatas","status":"publish","type":"post","link":"http:\/\/blogs.deia.eus\/anasagasti\/2018\/06\/03\/andrea-levy-nos-amenaza-en-casa-de-un-senor-no-elegido-una-bilbaina-en-la-moncloa-y-de-lo-mio-con-patatas\/","title":{"rendered":"Andrea Levy nos amenaza \u2013 En casa de un se\u00f1or no elegido \u2013 Una bilba\u00edna en la Moncloa &#8211; \u00bfY de lo m\u00edo? \u2013 Con patatas"},"content":{"rendered":"<p><strong>Domingo 3 de junio de 2018<\/strong><\/p>\n<p><strong>Andrea Levy nos amenaza<\/strong><\/p>\n<p><a href=\"http:\/\/blogs.deia.eus\/anasagasti\/2018\/06\/03\/andrea-levy-nos-amenaza-en-casa-de-un-senor-no-elegido-una-bilbaina-en-la-moncloa-y-de-lo-mio-con-patatas\/levy-con-la-bandera-y-el-escudo\/\" rel=\"attachment wp-att-10501\"><img loading=\"lazy\" decoding=\"async\" class=\"alignleft size-full wp-image-10501\" src=\"http:\/\/blogs.deia.eus\/anasagasti\/files\/2018\/06\/Levy-con-la-bandera-y-el-escudo.jpg\" alt=\"\" width=\"700\" height=\"415\" srcset=\"http:\/\/blogs.deia.eus\/anasagasti\/files\/2018\/06\/Levy-con-la-bandera-y-el-escudo.jpg 700w, http:\/\/blogs.deia.eus\/anasagasti\/files\/2018\/06\/Levy-con-la-bandera-y-el-escudo-580x344.jpg 580w\" sizes=\"auto, (max-width: 700px) 100vw, 700px\" \/><\/a>Andrea Levy, dirigente del PP en Catalunya y parlamentaria catalana, as\u00ed como cantante del himno de Marta S\u00e1nchez, nos amenaza con prescindir de las enmiendas aprobadas por el PP en los presupuestos en el Congreso, ahora que la ley est\u00e1 en el Senado y ellos tienen mayor\u00eda. Nos dice que hemos firmado la moci\u00f3n de censura contra Rajoy, cosa que no es verdad. La prueba es que no se supo nuestro voto sino hasta el final. Pero en su ignorancia nos amenaza con prescindir de los acuerdos porque ellos son gente seria. Demuestran que no lo son. El acuerdo del Grupo Vasco era con los Presupuestos no con la legislatura y nosotros cumplimos. Sin nuestros cinco votos, el PP no los hubiera aprobado en el Congreso. Y nosotros cumplimos largamente y eso nos cost\u00f3 una cr\u00edtica de mil decibelios.<\/p>\n<p>Est\u00e1n en su derecho de hacerlo pero enviar\u00edan un mensaje a los suyos del PP en Euzkadi horrible, como si no fueran vascos y tienen que pagar alg\u00fan crimen que no es de ellos as\u00ed como demostrar\u00edan su falta de estilo y machacar\u00edan a los que ya que hab\u00edan hecho ilusiones y demostrar\u00edan que no son un partido vasco.<\/p>\n<p>Que lo hagan.<\/p>\n<p><strong>En casa de un se\u00f1or no elegido <\/strong><\/p>\n<p>Cuando uno va a la casa de alguien, el anfitri\u00f3n te espera en la puerta y te lleva al sal\u00f3n. Eso ocurre con la gente normal. Pero este s\u00e1bado vimos lo anormal como modelo pero tambi\u00e9n lo normal como algo l\u00f3gico.<\/p>\n<p>Me refiero a la toma de posesi\u00f3n de Pedro S\u00e1nchez en La Zarzuela. En lugar de ser el rey quien recibiera a los invitados, fueron los invitados quienes en su casa (pagada por todos) recibieron al monarca en el gran sal\u00f3n quien adem\u00e1s lleg\u00f3 como si se hubiera tragado un palo de escoba para ser recibido por sus invitados. Se pone uno a pensar y estas cosas chocan ya que se les llena la boca diciendo que Espa\u00f1a tiene un r\u00e9gimen de monarqu\u00eda parlamentaria y el presidente, elegido por el parlamento, no promete su cargo en el parlamento que ser\u00eda lo l\u00f3gico, sino en casa de un se\u00f1or que nadie ha elegido.<\/p>\n<p>Este s\u00e1bado, vimos otra ceremonia, esta vez en Barcelona. All\u00ed, a sala llena, ante los presidentes del Parlamento y del Govern, los nuevos Consellers prometieron su cargo en el Palau. Estaban los tres ex presidentes vivos, Maragall, Montilla y Mas, pues Puigdemont est\u00e1 en Berl\u00edn y Pujol, el gran rey del mambo, en su casa seguramente lo ver\u00eda por la tele recordando sus 23 a\u00f1os al frente del invento. Pero la ceremonia ten\u00eda m\u00e1s fuste que la de La Zarzuela, con discurso de Torra, con el a\u00f1adido de la pancarta en el balc\u00f3n, como por aqu\u00ed se puso algo parecido pidiendo la paz cuando ETA hac\u00eda de las suyas.<\/p>\n<p>Me quedo con la ceremonia de Gernika. Al Lehendakari se le elige en el Parlamento Vasco y para la ceremonia oficial se va a otro parlamento, la sede de las Juntas Generales de Bizkaia en Gernika, y all\u00ed se procede a una ceremonia ante todo el parlamento vasco, familiares e invitados. Tiene todo m\u00e1s sentido. Yo, como Pedro S\u00e1nchez, cambiaba ese protocolo.<\/p>\n<p><strong>Una bilbaina<\/strong><\/p>\n<p>De Pozuelo de Alarc\u00f3n, donde hasta ahora ha vivido Pedro S\u00e1nchez con su esposa Bego\u00f1a G\u00f3mez Fern\u00e1ndez, a La Moncloa. A Bego\u00f1a se le notan las ganas a pesar de que dijo que no vivir\u00eda en ese palacete. Naci\u00f3 en Bilbao, tiene 43 a\u00f1os, y el nombre bilba\u00edno por excelencia, aunque ha vivido muy poco en la Villa. Su origen est\u00e1 en Valderas (Le\u00f3n) y se dedica a la captaci\u00f3n de fondos para ONGs como socia directora de Task Force, dando clases en la Complutense sobre esta actividad. Tienen dos hijas, Ainhoa y Carlota y le encanta le digan que van a ser los Obama del PSOE. \u00a1Horror!<\/p>\n<p>Prefiero la discreci\u00f3n de la esposa de Rajoy y del Lehendakari y que no importen el cargo de primera dama que es bastante machista. Que siga en lo suyo que ver\u00e1 como ahora se le abren todas las puertas.<\/p>\n<p><strong>\u00bfY de lo m\u00edo?.<\/strong><\/p>\n<p>Se le ve a Pablo Iglesias nervioso. \u00bfQu\u00e9 hay de lo m\u00edo? parece decirle a S\u00e1nchez porque de hecho ya le ha dicho que \u00e9l aporta 67 diputados a la estabilidad pol\u00edtica. De entrada ha pedido RTVE y la agencia EFE. Tiene experiencia con Fort Apache y La Tuerka y una cosa es la neutralidad del Ente y otra que caiga en sus manos para que la convierta en la Sexta, colaboradora medi\u00e1tica habitual de Podemos con Farreras y Pastor. Yo creo que el \u00fanico que pod\u00eda ser ministro de ese grupo es el militar del Jemad en el ministerio de Defensa. Pero me da que lo van a seguir dejando chupando banquillo. Mientras sigan gritando \u201c\u00a1\u00a1\u00a1s\u00ed se puede!!! Y levantando el pu\u00f1o, ahuyentan al m\u00e1s pintado. \u00bfAprender\u00e1n unos m\u00ednimos modales democr\u00e1ticos?. Lo malo es que la frase no es de Iglesias sino de Obama con su\u201d Yes, we can\u201d y lo malo por cursi es que Iglesias se cree el nuevo Obama de Vallecas, con dacha en Galapagar.<\/p>\n<p>Por cierto Monedero ha tenido que pedir excusas por su insoportable machismo con Soraya S\u00e1enz de Santamar\u00eda cuando le dijo aquello de que se alegraba se fueran. Monedero es un macarra y si eso lo hubiera hecho Rafa Hernando del PP con Irene Montero de Podemos ten\u00edamos montada la II Guerra Mundial. \u00bfPor qu\u00e9 las mujeres de izquierda no protestan contra este sujeto?. \u00bfPor qu\u00e9 esa doble vara de medir?.<\/p>\n<p><strong>Con patatas<\/strong><\/p>\n<p>Rajoy le dijo a sus opositores que muchas de las cosas que hab\u00edan dicho se las iban a tener que comer con patatas. La maldita hemeroteca tiene frases para dar y tirar. S\u00e1nchez le describi\u00f3 a Torra como un nazi y en su d\u00eda dijo de Pablo Iglesias que el populismo desemboca en el chavismo y, su mano derecha, Abalos expres\u00f3 que con los independentistas que son desestabilizadores, ni a heredar. Ya ven. La pol\u00edtica hace extra\u00f1os compa\u00f1eros de cama. Como los arrumakos al PNV diciendo que ser\u00e1 socio preferente. Ya veremos.<\/p>\n<p>Quien no est\u00e1 por la labor de reconocer nada es Federico Jim\u00e9nez Losantos que ya ha bautizado al nuevo gobierno como el del Frente Popular. Y es que todo es muy raro. El candidato no era diputado, dirig\u00eda el segundo partido en la c\u00e1mara no el primero, se gana por primera vez una moci\u00f3n de censura, no pacta programa alguno, le apoyan 25 partidos de cada padre y de cada madre, no tiene el control del senado, ni de la Mesa del Congreso, Bildu vota por primera vez a alguien que apoy\u00f3 el 155, y encima le tienen a Od\u00f3n Elorza haciendo amigos, levantando el pu\u00f1o y crey\u00e9ndose Robert Redford. Todo como muy raro.<\/p>\n<!-- AddThis Advanced Settings generic via filter on the_content --><!-- AddThis Share Buttons generic via filter on the_content -->","protected":false},"excerpt":{"rendered":"<p>Domingo 3 de junio de 2018 Andrea Levy nos amenaza Andrea Levy, dirigente del PP en Catalunya y parlamentaria catalana, as\u00ed como cantante del himno de Marta S\u00e1nchez, nos amenaza con prescindir de las enmiendas aprobadas por el PP en los presupuestos en el Congreso, ahora que la ley est\u00e1 en el Senado y ellos &hellip; <a href=\"http:\/\/blogs.deia.eus\/anasagasti\/2018\/06\/03\/andrea-levy-nos-amenaza-en-casa-de-un-senor-no-elegido-una-bilbaina-en-la-moncloa-y-de-lo-mio-con-patatas\/\" class=\"more-link\">Sigue leyendo <span class=\"screen-reader-text\">Andrea Levy nos amenaza \u2013 En casa de un se\u00f1or no elegido \u2013 Una bilba\u00edna en la Moncloa &#8211; \u00bfY de lo m\u00edo? \u2013 Con patatas<\/span><\/a><!-- AddThis Advanced Settings generic via filter on get_the_excerpt --><!-- AddThis Share Buttons generic via filter on get_the_excerpt --><\/p>\n","protected":false},"author":19,"featured_media":0,"comment_status":"open","ping_status":"open","sticky":false,"template":"","format":"standard","meta":{"footnotes":""},"categories":[1],"tags":[],"class_list":["post-10500","post","type-post","status-publish","format-standard","hentry","category-general"],"_links":{"self":[{"href":"http:\/\/blogs.deia.eus\/anasagasti\/wp-json\/wp\/v2\/posts\/10500","targetHints":{"allow":["GET"]}}],"collection":[{"href":"http:\/\/blogs.deia.eus\/anasagasti\/wp-json\/wp\/v2\/posts"}],"about":[{"href":"http:\/\/blogs.deia.eus\/anasagasti\/wp-json\/wp\/v2\/types\/post"}],"author":[{"embeddable":true,"href":"http:\/\/blogs.deia.eus\/anasagasti\/wp-json\/wp\/v2\/users\/19"}],"replies":[{"embeddable":true,"href":"http:\/\/blogs.deia.eus\/anasagasti\/wp-json\/wp\/v2\/comments?post=10500"}],"version-history":[{"count":2,"href":"http:\/\/blogs.deia.eus\/anasagasti\/wp-json\/wp\/v2\/posts\/10500\/revisions"}],"predecessor-version":[{"id":10503,"href":"http:\/\/blogs.deia.eus\/anasagasti\/wp-json\/wp\/v2\/posts\/10500\/revisions\/10503"}],"wp:attachment":[{"href":"http:\/\/blogs.deia.eus\/anasagasti\/wp-json\/wp\/v2\/media?parent=10500"}],"wp:term":[{"taxonomy":"category","embeddable":true,"href":"http:\/\/blogs.deia.eus\/anasagasti\/wp-json\/wp\/v2\/categories?post=10500"},{"taxonomy":"post_tag","embeddable":true,"href":"http:\/\/blogs.deia.eus\/anasagasti\/wp-json\/wp\/v2\/tags?post=10500"}],"curies":[{"name":"wp","href":"https:\/\/api.w.org\/{rel}","templated":true}]}}