{"id":10504,"date":"2018-06-04T20:35:35","date_gmt":"2018-06-04T18:35:35","guid":{"rendered":"http:\/\/blogs.deia.eus\/anasagasti\/?p=10504"},"modified":"2018-06-04T20:38:20","modified_gmt":"2018-06-04T18:38:20","slug":"un-relato-olvidado-nervacero-hb-y-leizaola","status":"publish","type":"post","link":"http:\/\/blogs.deia.eus\/anasagasti\/2018\/06\/04\/un-relato-olvidado-nervacero-hb-y-leizaola\/","title":{"rendered":"Un relato olvidado: Nervacero, HB y Leizaola"},"content":{"rendered":"<p><strong>Lunes 4 de junio de 2018<\/strong><\/p>\n<p><a href=\"http:\/\/blogs.deia.eus\/anasagasti\/2018\/06\/04\/un-relato-olvidado-nervacero-hb-y-leizaola\/nervacero\/\" rel=\"attachment wp-att-10506\"><img loading=\"lazy\" decoding=\"async\" class=\"alignleft  wp-image-10506\" src=\"http:\/\/blogs.deia.eus\/anasagasti\/files\/2018\/06\/Nervacero.png\" alt=\"\" width=\"644\" height=\"279\" srcset=\"http:\/\/blogs.deia.eus\/anasagasti\/files\/2018\/06\/Nervacero.png 600w, http:\/\/blogs.deia.eus\/anasagasti\/files\/2018\/06\/Nervacero-580x251.png 580w\" sizes=\"auto, (max-width: 644px) 100vw, 644px\" \/><\/a>Pocos saben que el estatuto catal\u00e1n, una vez aprobado, se rubric\u00f3 en la Diputaci\u00f3n de Gipuzkoa en 1932. Hac\u00edan honor al Pacto de San Sebastian, dos a\u00f1os antes, y a dicha firma viaj\u00f3 desde Madrid el Presidente de la Rep\u00fablica Niceto Alcal\u00e1 Zamora as\u00ed como los l\u00edderes republicanos y nacionalistas, entre ellos el donostiarra Leizaola que era diputado y que cuando vio en el balc\u00f3n la bandera republicana y la catalana, pero no la vasca, consigui\u00f3 una inmensa ikurri\u00f1a y sali\u00f3 al balc\u00f3n enarbol\u00e1ndola entre el aplauso enfervorizado de los que abajo segu\u00edan la ceremonia.<\/p>\n<p>En tiempos de Gonz\u00e1lez de Txabarri como Diputado General, le encargaron al escultor azkoitiarra Sebas Larra\u00f1aga, el autor de la estatua de Sabino Arana sita en Albia que esculpiera una escultura dedicada al segundo lehendakari de Euzkadi y antiguo secretario de la Diputaci\u00f3n. La escultura se hac\u00eda, como en Bilbao con Aguirre, para colocarla a pie de calle mirando al mar ya que Leizaola dec\u00eda que la pol\u00edtica era como el mar en su movimiento inestable siendo dif\u00edcil pisar tierra firme. Parece ser que al alcalde Od\u00f3n Elorza no le gust\u00f3 aquella iniciativa para ser colocada en la Zurriola y la obra qued\u00f3 dentro de la Diputaci\u00f3n en la antesala al despacho del Diputado General, pero su lugar era fuera, nunca encerrada y para ser vista solo por minor\u00edas.<\/p>\n<p>Traigo a colaci\u00f3n este hecho al recordar al ex Lehendakari Leizaola enfrent\u00e1ndose con argumentos a los obreros de Nervacero en la Diputaci\u00f3n de Bizkaia, cuando all\u00ed funcionaba el Parlamento Vasco al cumplirse este mes el 38 aniversario de aquel esperp\u00e9ntico y grave suceso. Y es que creo que no podemos ir olvidando pasajes de lo ocurrido, porque al final todo este mundo que apoy\u00f3 la violencia va a terminar recibiendo el Premio Nobel de la Paz y a los que apostamos inmediatamente por la convivencia y las instituciones se nos va a decir que rompimos nuestra \u201cpalabra de vasco\u201d argumento utilizado estos d\u00edas contra el PNV sin el menor sonrojo.<\/p>\n<p>El a\u00f1o 1980 fue un a\u00f1o clave y terrible. Elegimos el segundo gobierno vasco de nuestra historia, nos ausentamos de las Cortes a cuenta del bloqueo al estatuto y el concierto, ETA mat\u00f3 a una persona cada tres d\u00edas, el partido del gobierno espa\u00f1ol (UCD) se desangraba en peleas diarias, los militares incubaban el golpe de estado, y los obreros de Nervacero invad\u00edan el Parlamento Vasco que funcionaba en la sala de juntas de la Diputaci\u00f3n de Bizkaia. Demasiado para un beb\u00e9 reci\u00e9n nacido.<\/p>\n<p>Est\u00e1bamos los parlamentarios en nuestros pupitres cuando la irrupci\u00f3n imprevista y violenta en el Pleno de varios cientos de tra\u00adbajadores de Nervacero que, visible\u00admente alterados y profiriendo insultos: \u00ab\u00a1Fascistas!\u00bb, \u201c\u00a1Cabrones!\u00bb, a miembros del Gobierno Vasco y parlamentarios vascos, dio lugar, el 26 de junio de 1980, a graves incidentes.<\/p>\n<p>Eso origin\u00f3 la escena sicod\u00e9lica de la llegada de cuatro n\u00fameros de la polic\u00eda (no exist\u00eda la Ertzaintza) que, en persecuci\u00f3n a los trabajadores de Nervacero irrumpieron a porrazos en el recinto donde est\u00e1bamos a punto de iniciar el Pleno, produciendo una gran tensi\u00f3n. Parte de los trabajadores hab\u00edan tomado ya posiciones sobre las mesas y hab\u00edan alcanzado la tribuna, en la que se situaba la mesa del Parlamento, cuando los miembros de las FOP (un cabo y tres n\u00fameros) actuaron violentamente arrastrando hacia fuera de la sala a los trabajadores que quedaban a su alcance, produ\u00adci\u00e9ndose enfrentamientos que dieron lugar a varios heridos de diversa consideraci\u00f3n.<\/p>\n<p>Inmediatamente la Mesa del Parlamento exigi\u00f3 a los n\u00fameros que abandonaran el recinto, cosa que hicieron, mientras en las proximidades de la Diputaci\u00f3n montaba vigilancia una importante dotaci\u00f3n en una decena de furgonetas. La primera interpelaci\u00f3n de los trabajadores, muy alterados y sin que se distinguiese ning\u00fan portavoz, fue exigir que se fuera la polic\u00eda de las inmediaciones del palacio. Se hab\u00eda producido ya un notable desorden en la sala y los trabajadores, subidos a las mesas, increpaban incesantemente al Parlamento y al Gobierno Vasco.<\/p>\n<p>Los trabajadores continuaban pi\u00addiendo a gritos que el Gobierno Vasco hi\u00adciese la gesti\u00f3n de que se fueran las FOP. Un grupo acompa\u00f1\u00f3 al reci\u00e9n elegido Lehendakari Garaikoetxea hasta la calle (momento antes en tono amenazador nos hab\u00edan dicho \u00a1de aqu\u00ed no sale nadie!) donde el lehendakari, parlament\u00f3 con el mando de la dotaci\u00f3n solicit\u00e1ndole que se marcha\u00adra y mientras varios parlamentarios hablaban con la polic\u00eda Garaikoetxea, dirigi\u00e9ndose a los trabajadores en la sala de sesiones del Parlamento, declar\u00f3 que era evidente que la comunidad aut\u00f3noma no ten\u00eda competencias y, si el propio presidente del Go\u00adbierno vasco no pod\u00eda ordenar la reti\u00adrada de las FOP, era evidente que todav\u00eda las decisiones no estaban en sus manos.<\/p>\n<p>Los trabajadores de Nervacero, a trav\u00e9s de varias intervenciones, exigieron explicaciones de Garc\u00eda Egocheaga y Mario Fern\u00e1ndez, los dos directamente implicados en las negociaciones en el conflicto de Nervacero. El consejero de Industria, entre in\u00adsultos e improperios, inici\u00f3 su explicaci\u00f3n del proceso. Record\u00f3 las ges\u00adtiones en el mes de marzo para conseguir los 1.100 millones necesarios para llevar a cabo un plan de viabili\u00addad y la presentaci\u00f3n de la necesaria documentaci\u00f3n para obtener el cr\u00e9\u00addito del Banco de Cr\u00e9dito Industrial. Aludi\u00f3 a las irregularidades halladas en los procesos administrativos de la empresa, lo que dio lugar a retrasos en la soluci\u00f3n.<\/p>\n<p>Nuevamente los trabajadores, que segu\u00edan en pie sobre las mesas del Parlamento, insultaron a Garc\u00eda Egocheaga, llam\u00e1ndole mentiroso y gritando: \u201c\u00a1Estamos hasta los cojones de que los pol\u00edticos vivan de puta madre a nuestra costa y encima nos enga\u00f1en constantemente\u201d.<\/p>\n<p>Los trabajadores empezaron a poner condiciones para salir de la sala y \u201cpermitir que se reuniera el Parlamento y resolviera su problema\u00bb y mientras una comisi\u00f3n de la empresa vigilaba el desarrollo de la sesi\u00f3n.<\/p>\n<p>En esa clima tom\u00f3 la palabra Jes\u00fas Mar\u00eda de Leizaola &#8211; interrumpido en varias ocasiones por los improperios de los presentes, que no reconocieron al tantos a\u00f1os lehendakari &#8211; para recordar los dif\u00edciles momentos de la anteguerra, en los que fueron precisos muchos sacrificios para sobrevivir, lo mismo que en las etapas posteriores. \u201cPor mi edad deber\u00eda haberme retirado, pero si algo me impuls\u00f3 a seguir en la brecha, fueron precisamente los graves problemas de la crisis y el paro. Os digo ahora: el Parlamento vasco no puede deliberar en estas condiciones; tiene que adoptar los acuerdos con libertad\u201d. Record\u00f3 que precisamente uno de los primeros puntos del orden del d\u00eda del abortado Pleno era relativo al empleo, y que lo m\u00e1s grave en democracia era interrumpir la labor de un parlamento que siempre debe deliberar sin coacciones de absolutamente nadie.<\/p>\n<p>Lo m\u00e1s ignominioso de aquella tarde aciaga fue la llegada de representantes de HB y EMK que, como buitres carro\u00f1eros, ya que no acud\u00edan al parlamento, hicieron su valoraci\u00f3n de la situaci\u00f3n. Los grupos que, habitualmente desarroll\u00e1bamos la pol\u00edtica parlamentaria mostramos nuestro desa\u00adgrado por la irrupci\u00f3n de aquellos antisistema y de la interpretaci\u00f3n que los mencionados grupos intentaban hacer de los hechos. Los trabajadores les dieron la palabra pero tambi\u00e9n tuvieron que oir que nunca les hab\u00edan interesado los problemas de Nervacero ni iban a colaborar en la soluci\u00f3n de su situaci\u00f3n.<\/p>\n<p>Eran ya casi las diez de la noche y, mientras los trabajadores decid\u00edan en qu\u00e9 orden ir\u00edan a la calle para comer bocadillos, el Gobierno se reun\u00eda con la Junta de Portavoces y con el Co\u00admit\u00e9 de F\u00e1brica. Los partidos se reun\u00edan tambi\u00e9n, por su parte, tratando de salir de la dif\u00edcil situaci\u00f3n.<\/p>\n<p>La profunda preocupaci\u00f3n y amar\u00adgura de la mayor\u00eda de los pol\u00edticos era evidente. Mitxel Unzueta valoraba lo sucedido como un verdadero test al convencimiento democr\u00e1tico del pue\u00adblo. \u00abEn el templo, en el que la \u00fanica fuerza que debe imperar es la de los argumentos expresados con entera libertad, se produce una colisi\u00f3n de dos fuerzas que ejercen la coacci\u00f3n f\u00edsica\u00bb.<\/p>\n<p>Al final por agotamiento, por el llamamiento hecho por parte del PNV a su servicio de orden que rode\u00f3 la Diputaci\u00f3n, y al temor a ser procesados el caso es que salimos de all\u00ed a las tres de la madrugada, incr\u00e9dulos y entristecidos.<\/p>\n<p>Fue todo de principio a fin un desprop\u00f3sito fruto de aquel a\u00f1o ochenta, de la incultura pol\u00edtica, de la crisis, del no tener instrumentos el gobierno para abordar situaciones como las de Nervacero enconadas por dirigentes sindicales insolventes, y que dio lugar a una manifestaci\u00f3n a los pocos d\u00edas en defensa y apoyo de las instituciones vascas donde, como consecuencia de una patada, mataron al afiliado del PNV, Ram\u00f3n Bego\u00f1a.<\/p>\n<p>Afortunadamente no se ha vuelto a repetir nada semejante qued\u00e1ndome de aquel d\u00eda grabados en la retina la imagen de la irrupci\u00f3n de los dirigentes de HB Javier Onanidia y Jon Idigoras junto a Rosa Olivares, en plan destructivo y la dignidad del Lehendakari Leizaola recordando sus a\u00f1os de diputado durante la Rep\u00fablica dando una lecci\u00f3n magistral a los presentes desde la autoridad de su magisterio ciudadano y democr\u00e1tico.<\/p>\n<p>&nbsp;<\/p>\n<p>.<\/p>\n<p>.<\/p>\n<!-- AddThis Advanced Settings generic via filter on the_content --><!-- AddThis Share Buttons generic via filter on the_content -->","protected":false},"excerpt":{"rendered":"<p>Lunes 4 de junio de 2018 Pocos saben que el estatuto catal\u00e1n, una vez aprobado, se rubric\u00f3 en la Diputaci\u00f3n de Gipuzkoa en 1932. Hac\u00edan honor al Pacto de San Sebastian, dos a\u00f1os antes, y a dicha firma viaj\u00f3 desde Madrid el Presidente de la Rep\u00fablica Niceto Alcal\u00e1 Zamora as\u00ed como los l\u00edderes republicanos y &hellip; <a href=\"http:\/\/blogs.deia.eus\/anasagasti\/2018\/06\/04\/un-relato-olvidado-nervacero-hb-y-leizaola\/\" class=\"more-link\">Sigue leyendo <span class=\"screen-reader-text\">Un relato olvidado: Nervacero, HB y Leizaola<\/span><\/a><!-- AddThis Advanced Settings generic via filter on get_the_excerpt --><!-- AddThis Share Buttons generic via filter on get_the_excerpt --><\/p>\n","protected":false},"author":19,"featured_media":0,"comment_status":"open","ping_status":"open","sticky":false,"template":"","format":"standard","meta":{"footnotes":""},"categories":[1],"tags":[],"class_list":["post-10504","post","type-post","status-publish","format-standard","hentry","category-general"],"_links":{"self":[{"href":"http:\/\/blogs.deia.eus\/anasagasti\/wp-json\/wp\/v2\/posts\/10504","targetHints":{"allow":["GET"]}}],"collection":[{"href":"http:\/\/blogs.deia.eus\/anasagasti\/wp-json\/wp\/v2\/posts"}],"about":[{"href":"http:\/\/blogs.deia.eus\/anasagasti\/wp-json\/wp\/v2\/types\/post"}],"author":[{"embeddable":true,"href":"http:\/\/blogs.deia.eus\/anasagasti\/wp-json\/wp\/v2\/users\/19"}],"replies":[{"embeddable":true,"href":"http:\/\/blogs.deia.eus\/anasagasti\/wp-json\/wp\/v2\/comments?post=10504"}],"version-history":[{"count":2,"href":"http:\/\/blogs.deia.eus\/anasagasti\/wp-json\/wp\/v2\/posts\/10504\/revisions"}],"predecessor-version":[{"id":10507,"href":"http:\/\/blogs.deia.eus\/anasagasti\/wp-json\/wp\/v2\/posts\/10504\/revisions\/10507"}],"wp:attachment":[{"href":"http:\/\/blogs.deia.eus\/anasagasti\/wp-json\/wp\/v2\/media?parent=10504"}],"wp:term":[{"taxonomy":"category","embeddable":true,"href":"http:\/\/blogs.deia.eus\/anasagasti\/wp-json\/wp\/v2\/categories?post=10504"},{"taxonomy":"post_tag","embeddable":true,"href":"http:\/\/blogs.deia.eus\/anasagasti\/wp-json\/wp\/v2\/tags?post=10504"}],"curies":[{"name":"wp","href":"https:\/\/api.w.org\/{rel}","templated":true}]}}