{"id":10509,"date":"2018-06-05T20:11:46","date_gmt":"2018-06-05T18:11:46","guid":{"rendered":"http:\/\/blogs.deia.eus\/anasagasti\/?p=10509"},"modified":"2018-06-05T20:11:46","modified_gmt":"2018-06-05T18:11:46","slug":"un-bonito-y-muy-interesante-libro","status":"publish","type":"post","link":"http:\/\/blogs.deia.eus\/anasagasti\/2018\/06\/05\/un-bonito-y-muy-interesante-libro\/","title":{"rendered":"Un bonito y muy interesante libro"},"content":{"rendered":"<p><strong>Martes 5 de junio de 2018<\/strong><\/p>\n<p><a href=\"http:\/\/blogs.deia.eus\/anasagasti\/2018\/06\/05\/un-bonito-y-muy-interesante-libro\/presentacioon-libro-lombana\/\" rel=\"attachment wp-att-10510\"><img loading=\"lazy\" decoding=\"async\" class=\"alignleft size-full wp-image-10510\" src=\"http:\/\/blogs.deia.eus\/anasagasti\/files\/2018\/06\/Presentacio\u00f3n-libro-lombana.jpg\" alt=\"\" width=\"1710\" height=\"1330\" srcset=\"http:\/\/blogs.deia.eus\/anasagasti\/files\/2018\/06\/Presentacio\u00f3n-libro-lombana.jpg 1710w, http:\/\/blogs.deia.eus\/anasagasti\/files\/2018\/06\/Presentacio\u00f3n-libro-lombana-580x451.jpg 580w, http:\/\/blogs.deia.eus\/anasagasti\/files\/2018\/06\/Presentacio\u00f3n-libro-lombana-768x597.jpg 768w, http:\/\/blogs.deia.eus\/anasagasti\/files\/2018\/06\/Presentacio\u00f3n-libro-lombana-940x731.jpg 940w\" sizes=\"auto, (max-width: 1710px) 100vw, 1710px\" \/><\/a>Josu Erkoreka e I\u00f1aki Anasagasti presentar\u00e1n la edici\u00f3n en castellano de su libro \u201cJos\u00e9 Luis de la Lombana. Un patriota vasco en Nueva York\u201d<\/p>\n<p>El 7 de junio, jueves, en Sabino Arana Fundazioa, a las 19:30 horas.<\/p>\n<p>El portavoz del Gobierno Vasco y Consejero de Gobernanza P\u00fablica y Autogobierno, Josu Erkoreka, y el parlamentario I\u00f1aki Anasagasti, presentar\u00e1n el pr\u00f3ximo jueves, 7 de junio, a partir de las 19:30 horas, en Sabino Arana Fundazioa, la edici\u00f3n en castellano de su libro \u201cJos\u00e9 Luis de la Lombana. Un patriota vasco en Nueva York\u201d\u00b7 En el acto tambi\u00e9n intervendr\u00e1 el editor de la publicaci\u00f3n, adem\u00e1s de doctor en Historia y director del Centro de Estudios Vascos de la Universidad de Nevada (Reno), Xabier Irujo.<\/p>\n<p>\u201cUn patriota vasco en Nueva York\u201d recoge la incre\u00edble trayectoria de Jos\u00e9 Luis de la Lombana, un joven patriota y activista del Partido Nacionalista Vasco, nacido en Vitoria-Gasteiz en el seno de una familia cuyo padre era militar, que durante los a\u00f1os de la Guerra Civil y la dictadura realiz\u00f3 una gran labor antifranquista reclamando la paz para Europa y las libertades para Euskadi.<\/p>\n<p>Anasagasti y Erkoreka, autores de varias monograf\u00edas sobre la historia contempor\u00e1nea de Euskadi y del Gobierno vasco, con la colaboraci\u00f3n de Xabier Irujo detallan en el libro la trayectoria vital de Lombana, desde su educaci\u00f3n en Madrid, la resistencia al golpe militar que llev\u00f3 a la Guerra Civil de 1936 y su encarcelaci\u00f3n en Vitoria, su huida a Francia, el activismo en Barcelona \u2013donde trabaj\u00f3 como editor del diario nacionalista <em>Euzkadi<\/em>&#8211; apoyando al Gobierno vasco en el exilio, y, finalmente, su exilio.<\/p>\n<p><strong><u>II Congreso Mundial de Juventudes por la Paz<\/u><\/strong><\/p>\n<p>Jos\u00e9 Luis de la Lombana y Foncea fue uno de los delegados del PNV en el II Congreso Mundial de Juventudes por la Paz, celebrado en Nueva York en 1938, en plena Guerra Civil, hace ahora ochenta a\u00f1os. Durante su per\u00edodo de activismo en Estados Unidos, Lombana realiz\u00f3 innumerables observaciones sobre la sociedad estadounidense y los vascos norteamericanos estableciendo puentes entre distintas agrupaciones norteamericanas y los vascos. Todo ello en el marco de un complejo y tumultuoso per\u00edodo tanto en Estados Unidos como en el resto del mundo.<\/p>\n<p>En Nueva York, Lombana se encontr\u00f3 con una sociedad que no estaba tan desinformada sobre la contienda y los vascos. Los neoyorkinos hab\u00edan seguido a trav\u00e9s de la prensa los avatares de la guerra y hab\u00edan llegado a formarse un criterio bastante claro en torno a la realidad vasca. Pero en la fotograf\u00eda de situaci\u00f3n que Lombana esboz\u00f3 tras el viaje predomina un toque pesimista. A su juicio era poco lo que se pod\u00eda hacer desde Am\u00e9rica. Muy poco. Tanto geogr\u00e1fica como intelectualmente, los EE.UU. se sent\u00edan lejos de Europa y de sus problemas sociales, culturales y pol\u00edticos. Y, por lo tanto, muy poco se pod\u00eda hacer desde all\u00ed para salvar a la Rep\u00fablica y a Euskadi.<\/p>\n<p>En el libro se analizan tambi\u00e9n los primeros a\u00f1os de la delegaci\u00f3n del Gobierno vasco en Nueva York, tres a\u00f1os antes de la llegada del lehendakari Agirre escapando de los nazis en la Segunda Guerra Mundial. Tambi\u00e9n se relatan los esfuerzos para apoyar al Gobierno vasco en Francia y en Estados Unidos y el tema de la propaganda tanto a favor del nacionalismo vasco como de los sublevados. Tambi\u00e9n aparece la creaci\u00f3n de la Junta Extraterritorial del PNV en Nueva York. En conjunto, a trav\u00e9s de la historia de este jelkide, que al finalizar la Guerra Civil se exili\u00f3 en Colombia donde prosigui\u00f3 colaborando por las libertades vascas.<\/p>\n<p>Erkoreka y Anasagasti basan buena parte de su relato en un informe in\u00e9dito escrito por el propio Lombana durante su estancia en los Estados Unidos.<\/p>\n<!-- AddThis Advanced Settings generic via filter on the_content --><!-- AddThis Share Buttons generic via filter on the_content -->","protected":false},"excerpt":{"rendered":"<p>Martes 5 de junio de 2018 Josu Erkoreka e I\u00f1aki Anasagasti presentar\u00e1n la edici\u00f3n en castellano de su libro \u201cJos\u00e9 Luis de la Lombana. Un patriota vasco en Nueva York\u201d El 7 de junio, jueves, en Sabino Arana Fundazioa, a las 19:30 horas. El portavoz del Gobierno Vasco y Consejero de Gobernanza P\u00fablica y Autogobierno, &hellip; <a href=\"http:\/\/blogs.deia.eus\/anasagasti\/2018\/06\/05\/un-bonito-y-muy-interesante-libro\/\" class=\"more-link\">Sigue leyendo <span class=\"screen-reader-text\">Un bonito y muy interesante libro<\/span><\/a><!-- AddThis Advanced Settings generic via filter on get_the_excerpt --><!-- AddThis Share Buttons generic via filter on get_the_excerpt --><\/p>\n","protected":false},"author":19,"featured_media":0,"comment_status":"open","ping_status":"open","sticky":false,"template":"","format":"standard","meta":{"footnotes":""},"categories":[1],"tags":[],"class_list":["post-10509","post","type-post","status-publish","format-standard","hentry","category-general"],"_links":{"self":[{"href":"http:\/\/blogs.deia.eus\/anasagasti\/wp-json\/wp\/v2\/posts\/10509","targetHints":{"allow":["GET"]}}],"collection":[{"href":"http:\/\/blogs.deia.eus\/anasagasti\/wp-json\/wp\/v2\/posts"}],"about":[{"href":"http:\/\/blogs.deia.eus\/anasagasti\/wp-json\/wp\/v2\/types\/post"}],"author":[{"embeddable":true,"href":"http:\/\/blogs.deia.eus\/anasagasti\/wp-json\/wp\/v2\/users\/19"}],"replies":[{"embeddable":true,"href":"http:\/\/blogs.deia.eus\/anasagasti\/wp-json\/wp\/v2\/comments?post=10509"}],"version-history":[{"count":2,"href":"http:\/\/blogs.deia.eus\/anasagasti\/wp-json\/wp\/v2\/posts\/10509\/revisions"}],"predecessor-version":[{"id":10512,"href":"http:\/\/blogs.deia.eus\/anasagasti\/wp-json\/wp\/v2\/posts\/10509\/revisions\/10512"}],"wp:attachment":[{"href":"http:\/\/blogs.deia.eus\/anasagasti\/wp-json\/wp\/v2\/media?parent=10509"}],"wp:term":[{"taxonomy":"category","embeddable":true,"href":"http:\/\/blogs.deia.eus\/anasagasti\/wp-json\/wp\/v2\/categories?post=10509"},{"taxonomy":"post_tag","embeddable":true,"href":"http:\/\/blogs.deia.eus\/anasagasti\/wp-json\/wp\/v2\/tags?post=10509"}],"curies":[{"name":"wp","href":"https:\/\/api.w.org\/{rel}","templated":true}]}}