{"id":1330,"date":"2011-07-06T20:11:39","date_gmt":"2011-07-06T18:11:39","guid":{"rendered":"http:\/\/blogs.deia.com\/anasagasti\/?p=1330"},"modified":"2011-07-06T20:11:39","modified_gmt":"2011-07-06T18:11:39","slug":"el-senado-pide-incorporar-al-registro-a-los-desaparecidos-del-franquismo","status":"publish","type":"post","link":"https:\/\/blogs.deia.eus\/anasagasti\/2011\/07\/06\/el-senado-pide-incorporar-al-registro-a-los-desaparecidos-del-franquismo\/","title":{"rendered":"El Senado pide incorporar al registro a los desaparecidos del Franquismo"},"content":{"rendered":"<p><a href=\"http:\/\/blogs.deia.com\/anasagasti\/files\/2011\/07\/Fosas-comunes.jpg\"><img loading=\"lazy\" decoding=\"async\" class=\"alignleft size-full wp-image-1331\" src=\"http:\/\/blogs.deia.com\/anasagasti\/files\/2011\/07\/Fosas-comunes.jpg\" alt=\"\" width=\"272\" height=\"186\" \/><\/a>El Senado aprob\u00f3 en el \u00faltimo pleno que los desaparecidos de la Guerra Civil y la dictadura -fusilados y arrojados a fosas comunes- sean inscritos como fallecidos en el Registro Civil. La medida, presentada como una enmienda del Grupo Socialista al proyecto de Ley de Registro Civil, fue aprobada por 125 votos a favor y 114 en contra. Debe ser ratificada en el Congreso para incorporarse a la ley. El partido popular vot\u00f3 en contra. Nada nuevo.<\/p>\n<p>Esta era una vieja reivindicaci\u00f3n de las asociaciones de memoria hist\u00f3rica. La ley exige la comprobaci\u00f3n cierta del fallecimiento por testigos presenciales u otras pruebas dif\u00edciles de aportar por los familiares de los desaparecidos del franquismo. La enmienda aten\u00faa el rigor de la prueba de defunci\u00f3n para que estas personas, que ya est\u00e1n inscritas como nacidas, puedan estarlo tambi\u00e9n como fallecidas.<\/p>\n<p>El Senado tambi\u00e9n aprob\u00f3 extender la concesi\u00f3n de la nacionalidad espa\u00f1ola a los nietos de las exiliadas que perdieron la suya tras casarse con un extranjero.<\/p>\n<p>Hoy se ha abierto una fosa com\u00fan en Burgos. All\u00ed estaba Pako Etxeberria haciendo un magn\u00edfico trabajo con la Fundaci\u00f3n Aranzadi y con las gentes del lugar que sab\u00edan, por comentarios familiares, donde estaban sus deudos. Pero esto carece de importancia para el PP.<\/p>\n<p>Este partido ha presentado una moci\u00f3n en Ermua para que Bildu se moje en relaci\u00f3n a ETA. No les dan ni los cien d\u00edas. Y, la verdad, no entiendo como Bildu, no le dice a ETA que desaparezca cuando el propio Arnaldo Otegi lo dijo la semana pasada en la Audiencia Nacional. Pero al PP, en el fondo le importa un pito que Bildu condene o no a ETA, lo \u00fanico \u00a0que quiere es ponerle en dificultades al ministro del interior Alfredo P\u00e9rez Rubalcaba, su nueva diana electoral. Es lo \u00fanico que busca porque puestos a condenar \u00a0terrorismos varios, condenemos la sublevaci\u00f3n militar de hace\u00a0 76 a\u00f1os, la ca\u00edda de Bilbao hace 75, la guerra civil, las masacres franquistas, las fosas comunes, los ni\u00f1os robados. No, eso no. Solo el jueguito del impresentable Basagoiti con ETA, para meterle el dedo en el ojo a Don Alfredo. \u00a1Y que haya medios que les sigan la corriente!.<\/p>\n<!-- AddThis Advanced Settings generic via filter on the_content --><!-- AddThis Share Buttons generic via filter on the_content -->","protected":false},"excerpt":{"rendered":"<p>El Senado aprob\u00f3 en el \u00faltimo pleno que los desaparecidos de la Guerra Civil y la dictadura -fusilados y arrojados a fosas comunes- sean inscritos como fallecidos en el Registro Civil. La medida, presentada como una enmienda del Grupo Socialista al proyecto de Ley de Registro Civil, fue aprobada por 125 votos a favor y &hellip; <a href=\"https:\/\/blogs.deia.eus\/anasagasti\/2011\/07\/06\/el-senado-pide-incorporar-al-registro-a-los-desaparecidos-del-franquismo\/\" class=\"more-link\">Sigue leyendo <span class=\"screen-reader-text\">El Senado pide incorporar al registro a los desaparecidos del Franquismo<\/span><\/a><!-- AddThis Advanced Settings generic via filter on get_the_excerpt --><!-- AddThis Share Buttons generic via filter on get_the_excerpt --><\/p>\n","protected":false},"author":19,"featured_media":0,"comment_status":"open","ping_status":"open","sticky":false,"template":"","format":"standard","meta":{"footnotes":""},"categories":[1],"tags":[4990,4564,4991],"class_list":["post-1330","post","type-post","status-publish","format-standard","hentry","category-general","tag-aranzadi","tag-basagoiti","tag-fosas-comunes"],"_links":{"self":[{"href":"https:\/\/blogs.deia.eus\/anasagasti\/wp-json\/wp\/v2\/posts\/1330","targetHints":{"allow":["GET"]}}],"collection":[{"href":"https:\/\/blogs.deia.eus\/anasagasti\/wp-json\/wp\/v2\/posts"}],"about":[{"href":"https:\/\/blogs.deia.eus\/anasagasti\/wp-json\/wp\/v2\/types\/post"}],"author":[{"embeddable":true,"href":"https:\/\/blogs.deia.eus\/anasagasti\/wp-json\/wp\/v2\/users\/19"}],"replies":[{"embeddable":true,"href":"https:\/\/blogs.deia.eus\/anasagasti\/wp-json\/wp\/v2\/comments?post=1330"}],"version-history":[{"count":2,"href":"https:\/\/blogs.deia.eus\/anasagasti\/wp-json\/wp\/v2\/posts\/1330\/revisions"}],"predecessor-version":[{"id":1333,"href":"https:\/\/blogs.deia.eus\/anasagasti\/wp-json\/wp\/v2\/posts\/1330\/revisions\/1333"}],"wp:attachment":[{"href":"https:\/\/blogs.deia.eus\/anasagasti\/wp-json\/wp\/v2\/media?parent=1330"}],"wp:term":[{"taxonomy":"category","embeddable":true,"href":"https:\/\/blogs.deia.eus\/anasagasti\/wp-json\/wp\/v2\/categories?post=1330"},{"taxonomy":"post_tag","embeddable":true,"href":"https:\/\/blogs.deia.eus\/anasagasti\/wp-json\/wp\/v2\/tags?post=1330"}],"curies":[{"name":"wp","href":"https:\/\/api.w.org\/{rel}","templated":true}]}}