{"id":13983,"date":"2020-10-30T15:40:24","date_gmt":"2020-10-30T13:40:24","guid":{"rendered":"http:\/\/blogs.deia.eus\/anasagasti\/?p=13983"},"modified":"2020-10-30T15:40:26","modified_gmt":"2020-10-30T13:40:26","slug":"la-receta-de-garbine","status":"publish","type":"post","link":"https:\/\/blogs.deia.eus\/anasagasti\/2020\/10\/30\/la-receta-de-garbine\/","title":{"rendered":"La receta de Garbi\u00f1e"},"content":{"rendered":"\n<p><strong>Viernes 30 de octubre de 2020<\/strong><\/p>\n\n\n\n<figure class=\"wp-block-image\"><img loading=\"lazy\" decoding=\"async\" width=\"940\" height=\"662\" src=\"https:\/\/blogs.deia.eus\/anasagasti\/files\/2020\/10\/La-receta-de-Garbi\u00f1e-940x662.jpg\" alt=\"\" class=\"wp-image-13984\" srcset=\"https:\/\/blogs.deia.eus\/anasagasti\/files\/2020\/10\/La-receta-de-Garbi\u00f1e-940x662.jpg 940w, https:\/\/blogs.deia.eus\/anasagasti\/files\/2020\/10\/La-receta-de-Garbi\u00f1e-580x408.jpg 580w, https:\/\/blogs.deia.eus\/anasagasti\/files\/2020\/10\/La-receta-de-Garbi\u00f1e-768x541.jpg 768w, https:\/\/blogs.deia.eus\/anasagasti\/files\/2020\/10\/La-receta-de-Garbi\u00f1e.jpg 1024w\" sizes=\"auto, (max-width: 940px) 100vw, 940px\" \/><\/figure>\n\n\n\n<p>He&nbsp;escuchado\ncon atenci\u00f3n la&nbsp;entrevista en Radio Euskadi de Garbi\u00f1e Aranburu secretaria\ngeneral de LAB. De principio a fin todo ha sido una cr\u00edtica al Gobierno Vasco y\nal PNV. El sindicalismo de la primavera roja, solo tiene derechos. Ning\u00fan\ndeber&nbsp; y mucho menos en tiempos de zozobra. Huelgas, amenazas, desinformaci\u00f3n,\np\u00e9sima gesti\u00f3n, prepotencia, clientelismo. Todo es culpa del Gobierno Vasco por\nsu imprevisi\u00f3n, su silencio, su no saber hacer bien las cosas. Un marciano\nllegado a Euskadi oye a esta se\u00f1ora y coge su nave voladora y se va a J\u00fapiter\ndiciendo. \u00ab\u00a1Me he equivocado de destino. He visitado el infierno de\nDante!!!.<\/p>\n\n\n\n<p>Ante\nla&nbsp; necesaria pregunta de c\u00f3mo se puede crear empleo en una situaci\u00f3n de\ncat\u00e1strofe econ\u00f3mica, ha dado su m\u00e1gica y milagrosa receta&nbsp;cuya\nrespuesta&nbsp; he apuntado:<\/p>\n\n\n\n<p>\u00abPara\nsalvar la destrucci\u00f3n&nbsp; del empleo hay que hacer una pol\u00edtica de empleo m\u00e1s\ncontundente\u00bb.<\/p>\n\n\n\n<p>Respuesta\nconcisa, sencilla, clara como el agua cristalina y merecedora&nbsp; de optar\nal&nbsp; premio Nobel de Econom\u00eda.<\/p>\n\n\n\n<p>Efectivamente\nlos profetas siguen acertando. Lo de las elecciones&nbsp; en octubre como\npropon\u00edan o lo de las escuelas les retrata. Hicieron previsiones catastrofistas\ny los hechos y el tiempo les han quitado la raz\u00f3n, pero no importa. Ahora es la\nsanidad y en algo tan vocacional hay que hacer huelgas. La huelga por la huelga\ncomo dijeron con el pu\u00f1o cerrado.<\/p>\n\n\n\n<p>Lo\ndicen&nbsp;sin ponerse colorados y circulan, hablan, declaran profetizan y\naleccionan como si nada. Y lo peor es que quienes&nbsp;van a sus ruedas de\nprensa no les preguntan por estas cosas. Tienen impunidad para todo ya que nada\nni nadie les pasa factura y como no se presentan a las elecciones porque dicen\nque son sindicatos&nbsp; pol\u00edticos pero no partidos pol\u00edticos, todo vale.<\/p>\n\n\n\n<p>En este\nclima tan poco solidario y de auzolan&nbsp;este&nbsp; pasado jueves-viernes por\nla noche un grupo de descerebrados al grito de \u00abLibertad\u00bb se han\ndedicado a hacer un importante da\u00f1o social destruyendo contenedores y alterando\nel orden p\u00fablico. Al inicio de la transici\u00f3n son\u00f3 con fuerza una bonita canci\u00f3n\nque repet\u00eda la estrofa de \u00abLibertad, Libertad, sin Ira, Libertad\u00bb. Sin\nira. Lo del desaguisado&nbsp;de plaza Indautxu era con ira y el viceconsejero\nde seguridad los ha descrito como delincuentes y muchos de ellos con\nantecedentes penales adem\u00e1s de insolidarios. Gamberros violentos.<\/p>\n\n\n\n<p>Ese\nvandalismo existe en toda sociedad. En tiempos de ETA la Kale Borroka, adem\u00e1s\nde reivindicaciones pol\u00edticas ten\u00eda sujetos de este tipo y que como se ve no\nhan desaparecido.<\/p>\n\n\n\n<p>Junto a eso\nes verdad que hay un discurso negacionista que da alas a esta violencia. Dicen\nenf\u00e1ticos: \u00abse nos quita la libertad, las vacunas son malas y es un\nnegocio, no hay que cumplir leyes que van contra nuestra libertad. Detr\u00e1s de\ntodo esto hay una mano negra\u00bb.<\/p>\n\n\n\n<p>Escuchaba a\nCarlos Herrera en la Cope una vergonzosa descripci\u00f3n del pleno de ayer d\u00e1ndole\nuna importancia impropia a la salida de S\u00e1nchez del hemiciclo para preparar una\nreuni\u00f3n europea y lo comparaba con Macron que adem\u00e1s no comparece nunca ante el\nparlamento.<\/p>\n\n\n\n<p>Me parece\nque desde una emisora episcopal se ataque a las instituciones como hace este\ncaballero, tan poco caballero. Tan espa\u00f1ol que porque el PNV negocia no subir\nel di\u00e9sel nos describe como los del chulet\u00f3n del txoko pasando factura. Una radio\nde valores no puede utilizar este tipo de argumentaci\u00f3n falsa y estupidizante. Me\npareci\u00f3 una bajeza. Y todo para que su se\u00f1orito Casado tenga un dupplex&nbsp;\ndial\u00e9ctico de pin&nbsp; pan pum con S\u00e1nchez llam\u00e1ndole l\u00edder de la oposici\u00f3n. No\nes verdad. Es l\u00edder de su partido. La oposici\u00f3n no tiene l\u00edder a pesar de que\nel periodismo de Corte lo bautice as\u00ed.<\/p>\n\n\n\n<p>Ese cara a\ncara le interesa a la derecha madrile\u00f1a y por eso convierten los plenos del\nCongreso que deber\u00edan servir para hablar de la crisis sanitaria que vivimos en\nun patio de monipodio para lucimiento de un peso pluma de la pol\u00edtica espa\u00f1ola\ncomo est\u00e1 demostrando ser Pablo Casado.<\/p>\n\n\n\n<p>Es lo que\nhay, y mientras, el virus, muerto de risa.&nbsp;<\/p>\n<!-- AddThis Advanced Settings generic via filter on the_content --><!-- AddThis Share Buttons generic via filter on the_content -->","protected":false},"excerpt":{"rendered":"<p>Viernes 30 de octubre de 2020 He&nbsp;escuchado con atenci\u00f3n la&nbsp;entrevista en Radio Euskadi de Garbi\u00f1e Aranburu secretaria general de LAB. De principio a fin todo ha sido una cr\u00edtica al Gobierno Vasco y al PNV. El sindicalismo de la primavera roja, solo tiene derechos. Ning\u00fan deber&nbsp; y mucho menos en tiempos de zozobra. Huelgas, amenazas, &hellip; <a href=\"https:\/\/blogs.deia.eus\/anasagasti\/2020\/10\/30\/la-receta-de-garbine\/\" class=\"more-link\">Sigue leyendo <span class=\"screen-reader-text\">La receta de Garbi\u00f1e<\/span><\/a><!-- AddThis Advanced Settings generic via filter on get_the_excerpt --><!-- AddThis Share Buttons generic via filter on get_the_excerpt --><\/p>\n","protected":false},"author":19,"featured_media":0,"comment_status":"open","ping_status":"open","sticky":false,"template":"","format":"standard","meta":{"footnotes":""},"categories":[1],"tags":[],"class_list":["post-13983","post","type-post","status-publish","format-standard","hentry","category-general"],"_links":{"self":[{"href":"https:\/\/blogs.deia.eus\/anasagasti\/wp-json\/wp\/v2\/posts\/13983","targetHints":{"allow":["GET"]}}],"collection":[{"href":"https:\/\/blogs.deia.eus\/anasagasti\/wp-json\/wp\/v2\/posts"}],"about":[{"href":"https:\/\/blogs.deia.eus\/anasagasti\/wp-json\/wp\/v2\/types\/post"}],"author":[{"embeddable":true,"href":"https:\/\/blogs.deia.eus\/anasagasti\/wp-json\/wp\/v2\/users\/19"}],"replies":[{"embeddable":true,"href":"https:\/\/blogs.deia.eus\/anasagasti\/wp-json\/wp\/v2\/comments?post=13983"}],"version-history":[{"count":1,"href":"https:\/\/blogs.deia.eus\/anasagasti\/wp-json\/wp\/v2\/posts\/13983\/revisions"}],"predecessor-version":[{"id":13985,"href":"https:\/\/blogs.deia.eus\/anasagasti\/wp-json\/wp\/v2\/posts\/13983\/revisions\/13985"}],"wp:attachment":[{"href":"https:\/\/blogs.deia.eus\/anasagasti\/wp-json\/wp\/v2\/media?parent=13983"}],"wp:term":[{"taxonomy":"category","embeddable":true,"href":"https:\/\/blogs.deia.eus\/anasagasti\/wp-json\/wp\/v2\/categories?post=13983"},{"taxonomy":"post_tag","embeddable":true,"href":"https:\/\/blogs.deia.eus\/anasagasti\/wp-json\/wp\/v2\/tags?post=13983"}],"curies":[{"name":"wp","href":"https:\/\/api.w.org\/{rel}","templated":true}]}}