{"id":13986,"date":"2020-10-31T17:12:11","date_gmt":"2020-10-31T15:12:11","guid":{"rendered":"http:\/\/blogs.deia.eus\/anasagasti\/?p=13986"},"modified":"2020-10-31T17:12:13","modified_gmt":"2020-10-31T15:12:13","slug":"30-mujeres-inolvidables-y-la-dedicatoria-de-arzak-a-xabier-arzalluz","status":"publish","type":"post","link":"https:\/\/blogs.deia.eus\/anasagasti\/2020\/10\/31\/30-mujeres-inolvidables-y-la-dedicatoria-de-arzak-a-xabier-arzalluz\/","title":{"rendered":"30 Mujeres inolvidables y la dedicatoria de Arzak a Xabier Arzalluz"},"content":{"rendered":"\n<p><strong>S\u00e1bado 31 de octubre de 2020<\/strong><\/p>\n\n\n\n<ul class=\"wp-block-gallery columns-2 is-cropped wp-block-gallery-1 is-layout-flex wp-block-gallery-is-layout-flex\"><li class=\"blocks-gallery-item\"><figure><img loading=\"lazy\" decoding=\"async\" width=\"225\" height=\"320\" src=\"https:\/\/blogs.deia.eus\/anasagasti\/files\/2020\/10\/30emakumeahaztezin-1.jpg\" alt=\"\" data-id=\"13988\" data-link=\"https:\/\/blogs.deia.eus\/anasagasti\/?attachment_id=13988\" class=\"wp-image-13988\" \/><\/figure><\/li><li class=\"blocks-gallery-item\"><figure><img loading=\"lazy\" decoding=\"async\" width=\"387\" height=\"1024\" src=\"https:\/\/blogs.deia.eus\/anasagasti\/files\/2020\/10\/Julene-Urzelai.jpg\" alt=\"\" data-id=\"13989\" data-link=\"https:\/\/blogs.deia.eus\/anasagasti\/?attachment_id=13989\" class=\"wp-image-13989\" \/><\/figure><\/li><\/ul>\n\n\n\n<p>Este s\u00e1bado de tiempo\nmagn\u00edfico hemos ido al Museo Antropol\u00f3gico de la Plaza Unamuno en el Casco\nViejo de Bilbao. Nos ha llamado la atenci\u00f3n en la puerta&nbsp; una especie de celda en la que estuvo\nencerrada la oradora Polixene Trabudua con los miembros del BBB en la c\u00e1rcel de\nLarrinaga. Era el reclamo de una exposici\u00f3n sobre treinta mujeres vascas que han\ndejado su impronta en alguna actividad. Es una exposici\u00f3n magn\u00edfica organizada\npor Emakunde tratando de dar visibilidad a mujeres an\u00f3nimas que han hecho\nhistoria y dejado &nbsp;su huella. Son mujeres\nde todo tipo. Desde la Pasionaria a Chambouc\u00ed, pasando por Menchu Gal o la\nperiodista de guerra Cecilia Guilarte, Mar\u00eda Maeztu, Elbira Zipitria &nbsp;y &nbsp;dos\nque conoc\u00ed como la citada Polixene y Julene Urcelai, a quien tuve el honor de\ngrabarle sus locuciones en la radio clandestina que tuvimos en Venezuela. Una\nse\u00f1ora fant\u00e1stica.<\/p>\n\n\n\n<p>Lamento\nque estas exposiciones el que no tengan m\u00e1s publicidad para que la gente vaya a\nverlas. Una fotograf\u00eda, un dibujo, una breve semblanza y alg\u00fan objeto aleg\u00f3rico\nes la esencia de esta muestra tan recomendable sobre todo para todos aquellos\nque conciben el feminismo como lo que es, la igualdad e &nbsp;igualdad de oportunidades. Mujeres con talento\nque tuvieron que luchar para hacerse un hueco en la sociedad como Bustinza que\niba por los caser\u00edos buscando cuentos, leyendas, historias y dichos para que no\nse perdieran.<\/p>\n\n\n\n<p>En la\nsalida hab\u00eda dos pizarras en las que las gentes escrib\u00edan su opini\u00f3n o\nreivindicaban la presencia de mujeres de bandera desconocidas. Alguien hab\u00eda\npuesto en la pizarra a &nbsp;Mar\u00eda Jes\u00fas\nAguirre, vicealcaldesa de Vitoria-Gasteiz, diputada, mujer de car\u00e1cter a quien\nconoc\u00ed en Madrid en el breve a\u00f1o en el que fue diputada y donde comprobamos su\ngran val\u00eda. Su hijo Gorka Urtaran, alcalde de Vioria-Gasteiz y presidente de\nEudel deber\u00eda llevar esta exposici\u00f3n a su ciudad y con el tiempo incluir a\notras mujeres que merecen estar en ese sugestivo inventario.<\/p>\n\n\n\n<p>Vista esta&nbsp; exposici\u00f3n hemos subido al primer piso donde\nhay otra muestra&nbsp; muy lograda dedicada a Juan\nMari Arzak. Fotos, f\u00f3rmulas, platos, dedicatorias, mesas, cajitas con especies,\nmen\u00fas, uniforme de cocinero. Una gran exposici\u00f3n. Excelentemente montada.<\/p>\n\n\n\n<figure class=\"wp-block-image\"><img loading=\"lazy\" decoding=\"async\" width=\"800\" height=\"533\" src=\"https:\/\/blogs.deia.eus\/anasagasti\/files\/2020\/10\/Euskal-Museoa-arzak-erakusketa.jpg\" alt=\"\" class=\"wp-image-13990\" srcset=\"https:\/\/blogs.deia.eus\/anasagasti\/files\/2020\/10\/Euskal-Museoa-arzak-erakusketa.jpg 800w, https:\/\/blogs.deia.eus\/anasagasti\/files\/2020\/10\/Euskal-Museoa-arzak-erakusketa-580x386.jpg 580w, https:\/\/blogs.deia.eus\/anasagasti\/files\/2020\/10\/Euskal-Museoa-arzak-erakusketa-768x512.jpg 768w\" sizes=\"auto, (max-width: 800px) 100vw, 800px\" \/><\/figure>\n\n\n\n<p>Recuerdo\nhaber ido a comer a su restaurante hace muchos a\u00f1os. Nos sentaron en una mesa que\ndaba a la cocina. Estaban Gonz\u00e1lez de Txabarri y Arzalluz. Arzac vino a los\npostres. Le pidi\u00f3 un aut\u00f3grafo al presidente del EBB y \u00e9ste&nbsp; le hizo una cari\u00f1osa dedicatoria que el\ncocinero agradeci\u00f3 escribiendo en el men\u00fa. Dedicatoria de Xabier Arzalluz que\ntanto ha hecho por nosotros.<\/p>\n\n\n\n<p>A los\nbilba\u00ednos recluidos que aprovechen estos d\u00edas para ir a ver esta muestra y a\nlos llamados colindantes que cuando se superen las barreras lim\u00edtrofes no dejen\nde venir a ver algo bueno, did\u00e1ctico, bien organizado y muy interesante.<\/p>\n<!-- AddThis Advanced Settings generic via filter on the_content --><!-- AddThis Share Buttons generic via filter on the_content -->","protected":false},"excerpt":{"rendered":"<p>S\u00e1bado 31 de octubre de 2020 Este s\u00e1bado de tiempo magn\u00edfico hemos ido al Museo Antropol\u00f3gico de la Plaza Unamuno en el Casco Viejo de Bilbao. Nos ha llamado la atenci\u00f3n en la puerta&nbsp; una especie de celda en la que estuvo encerrada la oradora Polixene Trabudua con los miembros del BBB en la c\u00e1rcel &hellip; <a href=\"https:\/\/blogs.deia.eus\/anasagasti\/2020\/10\/31\/30-mujeres-inolvidables-y-la-dedicatoria-de-arzak-a-xabier-arzalluz\/\" class=\"more-link\">Sigue leyendo <span class=\"screen-reader-text\">30 Mujeres inolvidables y la dedicatoria de Arzak a Xabier Arzalluz<\/span><\/a><!-- AddThis Advanced Settings generic via filter on get_the_excerpt --><!-- AddThis Share Buttons generic via filter on get_the_excerpt --><\/p>\n","protected":false},"author":19,"featured_media":0,"comment_status":"open","ping_status":"open","sticky":false,"template":"","format":"standard","meta":{"footnotes":""},"categories":[1],"tags":[],"class_list":["post-13986","post","type-post","status-publish","format-standard","hentry","category-general"],"_links":{"self":[{"href":"https:\/\/blogs.deia.eus\/anasagasti\/wp-json\/wp\/v2\/posts\/13986","targetHints":{"allow":["GET"]}}],"collection":[{"href":"https:\/\/blogs.deia.eus\/anasagasti\/wp-json\/wp\/v2\/posts"}],"about":[{"href":"https:\/\/blogs.deia.eus\/anasagasti\/wp-json\/wp\/v2\/types\/post"}],"author":[{"embeddable":true,"href":"https:\/\/blogs.deia.eus\/anasagasti\/wp-json\/wp\/v2\/users\/19"}],"replies":[{"embeddable":true,"href":"https:\/\/blogs.deia.eus\/anasagasti\/wp-json\/wp\/v2\/comments?post=13986"}],"version-history":[{"count":1,"href":"https:\/\/blogs.deia.eus\/anasagasti\/wp-json\/wp\/v2\/posts\/13986\/revisions"}],"predecessor-version":[{"id":13991,"href":"https:\/\/blogs.deia.eus\/anasagasti\/wp-json\/wp\/v2\/posts\/13986\/revisions\/13991"}],"wp:attachment":[{"href":"https:\/\/blogs.deia.eus\/anasagasti\/wp-json\/wp\/v2\/media?parent=13986"}],"wp:term":[{"taxonomy":"category","embeddable":true,"href":"https:\/\/blogs.deia.eus\/anasagasti\/wp-json\/wp\/v2\/categories?post=13986"},{"taxonomy":"post_tag","embeddable":true,"href":"https:\/\/blogs.deia.eus\/anasagasti\/wp-json\/wp\/v2\/tags?post=13986"}],"curies":[{"name":"wp","href":"https:\/\/api.w.org\/{rel}","templated":true}]}}