{"id":13992,"date":"2020-11-01T13:27:46","date_gmt":"2020-11-01T11:27:46","guid":{"rendered":"http:\/\/blogs.deia.eus\/anasagasti\/?p=13992"},"modified":"2020-11-01T13:27:47","modified_gmt":"2020-11-01T11:27:47","slug":"el-abuelo-exiliado-de-juana-perea-asesinada-en-colombia","status":"publish","type":"post","link":"https:\/\/blogs.deia.eus\/anasagasti\/2020\/11\/01\/el-abuelo-exiliado-de-juana-perea-asesinada-en-colombia\/","title":{"rendered":"El abuelo exiliado de Juana Perea asesinada en Colombia"},"content":{"rendered":"\n<p><strong>Domingo 1 de noviembre\nde 2020<\/strong>&nbsp;<\/p>\n\n\n\n<figure class=\"wp-block-image\"><img loading=\"lazy\" decoding=\"async\" width=\"647\" height=\"397\" src=\"https:\/\/blogs.deia.eus\/anasagasti\/files\/2020\/11\/Juana-Perea-asesina-en-Colombia.jpeg\" alt=\"\" class=\"wp-image-13993\" srcset=\"https:\/\/blogs.deia.eus\/anasagasti\/files\/2020\/11\/Juana-Perea-asesina-en-Colombia.jpeg 647w, https:\/\/blogs.deia.eus\/anasagasti\/files\/2020\/11\/Juana-Perea-asesina-en-Colombia-580x356.jpeg 580w\" sizes=\"auto, (max-width: 647px) 100vw, 647px\" \/><\/figure>\n\n\n\n<p>Juana Perea, hija de\nAndr\u00e9s Perea Sasiain y nieta de Andr\u00e9s Perea Gallaga, ha sido asesinada en\nColombia. Su muerte ha conmocionado &nbsp;aquel pa\u00eds y a nosotros porque nos toca de\ncerca. Juana era una mujer entregada en ayudar a las comunidades locales en un\nlugar exuberante de la naturaleza colombiana en el Pac\u00edfico desde donde se\ndivisa el paso de ballenas desde una situaci\u00f3n privilegiada &nbsp;y donde ella quer\u00eda construir un ecohotel y\nayudar a los peque\u00f1os hotelitos con encanto de esa localidad. Llevaba all\u00ed\ntrabajando dos a\u00f1os. Malas gentes que quer\u00edan explotar de interesada manera ese\nmedio la han asesinado.<\/p>\n\n\n\n<p>Juana era una luchadora como lo fue su abuelo, una personalidad vasca que\ntuvo que exiliarse por motivo de la guerra y cuya biograf\u00eda me redact\u00f3 para el\nEuzkadi, su amigo Patxi Abrisketa. Conviene conocerla en este pa\u00eds tan poco\ndado a conocer y reconocer su pasado inmediato.<\/p>\n\n\n\n<p>As\u00ed me lo cont\u00f3.<\/p>\n\n\n\n<p><em>El 16 de abril de\n1980, en Bogot\u00e1, muri\u00f3 Andr\u00e9s Perea Gallaga, gran patriota vasco. Barakald\u00e9s\ncastizo de vieja raigambre encartada, hab\u00eda nacido en 1898 en la Plaza de los\nFueros. Don Andr\u00e9s Perea Bego\u00f1a, su padre, fue semilla de numerosa familia que\nha dado a Euzkadi destacados profesionales. Andr\u00e9s hijo era el centro de todos\nellos.<\/em><\/p>\n\n\n\n<p><em>Desde joven milit\u00f3 en\nel nacionalismo de Barakaldo. Primero dentro de los cuadros del PNV y del\nheroico batzoki de su pueblo, que por entonces alcanz\u00f3 a ser verdadero adelantado\nde la causa en la ribera izquierda del Nervi\u00f3n y en toda la zona del Oeste\nvizca\u00edno. No eran tiempos f\u00e1ciles los de la segunda fuerte corriente\ninmigratoria, a la saz\u00f3n inadaptada, a ra\u00edz de la prosperidad minera, naval y\nde los Altos Hornos durante la guerra del 14 y en el furor de los conflictos\nobreros. M\u00e1s tarde, con ocasi\u00f3n de la escisi\u00f3n del partido sabiniano y creaci\u00f3n\nde Acci\u00f3n Vasca, se adhiri\u00f3 a esta agrupaci\u00f3n patri\u00f3tica liberal, dentro de la\ncual lleg\u00f3 a ser miembro de su Junta Nacional. Como escritor, colabor\u00f3 con\nfrecuencia en \u00abTierra Vasca\u00bb, \u00f3rgano de Acci\u00f3n, bajo el seud\u00f3nimo de\nPablo de Zuazo.<\/em><\/p>\n\n\n\n<p><em>Perea Gallaga, de\nrectitud acrisolada y de alta preparaci\u00f3n en las disciplinas fiscales, antes de\nla guerra fue inspector de Hacienda de la Diputaci\u00f3n de Vizcaya, y en el\nGobierno Vasco del 36, Director de Operaciones, puesto de confianza en la\nSecretar\u00eda de Eliodoro de la Torre. Desde este cargo particip\u00f3 en la evacuaci\u00f3n\nde los valores preciosos y fiduciarios depositados en la banca del territorio\nbajo la jurisdicci\u00f3n del Gobierno aut\u00f3nomo, transportados en el mercante\n\u00abTorpehall\u00bb, de bandera inglesa, al mando del capit\u00e1n Andrews, con\nrumbo a Holanda, destino que a la salida del Abra trat\u00f3, sin ning\u00fan \u00e9xito, de\ninterferir el \u00abCervera\u00bb. El \u00abTorpehall\u00bb entr\u00f3, al t\u00e9rmino\nde la feliz traves\u00eda, en el puerto holand\u00e9s de Frissingen, en donde el\ncargamento result\u00f3 intervenido por las autoridades de los Pa\u00edses Bajos, dando\nlugar a un confuso pleito que concluir\u00eda con la entrega ordenada y completa de los\nvalores. A Perea le toc\u00f3, con otros funcionarios vascos, la gesti\u00f3n de tan\nembarazoso asunto.<\/em><\/p>\n\n\n\n<p><em>De Holanda a B\u00e9lgica y\nde aqu\u00ed a Colombia, a finales de 1938, marc\u00f3 la ruta del exilio definitivo. En\nla capital de la Rep\u00fablica andina Perea asent\u00f3 su familia, los Perea Sasiain,\nhoy compuesta por tres generaciones de descen\u00addientes.<\/em><\/p>\n\n\n\n<p><em>Las inquietudes\npol\u00edticas vascas firmes y la calidad humana de alt\u00edsimos quilates de nuestro\ncompatriota movieron al Lehendakari Agirre a designarle, en 1945, Delegado del\nGobierno Vasco en Colombia. En este pa\u00eds desempe\u00f1\u00f3 la c\u00e1tedra universitaria,\nasumi\u00f3 posiciones t\u00e9cnicas en la Administraci\u00f3n P\u00fablica, actividades que por lo\nsobresaliente de su ejercicio le merecieron la concesi\u00f3n de la Cruz de Boyac\u00e1,\ncondecoraci\u00f3n m\u00e1xima colombiana que, vale la pena decirlo, la han recibido\ncinco vascos en lo que va del siglo, entre ellos P\u00edo Baroja en sus postreros\nmomentos.<\/em><\/p>\n\n\n\n<p><em>El atavismo y la\nformidable capacidad de trabajo de Andr\u00e9s Perea le arrastraron en sus \u00faltimos\na\u00f1os a la miner\u00eda y a la industria met\u00e1lica, la de su tierra fabril, sectores\nen los que desarroll\u00f3 varias empresas.<\/em><\/p>\n\n\n\n<p><em>Por todos los\naspectos, el que ostent\u00f3 el decanato de los vascos en Colombia, fue patriota\nmodelo. Hasta el final del r\u00e9gimen franquista repet\u00eda, con especial \u00e9nfasis:\n\u00abNo quiero morir antes del cambio\u00bb. Su hija Victoria lo dec\u00eda:\n\u00abMi padre fue un hombre naturalmente bueno, que vivi\u00f3 pendiente de\nEuzkadi\u00bb.<\/em><\/p>\n\n\n\n<p><em>Andr\u00e9s Perea Gallaga,\nlos vascos de Colombia le despedimos con nuestro \u00abGoian bego\u00bb<\/em><\/p>\n\n\n\n<p>Hasta aqu\u00ed la emotiva semblanza de Abrisketa. Su nieta ha sido asesinada. Esa\nmuerte terrible y absurda nos toca de cerca. Seguramente en Barakaldo se\nhonrar\u00e1 su memoria. G.B.<\/p>\n<!-- AddThis Advanced Settings generic via filter on the_content --><!-- AddThis Share Buttons generic via filter on the_content -->","protected":false},"excerpt":{"rendered":"<p>Domingo 1 de noviembre de 2020&nbsp; Juana Perea, hija de Andr\u00e9s Perea Sasiain y nieta de Andr\u00e9s Perea Gallaga, ha sido asesinada en Colombia. Su muerte ha conmocionado &nbsp;aquel pa\u00eds y a nosotros porque nos toca de cerca. Juana era una mujer entregada en ayudar a las comunidades locales en un lugar exuberante de la &hellip; <a href=\"https:\/\/blogs.deia.eus\/anasagasti\/2020\/11\/01\/el-abuelo-exiliado-de-juana-perea-asesinada-en-colombia\/\" class=\"more-link\">Sigue leyendo <span class=\"screen-reader-text\">El abuelo exiliado de Juana Perea asesinada en Colombia<\/span><\/a><!-- AddThis Advanced Settings generic via filter on get_the_excerpt --><!-- AddThis Share Buttons generic via filter on get_the_excerpt --><\/p>\n","protected":false},"author":19,"featured_media":0,"comment_status":"open","ping_status":"open","sticky":false,"template":"","format":"standard","meta":{"footnotes":""},"categories":[1],"tags":[],"class_list":["post-13992","post","type-post","status-publish","format-standard","hentry","category-general"],"_links":{"self":[{"href":"https:\/\/blogs.deia.eus\/anasagasti\/wp-json\/wp\/v2\/posts\/13992","targetHints":{"allow":["GET"]}}],"collection":[{"href":"https:\/\/blogs.deia.eus\/anasagasti\/wp-json\/wp\/v2\/posts"}],"about":[{"href":"https:\/\/blogs.deia.eus\/anasagasti\/wp-json\/wp\/v2\/types\/post"}],"author":[{"embeddable":true,"href":"https:\/\/blogs.deia.eus\/anasagasti\/wp-json\/wp\/v2\/users\/19"}],"replies":[{"embeddable":true,"href":"https:\/\/blogs.deia.eus\/anasagasti\/wp-json\/wp\/v2\/comments?post=13992"}],"version-history":[{"count":1,"href":"https:\/\/blogs.deia.eus\/anasagasti\/wp-json\/wp\/v2\/posts\/13992\/revisions"}],"predecessor-version":[{"id":13994,"href":"https:\/\/blogs.deia.eus\/anasagasti\/wp-json\/wp\/v2\/posts\/13992\/revisions\/13994"}],"wp:attachment":[{"href":"https:\/\/blogs.deia.eus\/anasagasti\/wp-json\/wp\/v2\/media?parent=13992"}],"wp:term":[{"taxonomy":"category","embeddable":true,"href":"https:\/\/blogs.deia.eus\/anasagasti\/wp-json\/wp\/v2\/categories?post=13992"},{"taxonomy":"post_tag","embeddable":true,"href":"https:\/\/blogs.deia.eus\/anasagasti\/wp-json\/wp\/v2\/tags?post=13992"}],"curies":[{"name":"wp","href":"https:\/\/api.w.org\/{rel}","templated":true}]}}