{"id":13996,"date":"2020-11-02T18:09:53","date_gmt":"2020-11-02T16:09:53","guid":{"rendered":"http:\/\/blogs.deia.eus\/anasagasti\/?p=13996"},"modified":"2020-11-02T18:09:55","modified_gmt":"2020-11-02T16:09:55","slug":"y-si-no-se-hubieran-convocado-las-elecciones","status":"publish","type":"post","link":"https:\/\/blogs.deia.eus\/anasagasti\/2020\/11\/02\/y-si-no-se-hubieran-convocado-las-elecciones\/","title":{"rendered":"\u00bfY si no se hubieran convocado las elecciones?"},"content":{"rendered":"\n<p><strong>Lunes 2 de noviembre de 2020<\/strong><\/p>\n\n\n\n<figure class=\"wp-block-image\"><img loading=\"lazy\" decoding=\"async\" width=\"703\" height=\"932\" src=\"https:\/\/blogs.deia.eus\/anasagasti\/files\/2020\/11\/Dibujo-art\u00edculo-DEIA-001.jpg\" alt=\"\" class=\"wp-image-13997\" srcset=\"https:\/\/blogs.deia.eus\/anasagasti\/files\/2020\/11\/Dibujo-art\u00edculo-DEIA-001.jpg 703w, https:\/\/blogs.deia.eus\/anasagasti\/files\/2020\/11\/Dibujo-art\u00edculo-DEIA-001-580x769.jpg 580w\" sizes=\"auto, (max-width: 703px) 100vw, 703px\" \/><\/figure>\n\n\n\n<p>Reconozco, soy un pesado. Es la tercera vez que lo recuerdo aqu\u00ed. Pero como a Podemos y Bildu no les gusta el recordatorio, lo hago yo. Les basta acusar y decir la mayor de las atrocidades porque saben que, como no son el PNV, el grado de sanci\u00f3n social y el recuerdo, es m\u00ednimo. Como Iturgaiz. Dijo Otegi: \u201del PNV antepone el inter\u00e9s econ\u00f3mico a la vida\u201d. \u00a1Toma ya!. Por eso \u00a0conviene hacer pedagog\u00eda y recordar las tremebundeces que dijeron cuando el Lehendakari, viendo un peque\u00f1o claro en las nubes, convoc\u00f3 las elecciones el 12 de julio. No hubieran estado nada mal hacerlas en octubre cuando las propusieron los de Bildu, incluyendo al alcalde de Ordizia. Estado de alerta, confinamientos perimetrales, asim\u00e9tricos y comarcales, UCIs con fallecidos, cierre de locales, rastreos, solo convivientes\u2026.Por eso me gusta recordarlo. Sobre todo cuando, con semejante \u00e9nfasis se dicen semejantes barbaridades, la gente normal tiene que tener una agenda para apuntarlas, la sospecha tras la oreja y una pregunta: \u00bfPor qu\u00e9 y para qu\u00e9 lo habr\u00e1n dicho?. \u00bfBuscaban lo mejor o buscaban el caos?.<\/p>\n\n\n\n<p>El\njueves 22 en el Parlamento Vasco Maddalen Iriarte se acerc\u00f3 al Lehendakari y le\npidi\u00f3 medidas m\u00e1s dr\u00e1sticas y ofreci\u00f3 total colaboraci\u00f3n. Curiosamente, ante un\nexquisito TSJPV el estado de alerta &nbsp;general era &nbsp;lo procedente y fue el Lehendakari quien le\nllam\u00f3 a S\u00e1nchez y tras \u00e9l, vino lo dem\u00e1s. Entiendo&nbsp; que esta influencia&nbsp; e interlocuci\u00f3n se &nbsp;minimice diciendo que como somos menores de\nedad tenemos que pedir a pap\u00e1 estado permiso para todo. De acuerdo. No somos\nindependientes, tampoco lo es nadie en Europa, pero la firma sobre hielo de la\nreforma laboral de Bildu, ya sabemos d\u00f3nde qued\u00f3. Por lo menos Urkullu es un\ninterlocutor fiable al que se le respeta y hace caso. Y, eso, l\u00f3gicamente, hay\nque criticarlo.<\/p>\n\n\n\n<p>Aquellos\ndos d\u00edas parec\u00eda que el mundo de Bildu, bajaba en algo su cr\u00edtica constante. Pero\nla vida es sue\u00f1o y los sue\u00f1os, sue\u00f1os son. El domingo 25 en Gernika se\nacordaron que hac\u00eda 41 a\u00f1os, el pueblo vasco mayoritariamente hab\u00eda aprobado en\nrefer\u00e9ndum el estatuto de autonom\u00eda de Gernika, el estatutillo vascongado seg\u00fan\nMonz\u00f3n y all\u00ed fueron para ponerlo pringando. Son parlamentarios y hay un\ngobierno gracias a ese estatuto pero como estuvieron frontalmente contra \u00e9l\nsolo hay que decir que no sirve y es una entrega. Todo lo producido por el\nllamado \u201cr\u00e9gimen del 78\u201d es una basura y est\u00e1 superado. Nosotros conocemos bien\nlas bondades y maldades del r\u00e9gimen del 78, una de las vividas &nbsp;fue ETA, cuyas &nbsp;acciones apoyaron los del pu\u00f1o en alto cuarenta\na\u00f1os. Por eso sus an\u00e1lisis son como siempre del todo y la nada y de cuanto\npeor, mejor. Es esa su t\u00f3xica ideolog\u00eda de la que no tienen valent\u00eda de abjurar.<\/p>\n\n\n\n<p>El\nproblema de EHBildu es que en la actualidad es un zombi pol\u00edtico. No ha\naprendido que la pol\u00edtica tiene sus tiempos, sus renuncias, sus modos de\nproceder y eso se nota demasiado. Se not\u00f3 cuando no quer\u00edan elecciones y se nota\nahora cuando&nbsp; de la chistera sacan\ncontinuamente argumentos peregrinos para confundir al personal, usando\ndemasiado el doble lenguaje as\u00ed como la acusaci\u00f3n sin fundamento. Como decir que\nse enteran de todo por los peri\u00f3dicos. Tuvo que &nbsp;salir el gobierno vasco a la &nbsp;palestra diciendo que la consejera de Sanidad,\nGotzone Sagardui hab\u00eda mantenido un encuentro&nbsp;\ncon una treintena de alcaldes de los municipios de la zona&nbsp; de salud del Goierri y Alto Urola sin a\u00f1adir\nque el Lehendakari les ha dicho que estar\u00e1 con ellos cuando los distintos consejeros\nhayan terminado su periplo por el Parlamento. Da igual. Lo importante es crear\nuna matriz de opini\u00f3n negativa. El gobierno vasco no est\u00e1 a la altura, tiene\nque pedir permiso &nbsp;a S\u00e1nchez y encima no\nnos consulta nada. O la brutal huelga de estibadores en el Puerto de Bilbao que\nle ha hecho perder rutas, o la campa\u00f1a contra el Gobierno en relaci\u00f3n a la\neducaci\u00f3n &nbsp;tan subida de tono y tan poco\nvocacional y como el curso escolar va bien, dirigen ahora su tensionamiento a\nla sanidad. Sindicatos que no se presentan a las elecciones, pero quieren\ngobernar desde la calle, piquetes incluidos como en el Puerto.<\/p>\n\n\n\n<p>Es una\nmanera rara de hacer pol\u00edtica, como la utilizada por Mertxe Aizpurua en el\nCongreso obsesionada de desmarcarse del PNV en todo. Se &nbsp;llega a un acuerdo de aislamiento a Vox en el\nParlamento Vasco, como hacen Macron y Merkel en sus pa\u00edses, y en lugar de hacer\nhonor al compromiso y como queriendo recuperar el tiempo silente perdido en la\ntribuna, la portavoz de Bildu nos encaja un discurso nada cre\u00edble en la moci\u00f3n\nde censura que &nbsp;tuvo como respuesta de\nVox la lectura de los nombres de las 835 v\u00edctimas de ETA olvidando las del GAL\ny otras conexas. Y luego se quejan del facher\u00edo &nbsp;al que siguen dando argumentos porque todav\u00eda\nhoy es el d\u00eda en el que siguen organizando recibimientos a los causantes de\naquella barbarie. \u00bfQu\u00e9 credibilidad se puede tener y que confianza adquirir con\nsemejante conducta?. Parecer\u00eda que Vox y Sortu, son dos extremos, que se retroalimentan.\nConfiemos en que tras las elecciones norteamericanas no le manden un telegrama\na Trump por su resultado, como hicieron hace cuatro a\u00f1os.<\/p>\n\n\n\n<p>El\ns\u00e1bado 24 Pedro S\u00e1nchez estuvo en el Vaticano con el Papa. Este le dijo: \u201dlas\nideas sectarizan y deconstruyen la patria\u201d. Mucho m\u00e1s en Pandemia. Pero los\nComisarios de la revoluci\u00f3n &nbsp;no son\ncristianos ni tienen por qu\u00e9 hacer caso a tan sabio consejo. Tampoco hay que\nextra\u00f1arse. La idea del barro pol\u00edtico, la confrontaci\u00f3n y ahora la encubierta &nbsp;lucha de clases contra el neoliberalismo y Confebask\nes una constante hist\u00f3rica del marxismo. Su apolog\u00eda acompa\u00f1a a sus programas\nideol\u00f3gicos y emocionales. La hostilidad y la rivalidad contenida en ella\nconfiguran sus representaciones del mundo. Con Pandemia o sin ella. No buscan\nconsensos ni reconciliaciones. La imposici\u00f3n sobre el otro, la manipulaci\u00f3n de\nla realidad y la confrontaci\u00f3n ocupan toda su atenci\u00f3n. En este contexto\nideol\u00f3gico, se incentiva la idea de que todo est\u00e1 mal, asociado con el supuesto\nde la justicia social, hist\u00f3ricamente ignorada, aunque no sea verdad. <\/p>\n\n\n\n<p>Como\nherencia decimon\u00f3nica, este n\u00facleo conceptual perme\u00f3 cultural y pol\u00edticamente a\ndiversas sociedades. Desde luego al mundo de ETA, del que Sortu es su heredera&nbsp; ideol\u00f3gica. Y cada vez se nota m\u00e1s. Desde\nentonces, la idea de la lucha de clases y su papel como \u201cmotor de la historia\u201d\nrevela la inherencia marxista a la inevitabilidad de la confrontaci\u00f3n total, aunque\n&nbsp;ahora el discurso ser\u00e1 el del rodillo\nPNV-PSE. El pelo de la dehesa en la pol\u00edtica vasca est\u00e1 ah\u00ed. Bildu, Sortu, ELA,\nLAB grupos sandinistas, Sierra Maestra y organizaciones de este estilo\norganizaron hace unas semanas una manifestaci\u00f3n contra Estados Unidos ante el\nArriaga por lo que llaman el bloqueo de Cuba que es un embargo, poniendo al\nreceptor de su famoso telegrama, Donald Trump como gran responsable de todo, pero\nsin decir una palabra en relaci\u00f3n con los derechos humanos en Cuba, la libertad\nde expresi\u00f3n y de movimientos, el poder organizar una empresita para poder\nvivir con mayor dignidad y minucias como \u00e9sta. O la bronca que anunciaron nos\niban a montar en Gernika y Bilbao el 27 de octubre por &nbsp;la visita del premio Sajarov Lorent Saleh y el\n&nbsp;cl\u00e1sico tw, \u201del PNV al servicio del\nfascismo, el golpismo y la corrupci\u00f3n saqueadora al servicio de los yanquis\u201d.<\/p>\n\n\n\n<p>Siguen\nsin cambiar en nada. Me dec\u00eda un jelkide concejal de oposici\u00f3n que EH Bildu,\npueblo a pueblo, est\u00e1 much\u00edsimo m\u00e1s cerca de Arkaitz Rodr\u00edguez que del ex\nalcalde de Errenteria&nbsp;Julen Mendoza. Los comunicados de rechazo de la\nviolencia, son s\u00f3lo una faena de ali\u00f1o despojada de cualquier asunci\u00f3n real\n\u00e9tica y democr\u00e1tica. Forman parte de la misma estrategia de \u00ablavado de\nimagen\u00bb que ha situado a personas de perfil bajo y escaso pasado pol\u00edtico&nbsp;en\nlas alcald\u00edas, mientras la verdadera administraci\u00f3n y decisi\u00f3n municipal recae\nen la ortodoxia revolucionaria. Como en el Parlamento Vasco. \u201dTe &nbsp;pongo un ejemplo: a finales del 2018,\norganizamos, en el marco de los debates de la Comisi\u00f3n para la Memoria y la\nConvivencia un ciclo de cine-f\u00f3rum con diversos documentales sobre el\nreencuentro de v\u00edctimas de la violencia etc. EH Bildu vot\u00f3 a favor para, a\nrengl\u00f3n seguido, dictar una orden interna de boicot. Ning\u00fan concejal, ni ning\u00fan\ndirigente local, ni ning\u00fan simpatizante de la izquierda independentista acudi\u00f3\na las diferentes sesiones; el entonces candidato para las municipales del 2019,\nhoy alcalde de Bildu, pas\u00f3 delante de nosotros a la entrada del cine donde se\niba a proyectar uno de aquellos documentales; <\/p>\n\n\n\n<p>salud\u00f3\npero no entr\u00f3. Hab\u00eda interiorizado perfectamente la orden\u201d. Ese es el doble\ndiscurso.&nbsp;<\/p>\n\n\n\n<p>Escribi\u00f3\nArnaldo Otegi en el decimoquinto aniversario del fallecimiento de Idigoras el\npasado mes de marzo un consejo que le daba el de Zornotza. \u201dRonaldinho, tenemos\nque cambiar. Esto de creernos los m\u00e1s altos y los m\u00e1s guapos, pero sin salir\ndel ghetto de Varsovia&nbsp; no es el mejor\ncamino\u201d. Otegi lo pon\u00eda en valor, pero siguen en el ghetto&nbsp; y con la misma mentalidad de&nbsp; Sierra Maestra de hace cuarenta a\u00f1os. Cuando\nen el 2003, Otegi present\u00f3 el documento Anaitasuna, Arzalluz les dijo\ninaugurando el batzoki de Alsasua: \u201dAqu\u00ed llevamos apelando a la unidad de los\nabertzales desde hace ya muchos a\u00f1os. Lo que pregunto a Otegi y su gente es si\nest\u00e1n dispuestos a dejar&nbsp; de lado su\ndogmatismo marxista, a reconocer lo bueno y lo malo, a debatir con sentido\npr\u00e1ctico, a ceder en sus postulados y a respetar los votos de todas opciones\npol\u00edticas. A partir de ese momento el di\u00e1logo pol\u00edtico ser\u00e1 posible\u201d. M\u00e1s claro\nagua. Pero siguen en el ghetto.<\/p>\n<!-- AddThis Advanced Settings generic via filter on the_content --><!-- AddThis Share Buttons generic via filter on the_content -->","protected":false},"excerpt":{"rendered":"<p>Lunes 2 de noviembre de 2020 Reconozco, soy un pesado. Es la tercera vez que lo recuerdo aqu\u00ed. Pero como a Podemos y Bildu no les gusta el recordatorio, lo hago yo. Les basta acusar y decir la mayor de las atrocidades porque saben que, como no son el PNV, el grado de sanci\u00f3n social &hellip; <a href=\"https:\/\/blogs.deia.eus\/anasagasti\/2020\/11\/02\/y-si-no-se-hubieran-convocado-las-elecciones\/\" class=\"more-link\">Sigue leyendo <span class=\"screen-reader-text\">\u00bfY si no se hubieran convocado las elecciones?<\/span><\/a><!-- AddThis Advanced Settings generic via filter on get_the_excerpt --><!-- AddThis Share Buttons generic via filter on get_the_excerpt --><\/p>\n","protected":false},"author":19,"featured_media":0,"comment_status":"open","ping_status":"open","sticky":false,"template":"","format":"standard","meta":{"footnotes":""},"categories":[1],"tags":[],"class_list":["post-13996","post","type-post","status-publish","format-standard","hentry","category-general"],"_links":{"self":[{"href":"https:\/\/blogs.deia.eus\/anasagasti\/wp-json\/wp\/v2\/posts\/13996","targetHints":{"allow":["GET"]}}],"collection":[{"href":"https:\/\/blogs.deia.eus\/anasagasti\/wp-json\/wp\/v2\/posts"}],"about":[{"href":"https:\/\/blogs.deia.eus\/anasagasti\/wp-json\/wp\/v2\/types\/post"}],"author":[{"embeddable":true,"href":"https:\/\/blogs.deia.eus\/anasagasti\/wp-json\/wp\/v2\/users\/19"}],"replies":[{"embeddable":true,"href":"https:\/\/blogs.deia.eus\/anasagasti\/wp-json\/wp\/v2\/comments?post=13996"}],"version-history":[{"count":1,"href":"https:\/\/blogs.deia.eus\/anasagasti\/wp-json\/wp\/v2\/posts\/13996\/revisions"}],"predecessor-version":[{"id":13998,"href":"https:\/\/blogs.deia.eus\/anasagasti\/wp-json\/wp\/v2\/posts\/13996\/revisions\/13998"}],"wp:attachment":[{"href":"https:\/\/blogs.deia.eus\/anasagasti\/wp-json\/wp\/v2\/media?parent=13996"}],"wp:term":[{"taxonomy":"category","embeddable":true,"href":"https:\/\/blogs.deia.eus\/anasagasti\/wp-json\/wp\/v2\/categories?post=13996"},{"taxonomy":"post_tag","embeddable":true,"href":"https:\/\/blogs.deia.eus\/anasagasti\/wp-json\/wp\/v2\/tags?post=13996"}],"curies":[{"name":"wp","href":"https:\/\/api.w.org\/{rel}","templated":true}]}}