{"id":13999,"date":"2020-11-03T12:31:03","date_gmt":"2020-11-03T10:31:03","guid":{"rendered":"http:\/\/blogs.deia.eus\/anasagasti\/?p=13999"},"modified":"2020-11-03T12:31:04","modified_gmt":"2020-11-03T10:31:04","slug":"el-talon-de-aquiles-del-proyecto-de-memoria","status":"publish","type":"post","link":"https:\/\/blogs.deia.eus\/anasagasti\/2020\/11\/03\/el-talon-de-aquiles-del-proyecto-de-memoria\/","title":{"rendered":"El tal\u00f3n de Aquiles del proyecto de Memoria"},"content":{"rendered":"\n<p><strong>Martes\n3 de noviembre de 2020 <\/strong><\/p>\n\n\n\n<figure class=\"wp-block-image\"><img loading=\"lazy\" decoding=\"async\" width=\"940\" height=\"623\" src=\"https:\/\/blogs.deia.eus\/anasagasti\/files\/2020\/11\/Se-hunde-001-940x623.jpg\" alt=\"\" class=\"wp-image-14000\" srcset=\"https:\/\/blogs.deia.eus\/anasagasti\/files\/2020\/11\/Se-hunde-001-940x623.jpg 940w, https:\/\/blogs.deia.eus\/anasagasti\/files\/2020\/11\/Se-hunde-001-580x385.jpg 580w, https:\/\/blogs.deia.eus\/anasagasti\/files\/2020\/11\/Se-hunde-001-768x509.jpg 768w, https:\/\/blogs.deia.eus\/anasagasti\/files\/2020\/11\/Se-hunde-001.jpg 1024w\" sizes=\"auto, (max-width: 940px) 100vw, 940px\" \/><\/figure>\n\n\n\n<p>En ETB,\neste lunes Arnaldo Otegi y Carmen Garrido vociferaban contra el Llehendakari a\ncuenta de la pandemia. Los que no quer\u00edan elecciones el pasado 12 de julio\ntapaban sus verg\u00fcenzas siguiendo la m\u00e1xima de \u201cAtaca, para que no te ataquen\u201d. Y\nETB se lo permite. Al lado de estas acusaciones, graves acusaciones, deber\u00edan haber\npreguntado al portavoz del gobierno, a la Consejera de Sanidad o a alguien\nresponsable sobre lo que opinaba de las mismas. Es lo que hace la BBC, de lo\ncontrario el ataque se queda en el o\u00eddo como algo verdadero y sin r\u00e9plica.<\/p>\n\n\n\n<p>La\nmisma ETB que nada dec\u00eda sobre la nieta de una personalidad vasca desaparecida\nen el Pac\u00edfico colombiano, noticia que ha conmocionado aquel pa\u00eds. El abuelo de\nJuana Perea&nbsp; asesinada por trabajar en un\nlugar paradis\u00edaco&nbsp; con las comunidades\nnaturales y que pretend\u00eda construir un ecohotel tuvo como abuelo al primer\ndelegado del Gobierno Vasco en aquel pa\u00eds, Andr\u00e9s Perea Gallaga, que fue alto\nfuncionario de Hacienda en la Diputaci\u00f3n de Bizkaia y en el Gobierno Vasco. Y\ncon una densa historia por detr\u00e1s de \u00e9xito acad\u00e9mico y profesional.<\/p>\n\n\n\n<p>Entiendo\nque a los corresponsales de ETB no les exijan un curso de una m\u00ednima historia\nvasca en los pa\u00edses de destino, pero no estar\u00eda nada mal que lo hicieran. La\nprofesionalidad exige algo m\u00e1s que dar la nata de las noticias que seguramente\ncompradas a la CNN o a la agencia EFE no desentonar\u00edan en nada con lo que aqu\u00ed\nrecibimos.<\/p>\n\n\n\n<p>Digo\ntodo esto porque era el d\u00eda en el que aparec\u00eda la Consejera Artolozabal, la\nDirectora de Gogora Aintzane Ezenarro y el Viceconsejero Rodr\u00edguez Ranz\nhablando de una pr\u00f3xima campa\u00f1a y del pr\u00f3ximo d\u00eda de la Memoria el 10 de\nnoviembre con un logrado mensaje: \u201dMirar hacia atr\u00e1s para seguir adelante\u201d\nsostenido en la mirada de un joven. Bonito anuncio. Se trata de transmitir la\nmemoria en todas las instituciones con un criterio de Memoria compartida, no\ncomo arma arrojadiza. \u201dUna mirada cr\u00edtica, abierta, inclusiva, humana, constructiva\ny \u00e9tica\u201d. \u00a1Casi nada!.<\/p>\n\n\n\n<p>El\ngrave problema es que todos estos deseos son fant\u00e1sticos pero se quedar\u00e1n en poco\nsi ETB no los asume. Cuando creamos el Ente en 1982 una de sus prioridades era\n\u00e9sta. Nos hab\u00edan tenido en silencio cuarenta a\u00f1os y se trataba de recuperar el\ntiempo perdido. Mesas redondas, ediciones, fechas simb\u00f3licas, documentales, grabar\nla memoria hablada y todo en horas de prime time. Con la actual ETB te enteras\nde la \u00faltima noticia en Medio Oriente, de la campa\u00f1a USA, de cuando va a ser la\npr\u00f3xima huelga o manifestaci\u00f3n convocada por ELA y LAB y poco m\u00e1s. Lo poco de\nhistoria en horas de madrugada o los domingos ma\u00f1aneros.<\/p>\n\n\n\n<p>Confiemos\nque esto cambie pues de no ser as\u00ed es mejor no gastar p\u00f3lvora en buenas ideas\nque se quedan siempre en la marginalidad del momento.<\/p>\n<!-- AddThis Advanced Settings generic via filter on the_content --><!-- AddThis Share Buttons generic via filter on the_content -->","protected":false},"excerpt":{"rendered":"<p>Martes 3 de noviembre de 2020 En ETB, este lunes Arnaldo Otegi y Carmen Garrido vociferaban contra el Llehendakari a cuenta de la pandemia. Los que no quer\u00edan elecciones el pasado 12 de julio tapaban sus verg\u00fcenzas siguiendo la m\u00e1xima de \u201cAtaca, para que no te ataquen\u201d. Y ETB se lo permite. Al lado de &hellip; <a href=\"https:\/\/blogs.deia.eus\/anasagasti\/2020\/11\/03\/el-talon-de-aquiles-del-proyecto-de-memoria\/\" class=\"more-link\">Sigue leyendo <span class=\"screen-reader-text\">El tal\u00f3n de Aquiles del proyecto de Memoria<\/span><\/a><!-- AddThis Advanced Settings generic via filter on get_the_excerpt --><!-- AddThis Share Buttons generic via filter on get_the_excerpt --><\/p>\n","protected":false},"author":19,"featured_media":0,"comment_status":"open","ping_status":"open","sticky":false,"template":"","format":"standard","meta":{"footnotes":""},"categories":[1],"tags":[],"class_list":["post-13999","post","type-post","status-publish","format-standard","hentry","category-general"],"_links":{"self":[{"href":"https:\/\/blogs.deia.eus\/anasagasti\/wp-json\/wp\/v2\/posts\/13999","targetHints":{"allow":["GET"]}}],"collection":[{"href":"https:\/\/blogs.deia.eus\/anasagasti\/wp-json\/wp\/v2\/posts"}],"about":[{"href":"https:\/\/blogs.deia.eus\/anasagasti\/wp-json\/wp\/v2\/types\/post"}],"author":[{"embeddable":true,"href":"https:\/\/blogs.deia.eus\/anasagasti\/wp-json\/wp\/v2\/users\/19"}],"replies":[{"embeddable":true,"href":"https:\/\/blogs.deia.eus\/anasagasti\/wp-json\/wp\/v2\/comments?post=13999"}],"version-history":[{"count":1,"href":"https:\/\/blogs.deia.eus\/anasagasti\/wp-json\/wp\/v2\/posts\/13999\/revisions"}],"predecessor-version":[{"id":14001,"href":"https:\/\/blogs.deia.eus\/anasagasti\/wp-json\/wp\/v2\/posts\/13999\/revisions\/14001"}],"wp:attachment":[{"href":"https:\/\/blogs.deia.eus\/anasagasti\/wp-json\/wp\/v2\/media?parent=13999"}],"wp:term":[{"taxonomy":"category","embeddable":true,"href":"https:\/\/blogs.deia.eus\/anasagasti\/wp-json\/wp\/v2\/categories?post=13999"},{"taxonomy":"post_tag","embeddable":true,"href":"https:\/\/blogs.deia.eus\/anasagasti\/wp-json\/wp\/v2\/tags?post=13999"}],"curies":[{"name":"wp","href":"https:\/\/api.w.org\/{rel}","templated":true}]}}