{"id":14002,"date":"2020-11-04T15:27:42","date_gmt":"2020-11-04T13:27:42","guid":{"rendered":"http:\/\/blogs.deia.eus\/anasagasti\/?p=14002"},"modified":"2020-11-04T15:27:44","modified_gmt":"2020-11-04T13:27:44","slug":"el-parlamento-vasco-denuncia-el-asesinato-de-juana-perea","status":"publish","type":"post","link":"https:\/\/blogs.deia.eus\/anasagasti\/2020\/11\/04\/el-parlamento-vasco-denuncia-el-asesinato-de-juana-perea\/","title":{"rendered":"El Parlamento Vasco denuncia el asesinato de Juana Perea"},"content":{"rendered":"\n<p><strong>Mi\u00e9rcoles 4 de noviembre de 2020<\/strong><\/p>\n\n\n\n<div class=\"wp-block-image\"><figure class=\"aligncenter is-resized\"><img loading=\"lazy\" decoding=\"async\" src=\"https:\/\/blogs.deia.eus\/anasagasti\/files\/2020\/11\/Asesinan-a-activista-colombo-espa\u00f1ola-en-la-regi\u00f3n-del-Pac\u00edfico-colombiano.jpeg\" alt=\"\" class=\"wp-image-14003\" width=\"407\" height=\"397\" \/><\/figure><\/div>\n\n\n\n<p>Colombia lleva sufriendo una situaci\u00f3n de violencia\nsostenida desde hace d\u00e9cadas, que ha generado un contexto de violaciones\nsistem\u00e1ticas de los derechos humanos.<\/p>\n\n\n\n<p>A pesar, de los acuerdos de La Habana entre el\nGobierno colombiano y la guerrilla de las FARC, el proceso de paz no termina de\nimplementarse. Algunos acuerdos son incumplidos constantemente. Parte de los\nantiguos combatientes de las Farc han vuelto a las armas, y desde los inicios de los di\u00e1logos\nde paz en 2012 alrededor de 1000 l\u00edderes sociales y defensores y\ndefensoras de los derechos humanos han sido asesinados por bandas paramilitares\ny agentes armados.<\/p>\n\n\n\n<p>En este contexto\nde persecuci\u00f3n sistem\u00e1tica de l\u00edderes sociales\nel pasado 29 de\nOctubre fue asesinada en Nuqu\u00ed, Departamento del Choc\u00f3 Juana M\u00aa Perea,\nempresaria y lideresa ambientalista de origen\nvasco.<\/p>\n\n\n\n<p>Juana M\u00aa era nieta de Andr\u00e9s Perea Gallaga, primer\ndelegado del gobierno Vasco en Colombia.<\/p>\n\n\n\n<p>El Parlamento Vasco,\njunto con el resto de instituciones p\u00fablicas\ny ongs mantiene una estrecha relaci\u00f3n con el pueblo Colombiano, y viene\napoyando decididamente el proceso\nde paz, y los derechos\nhumanos en aquel pa\u00eds, siendo numerosas las acciones y declaraciones\nrealizadas hasta la fecha.<\/p>\n\n\n\n<p>Una vez m\u00e1s ante la constataci\u00f3n del clima de\nviolencia, y violaciones de los derechos humanos que se mantiene, el Parlamento\nVasco:<\/p>\n\n\n\n<ul class=\"wp-block-list\"><li>Declara su preocupaci\u00f3n por el agravamiento de la violencia contra\ndefensores y defensoras de derechos humanos en estos \u00faltimos meses. As\u00ed como el\nclima de impunidad en el que se est\u00e1n perpetrando<\/li><li>Manifiesta su condena por el asesinato de Juana M\u00aa Perea, e insta a las\nautoridades colombianas a la investigaci\u00f3n exhaustiva que permita el esclarecimiento\ntotal de los hechos, as\u00ed como la localizaci\u00f3n, detenci\u00f3n y enjuiciamiento de\nlos culpables, tanto materiales como intelectuales. El Parlamento Vasco, har\u00e1\nseguimiento activo de este proceso<\/li><li>Reitera su compromiso con el pueblo de Colombia, con la defensa de los\nderechos humanos y del proceso de paz en aquel pa\u00eds, e insta al Gobierno vasco\na seguir manteniendo y reforzando la cooperaci\u00f3n con estos objetivos.<\/li><li>Solicita a las instituciones colombianas refuercen el compromiso con la\nprotecci\u00f3n a activistas y ciudadanos amenazados, y pongan los medios necesarios para terminar con la violencia y la impunidad que la acompa\u00f1a. <\/li><\/ul>\n\n\n\n<p>Vitoria-Gasteiz, a 2 de Noviembre de 2020<\/p>\n<!-- AddThis Advanced Settings generic via filter on the_content --><!-- AddThis Share Buttons generic via filter on the_content -->","protected":false},"excerpt":{"rendered":"<p>Mi\u00e9rcoles 4 de noviembre de 2020 Colombia lleva sufriendo una situaci\u00f3n de violencia sostenida desde hace d\u00e9cadas, que ha generado un contexto de violaciones sistem\u00e1ticas de los derechos humanos. A pesar, de los acuerdos de La Habana entre el Gobierno colombiano y la guerrilla de las FARC, el proceso de paz no termina de implementarse. &hellip; <a href=\"https:\/\/blogs.deia.eus\/anasagasti\/2020\/11\/04\/el-parlamento-vasco-denuncia-el-asesinato-de-juana-perea\/\" class=\"more-link\">Sigue leyendo <span class=\"screen-reader-text\">El Parlamento Vasco denuncia el asesinato de Juana Perea<\/span><\/a><!-- AddThis Advanced Settings generic via filter on get_the_excerpt --><!-- AddThis Share Buttons generic via filter on get_the_excerpt --><\/p>\n","protected":false},"author":19,"featured_media":0,"comment_status":"open","ping_status":"open","sticky":false,"template":"","format":"standard","meta":{"footnotes":""},"categories":[1],"tags":[],"class_list":["post-14002","post","type-post","status-publish","format-standard","hentry","category-general"],"_links":{"self":[{"href":"https:\/\/blogs.deia.eus\/anasagasti\/wp-json\/wp\/v2\/posts\/14002","targetHints":{"allow":["GET"]}}],"collection":[{"href":"https:\/\/blogs.deia.eus\/anasagasti\/wp-json\/wp\/v2\/posts"}],"about":[{"href":"https:\/\/blogs.deia.eus\/anasagasti\/wp-json\/wp\/v2\/types\/post"}],"author":[{"embeddable":true,"href":"https:\/\/blogs.deia.eus\/anasagasti\/wp-json\/wp\/v2\/users\/19"}],"replies":[{"embeddable":true,"href":"https:\/\/blogs.deia.eus\/anasagasti\/wp-json\/wp\/v2\/comments?post=14002"}],"version-history":[{"count":1,"href":"https:\/\/blogs.deia.eus\/anasagasti\/wp-json\/wp\/v2\/posts\/14002\/revisions"}],"predecessor-version":[{"id":14004,"href":"https:\/\/blogs.deia.eus\/anasagasti\/wp-json\/wp\/v2\/posts\/14002\/revisions\/14004"}],"wp:attachment":[{"href":"https:\/\/blogs.deia.eus\/anasagasti\/wp-json\/wp\/v2\/media?parent=14002"}],"wp:term":[{"taxonomy":"category","embeddable":true,"href":"https:\/\/blogs.deia.eus\/anasagasti\/wp-json\/wp\/v2\/categories?post=14002"},{"taxonomy":"post_tag","embeddable":true,"href":"https:\/\/blogs.deia.eus\/anasagasti\/wp-json\/wp\/v2\/tags?post=14002"}],"curies":[{"name":"wp","href":"https:\/\/api.w.org\/{rel}","templated":true}]}}