{"id":14005,"date":"2020-11-05T15:51:59","date_gmt":"2020-11-05T13:51:59","guid":{"rendered":"http:\/\/blogs.deia.eus\/anasagasti\/?p=14005"},"modified":"2020-11-05T15:52:00","modified_gmt":"2020-11-05T13:52:00","slug":"cuando-solo-se-esta-a-setas","status":"publish","type":"post","link":"https:\/\/blogs.deia.eus\/anasagasti\/2020\/11\/05\/cuando-solo-se-esta-a-setas\/","title":{"rendered":"Cuando solo se est\u00e1 a setas."},"content":{"rendered":"\n<p><strong>Jueves 5 de noviembre de 2020<\/strong><\/p>\n\n\n\n<figure class=\"wp-block-image\"><img loading=\"lazy\" decoding=\"async\" width=\"940\" height=\"477\" src=\"https:\/\/blogs.deia.eus\/anasagasti\/files\/2020\/11\/Pro-Gobernaci\u00f3n-de-concentraci\u00f3n-940x477.jpg\" alt=\"\" class=\"wp-image-14006\" srcset=\"https:\/\/blogs.deia.eus\/anasagasti\/files\/2020\/11\/Pro-Gobernaci\u00f3n-de-concentraci\u00f3n-940x477.jpg 940w, https:\/\/blogs.deia.eus\/anasagasti\/files\/2020\/11\/Pro-Gobernaci\u00f3n-de-concentraci\u00f3n-580x295.jpg 580w, https:\/\/blogs.deia.eus\/anasagasti\/files\/2020\/11\/Pro-Gobernaci\u00f3n-de-concentraci\u00f3n-768x390.jpg 768w, https:\/\/blogs.deia.eus\/anasagasti\/files\/2020\/11\/Pro-Gobernaci\u00f3n-de-concentraci\u00f3n.jpg 1024w\" sizes=\"auto, (max-width: 940px) 100vw, 940px\" \/><\/figure>\n\n\n\n<p>El dibujo es de la revista Por Favor, una gran publicaci\u00f3n humor\u00edstica de\nla transici\u00f3n cargada de talento. Y ah\u00ed les tienen a los meritorios de la \u00e9poca\nen una mesa petitoria con la hoz y el martillo en lugar de con la banderita. Una\nfoto as\u00ed quer\u00edan hacer este jueves &nbsp;en el\nCongreso para decir que los presupuestos se van a aprobar. Pol\u00edtica fotogr\u00e1fica\nse le llama a eso. El PNV no ha ido a la reuni\u00f3n. O se est\u00e1 a setas o se est\u00e1 a\nRolex. O se negocia de verdad o que en la foto salgan a los que les encanta\nposar. O la cosa va en serio, o que se busquen otros apoyos. Y seguramente el\nPNV apoyar\u00e1 los presupuestos, pero las cosas una a una, en serio y sin m\u00fasica\nde trompeta.<\/p>\n\n\n\n<p>Eso es el Madrid pol\u00edtico negociando. La falta de seriedad en todo es\nmanifiesta. Todo es regate en corto, abrazos y palmadas, sonrisas y cara de\nsatisfacci\u00f3n. Por eso me parece muy bien poner pie en pared.<\/p>\n\n\n\n<p>Lo malo es que&nbsp; esto no ocurre\nsolo con el PSOE y Podemos sino tambi\u00e9n con Bildu. Por eso el PNV critic\u00f3 \u00abel desinter\u00e9s\u00bb de EH\nBildu, que impidi\u00f3 que el Senado inste al Gobierno de Pedro S\u00e1nchez a retirar\nel recurso de inconstitucionalidad contra el Fuero Nuevo de Nafarroa.<\/p>\n\n\n\n<p>A trav\u00e9s de un comunicado, la formaci\u00f3n\njeltzale se\u00f1al\u00f3 que la iniciativa cont\u00f3 con doce votos favorables y trece en\ncontra, los del PSOE y Vox, por lo que la abstenci\u00f3n de los dos representantes\ndel grupo parlamentario de ERC-EH Bil\u00addu fue \u00abdeterminante para que no\nhaya salido adelante\u00bb.<\/p>\n\n\n\n<p>El PNV denunci\u00f3 la \u00abdejaci\u00f3n en la\ndefensa de los intereses\u00bb de Nafarroa de EH Bildu en este asunto, ya que\nlos dos representantes de ERC \u00abhan despacha\u00addo su turno de intervenci\u00f3n en\ncuatro segundos, denotando un evidente desinter\u00e9s por la cues\u00adti\u00f3n a\ndebate\u00bb.<\/p>\n\n\n\n<p>La iniciativa,\ndefendida en la C\u00e1mara alta por Alberto Cata\u00adl\u00e1n, de UPN, cont\u00f3 con el res\u00adpaldo\ndel PP, Izquierda Confe\u00adderal y el PNV, el voto en con\u00adtra de los socialistas y\nde Vox y la abstenci\u00f3n de Ciudadanos y de ERC-EH Bildu. Estos por lo que se ve\nsolo est\u00e1n a Setas. A sus Setas. Y a sacarse la foto.<\/p>\n<!-- AddThis Advanced Settings generic via filter on the_content --><!-- AddThis Share Buttons generic via filter on the_content -->","protected":false},"excerpt":{"rendered":"<p>Jueves 5 de noviembre de 2020 El dibujo es de la revista Por Favor, una gran publicaci\u00f3n humor\u00edstica de la transici\u00f3n cargada de talento. Y ah\u00ed les tienen a los meritorios de la \u00e9poca en una mesa petitoria con la hoz y el martillo en lugar de con la banderita. Una foto as\u00ed quer\u00edan hacer &hellip; <a href=\"https:\/\/blogs.deia.eus\/anasagasti\/2020\/11\/05\/cuando-solo-se-esta-a-setas\/\" class=\"more-link\">Sigue leyendo <span class=\"screen-reader-text\">Cuando solo se est\u00e1 a setas.<\/span><\/a><!-- AddThis Advanced Settings generic via filter on get_the_excerpt --><!-- AddThis Share Buttons generic via filter on get_the_excerpt --><\/p>\n","protected":false},"author":19,"featured_media":0,"comment_status":"open","ping_status":"open","sticky":false,"template":"","format":"standard","meta":{"footnotes":""},"categories":[1],"tags":[],"class_list":["post-14005","post","type-post","status-publish","format-standard","hentry","category-general"],"_links":{"self":[{"href":"https:\/\/blogs.deia.eus\/anasagasti\/wp-json\/wp\/v2\/posts\/14005","targetHints":{"allow":["GET"]}}],"collection":[{"href":"https:\/\/blogs.deia.eus\/anasagasti\/wp-json\/wp\/v2\/posts"}],"about":[{"href":"https:\/\/blogs.deia.eus\/anasagasti\/wp-json\/wp\/v2\/types\/post"}],"author":[{"embeddable":true,"href":"https:\/\/blogs.deia.eus\/anasagasti\/wp-json\/wp\/v2\/users\/19"}],"replies":[{"embeddable":true,"href":"https:\/\/blogs.deia.eus\/anasagasti\/wp-json\/wp\/v2\/comments?post=14005"}],"version-history":[{"count":1,"href":"https:\/\/blogs.deia.eus\/anasagasti\/wp-json\/wp\/v2\/posts\/14005\/revisions"}],"predecessor-version":[{"id":14007,"href":"https:\/\/blogs.deia.eus\/anasagasti\/wp-json\/wp\/v2\/posts\/14005\/revisions\/14007"}],"wp:attachment":[{"href":"https:\/\/blogs.deia.eus\/anasagasti\/wp-json\/wp\/v2\/media?parent=14005"}],"wp:term":[{"taxonomy":"category","embeddable":true,"href":"https:\/\/blogs.deia.eus\/anasagasti\/wp-json\/wp\/v2\/categories?post=14005"},{"taxonomy":"post_tag","embeddable":true,"href":"https:\/\/blogs.deia.eus\/anasagasti\/wp-json\/wp\/v2\/tags?post=14005"}],"curies":[{"name":"wp","href":"https:\/\/api.w.org\/{rel}","templated":true}]}}