{"id":14012,"date":"2020-11-07T15:41:11","date_gmt":"2020-11-07T13:41:11","guid":{"rendered":"http:\/\/blogs.deia.eus\/anasagasti\/?p=14012"},"modified":"2020-11-07T15:41:12","modified_gmt":"2020-11-07T13:41:12","slug":"esta-foto-me-gusta-2","status":"publish","type":"post","link":"https:\/\/blogs.deia.eus\/anasagasti\/2020\/11\/07\/esta-foto-me-gusta-2\/","title":{"rendered":"Esta foto me gusta"},"content":{"rendered":"\n<p><strong>S\u00e1bado 7 de\nnoviembre de 2020<\/strong><\/p>\n\n\n\n<div class=\"wp-block-image\"><figure class=\"aligncenter\"><img loading=\"lazy\" decoding=\"async\" width=\"503\" height=\"300\" src=\"https:\/\/blogs.deia.eus\/anasagasti\/files\/2020\/11\/Fmilia-Aguirre.jpg\" alt=\"\" class=\"wp-image-14013\" \/><\/figure><\/div>\n\n\n\n<p>Jon\nIrazabal, que entreg\u00f3 al presidente&nbsp; del EBB, el \u00faltimo cuadro pintado al\nLehendakari Aguirre en Caracas, me ha enviado esta fotograf\u00eda&nbsp; dici\u00e9ndome\nlo siguiente.<\/p>\n\n\n\n<p>\u00abAyer revisando fotos de mi Ama encontr\u00e9 este precioso\nrecuerdo de la familia de nuestro Lehendakari. Si\nquieres puedes publicarla. Creo que es una foto para el recuerdo. Perteneci\u00f3 a Bedite Zabala Otaola\u00bb.<\/p>\n\n\n\n<p>Con mucho gusto la reproduzco. Es la familia directa del Lehendakari en una\nfotograf\u00eda familiar in\u00e9dita.<\/p>\n\n\n\n<p>El Lehendakari est\u00e1 con su esposa Mari Zabala y sus tres hijos, Aintzane, Joseba\ne I\u00f1aki.<\/p>\n\n\n\n<p>Todos sonr\u00eden a la c\u00e1mara. Me da que pudo ser sacada en Paris cuando, tras\nla II Guerra Mundial, se residenci\u00f3 en Par\u00eds.<\/p>\n\n\n\n<p>Un buen recuerdo.!!!<\/p>\n<!-- AddThis Advanced Settings generic via filter on the_content --><!-- AddThis Share Buttons generic via filter on the_content -->","protected":false},"excerpt":{"rendered":"<p>S\u00e1bado 7 de noviembre de 2020 Jon Irazabal, que entreg\u00f3 al presidente&nbsp; del EBB, el \u00faltimo cuadro pintado al Lehendakari Aguirre en Caracas, me ha enviado esta fotograf\u00eda&nbsp; dici\u00e9ndome lo siguiente. \u00abAyer revisando fotos de mi Ama encontr\u00e9 este precioso recuerdo de la familia de nuestro Lehendakari. Si quieres puedes publicarla. Creo que es una &hellip; <a href=\"https:\/\/blogs.deia.eus\/anasagasti\/2020\/11\/07\/esta-foto-me-gusta-2\/\" class=\"more-link\">Sigue leyendo <span class=\"screen-reader-text\">Esta foto me gusta<\/span><\/a><!-- AddThis Advanced Settings generic via filter on get_the_excerpt --><!-- AddThis Share Buttons generic via filter on get_the_excerpt --><\/p>\n","protected":false},"author":19,"featured_media":0,"comment_status":"open","ping_status":"open","sticky":false,"template":"","format":"standard","meta":{"footnotes":""},"categories":[1],"tags":[],"class_list":["post-14012","post","type-post","status-publish","format-standard","hentry","category-general"],"_links":{"self":[{"href":"https:\/\/blogs.deia.eus\/anasagasti\/wp-json\/wp\/v2\/posts\/14012","targetHints":{"allow":["GET"]}}],"collection":[{"href":"https:\/\/blogs.deia.eus\/anasagasti\/wp-json\/wp\/v2\/posts"}],"about":[{"href":"https:\/\/blogs.deia.eus\/anasagasti\/wp-json\/wp\/v2\/types\/post"}],"author":[{"embeddable":true,"href":"https:\/\/blogs.deia.eus\/anasagasti\/wp-json\/wp\/v2\/users\/19"}],"replies":[{"embeddable":true,"href":"https:\/\/blogs.deia.eus\/anasagasti\/wp-json\/wp\/v2\/comments?post=14012"}],"version-history":[{"count":1,"href":"https:\/\/blogs.deia.eus\/anasagasti\/wp-json\/wp\/v2\/posts\/14012\/revisions"}],"predecessor-version":[{"id":14014,"href":"https:\/\/blogs.deia.eus\/anasagasti\/wp-json\/wp\/v2\/posts\/14012\/revisions\/14014"}],"wp:attachment":[{"href":"https:\/\/blogs.deia.eus\/anasagasti\/wp-json\/wp\/v2\/media?parent=14012"}],"wp:term":[{"taxonomy":"category","embeddable":true,"href":"https:\/\/blogs.deia.eus\/anasagasti\/wp-json\/wp\/v2\/categories?post=14012"},{"taxonomy":"post_tag","embeddable":true,"href":"https:\/\/blogs.deia.eus\/anasagasti\/wp-json\/wp\/v2\/tags?post=14012"}],"curies":[{"name":"wp","href":"https:\/\/api.w.org\/{rel}","templated":true}]}}