{"id":14147,"date":"2020-12-13T19:17:54","date_gmt":"2020-12-13T17:17:54","guid":{"rendered":"http:\/\/blogs.deia.eus\/anasagasti\/?p=14147"},"modified":"2020-12-13T19:17:55","modified_gmt":"2020-12-13T17:17:55","slug":"a-que-fue-idigoras-al-congreso-en-1995","status":"publish","type":"post","link":"https:\/\/blogs.deia.eus\/anasagasti\/2020\/12\/13\/a-que-fue-idigoras-al-congreso-en-1995\/","title":{"rendered":"\u00bfA qu\u00e9 fue Idigoras al Congreso en 1995?"},"content":{"rendered":"\n<p><strong>Domingo 13 de diciembre de 2020<\/strong><\/p>\n\n\n\n<div class=\"wp-block-image\"><figure class=\"aligncenter is-resized\"><img loading=\"lazy\" decoding=\"async\" src=\"https:\/\/blogs.deia.eus\/anasagasti\/files\/2020\/12\/Idigoras-e-I\u00f1aki.jpg\" alt=\"\" class=\"wp-image-14148\" width=\"509\" height=\"339\" \/><\/figure><\/div>\n\n\n\n<p>1977\nfue un a\u00f1o el\u00e9ctrico. Pas\u00f3 de todo. El PNV sali\u00f3 de la clandestinidad y se\nregistr\u00f3 en marzo. Los puros nos&nbsp;\ndijeron&nbsp; de todo, menos bonito. Las\ncalles bull\u00edan pidiendo amnist\u00eda. Eramos el viejo partido. Yo formaba parte del\nBBB presidido por Juan de Ajuriaguerra donde estaban Arzalluz, Ormaza, Bergara,\nZubiri, Aguirre, Sodupe, Pujana e .Intxaurraga. En la reuni\u00f3n del 5 de abril\ndel&nbsp; BBB&nbsp;\nAnt\u00f3n &nbsp;Ormaza dio cuenta de c\u00f3mo hab\u00eda\nestado en Donibane Lohitzun con los \u201cmilis\u201d. Les inform\u00f3 de lo que pretend\u00edamos\nhacer con la espita abierta por Su\u00e1rez. Est\u00e1bamos sorprendidos de la\ncontinuaci\u00f3n de la lucha armada tras la muerte del dictador. Le contestaron a\nAnt\u00f3n que ellos se limitaban a la alternativa KAS y de ah\u00ed no sal\u00edan. En\nrelaci\u00f3n con el cercano Aberri Eguna manifestaron que cuando hablaban de lucha\nno se estaban refiriendo a una acci\u00f3n callejera, sin embargo a la indicaci\u00f3n de\nque hicieran un escrito en ese sentido, se negaron. Lo \u00fanico relevante fue el\ncontacto. Ese pozo no ten\u00eda agua. En aquella reuni\u00f3n del BBB hablamos de las\nlistas a las elecciones del 15 de junio a las Cortes Generales. Ajuriaguerra\ndijo que los candidatos deb\u00edan ser conocidos, competentes, euskeldunes y que\nsobre todo dieran imagen de bloque conjuntado reparti\u00e9ndose las diferentes\nfunciones y aspectos t\u00e9cnicos. Insist\u00eda el presidente del BBB que a ser posible\ntodos vivieran en Madrid en el mismo hotel, como en tiempos de la Rep\u00fablica lo\nhac\u00edan en el Hotel Panam\u00e1 y que fueran gentes que supieran hacer pol\u00edtica y\nconvivir. He contado como en la siguiente reuni\u00f3n electoral propuso como lema\n\u201cPNV. Fuerza, Eficacia &nbsp;y Honradez\u201d. Se\nsent\u00eda identificado con estas tres palabras en la oferta a plantear en las\nelecciones. Ten\u00eda 73 a\u00f1os e iba a encabezar la lista por Bizkaia. Lo explic\u00f3. \u201dSoy\nmayor pero conozco bien al Equipo DC y a los dirigentes socialistas y la\nprimera obligaci\u00f3n es tener amigos. Espa\u00f1a existe. No se puede repetir lo que\nnos pas\u00f3 en tiempos de la Rep\u00fablica con el Estatuto. Hemos&nbsp; de negociar con el poder all\u00ed donde est\u00e1 y el\npeque\u00f1o tiene que ser inteligente y hacernos necesarios, porque solo te llaman\ncuando te necesitan, y hay que estar. Los vascos somos pocos y hemos de vencer\nresistencias en base a la confianza que logremos ir ganando. Hemos de negociar\ncon Su\u00e1rez el vaciamiento de las c\u00e1rceles y dar soluci\u00f3n a ETA. Tenemos frente\na nosotros la estructura del franquismo y la alta administraci\u00f3n del estado. Y\ntenemos que trabajar mucho para vencer ese discurso irresponsable de que no hay\nque ir a Madrid porque ser\u00eda traicionar la causa vasca. Monz\u00f3n no me puede\ncriticar a m\u00ed de nada. Estuve condenado a muerte y en la c\u00e1rcel. No entusiasmo\na nadie hablando en p\u00fablico pero para eso est\u00e1 Xabier. Y tenemos que poner a\neste pa\u00eds en marcha, si no lo hacemos, lo perdemos como tal\u201d.<\/p>\n\n\n\n<p>Son lecciones\nde vida y pol\u00edtica que se te quedan de aquel \u201cviejo\u201d fant\u00e1stico que siempre\npredicaba con el ejemplo. El PNV de hecho est\u00e1 en el Congreso desde 1917. Junto\nal PSOE somos los partidos decanos. La derecha siempre ha sido multiforme. Y eso,\nhoy en d\u00eda, sigue siendo un grado. Hasta en Navarra. Sabino Arana estuvo en\nCastej\u00f3n con la ikurri\u00f1a en 1893 en la Gamazada.<\/p>\n\n\n\n<p>Hubo\nuna segunda reuni\u00f3n con los \u201cmilis\u201d y otros partidos bajo el auspicio de Monz\u00f3n.\n\u201dMientras haya presos no hay que ir a las elecciones\u201d nos dec\u00edan. \u201dHay que ir a\nlas elecciones para sacar a todos los presos de la c\u00e1rcel\u201d les contestamos. \u201dSi\nven\u00eds con nosotros ganamos\u201d replicaban. \u201dCon violencia y terror nunca contareis\ncon nosotros\u201d cerramos. Vaciamos las c\u00e1rceles en octubre con la ley de Amnist\u00eda\ny ellos las volvieron a llenar. Ten\u00edamos &nbsp;raz\u00f3n. Decidieron no ir ni al Parlamento Vasco\nni a las Cortes, instituciones, las dos, espa\u00f1olas. Ellos eran puros. Nosotros\nburgueses vascongados defendiendo intereses propios. De ah\u00ed que cuando, decidieron\npisar alfombra, lo hac\u00edan por \u201cimperativo legal\u201d. No solo diciendo s\u00ed o no como\n&nbsp;el entreguista PNV. Solo les falt\u00f3\nhacerlo con una pinza en la nariz.<\/p>\n\n\n\n<p>Con\nestos antecedentes y a pesar de todo HB se hab\u00eda presentado a las elecciones de\n1993. En 1994 present\u00f3 en el Congreso su primera iniciativa parlamentaria sobre\nlos presos, como no pod\u00eda ser de otra manera. La iniciativa se vio el martes\n14&nbsp; de marzo de 1995. Eran a\u00f1os de\natentados continuos de ETA. En mayo lo hicieron nada menos que contra Aznar. El\nclima en el hemiciclo era de traca. Y all\u00ed se present\u00f3 con sus bigotes\nchorreados Jon Idigoras con Rafa Diez Usabiaga. La expectaci\u00f3n y el rechazo\niban de la mano. Los pusieron en la \u00faltima fila. Sab\u00edamos que ven\u00edan a defender\naquello y que no volver\u00edan. El propio Idigoras me pregunt\u00f3. \u201d\u00bfQu\u00e9 haces t\u00fa\naqu\u00ed?\u201d. \u201dLo que vais a hacer pronto vosotros \u201cle contest\u00e9. Pero hicieron falta\notros 16 a\u00f1os para que ETA desapareciera. \u00a1Qu\u00e9 p\u00e9rdida de vidas y de esfuerzos!.<\/p>\n\n\n\n<p>Idigoras\nsubi\u00f3 a la tribuna para defender su proposici\u00f3n no de ley. El portavoz de HB\nrecord\u00f3 que \u201cel hecho de estar en prisi\u00f3n&nbsp;\nlo \u00fanico que supone es estar privado de libertad \u201dpero que\u201c en el estado\nespa\u00f1ol ser preso pol\u00edtico lleva a dem\u00e1s aparejada una persecuci\u00f3n particular\nen la que se privan de sus m\u00e1s fundamentales derechos, que como a todo ser humano,\ntambi\u00e9n asisten a los presos \u201dIdigoras denunci\u00f3 desde el estrado la vulneraci\u00f3n\nde los derechos fundamentales&nbsp; de los m\u00e1s\nde 600 presos pol\u00edticos, que a su juicio, hay en el estado espa\u00f1ol al\nmantenerlos lejos de su entorno. Pidi\u00f3 al gobierno abandonar posiciones represivas&nbsp; e inmovilistas y dar pasos adelante\u201d. Alguno\nsilb\u00f3 pero le mandaron callar. Nosotros como Grupo Vasco le presentamos una\nenmienda que HB no admiti\u00f3. Idigoras me dijo que era abstracta. Ped\u00edamos que\ntoda persona privada de libertad cumpliera la condena en su entorno en sinton\u00eda\ncon lo que hab\u00eda aprobado el Parlamento Vasco. La argumentaci\u00f3n que\nutilizamos&nbsp; era que en primer lugar la\nmejor forma de que los presos fueran respetados en sus derechos era que ETA\ndejara de matar. El PSOE, el PP e IU coincidieron en afirmar que no hab\u00eda\npresos pol\u00edticos por lo que carec\u00eda de sentido la iniciativa de HB que fue\nrechazada &nbsp;por 299 votos, dos votos a\nfavor de HB y nuestra abstenci\u00f3n. Idigoras sab\u00eda de antemano el resultado de la\nvotaci\u00f3n pero se vio obligado a ir a Madrid por presi\u00f3n de las c\u00e1rceles. Como\nahora.<\/p>\n\n\n\n<p>En ese\nclima de alta tensi\u00f3n no era f\u00e1cil moverse. Unos y otros nos presionaban. \u201dHay\nque machacarles\u201d dec\u00edan unos. \u201dSois abstractos\u201d comentaba Idigoras. \u201dTe\nequivocas Jon, traemos aqu\u00ed lo que el Parlamento Vasco ha aprobado mayoritariamente\u00bb.\nTampoco pretend\u00edamos su agradecimiento. Nunca lo han formulado. Ni cuando, por\nellos, el lehendakari Ibarretxe fue al hemiciclo buscando una salida. Creadores\nen exclusiva del problema de los presos, de sus presos, 25 a\u00f1os despu\u00e9s, siguen\ncon lo mismo. Y l\u00f3gicamente para ellos la culpa la tienen los dem\u00e1s. El PNV\nsiempre lo ha tenido claro. El &nbsp;acercamiento de presos es una cuesti\u00f3n de\nderechos humanos, no una moneda en la negociaci\u00f3n, sino una obligaci\u00f3n moral\ndemocr\u00e1tica. Reconocer a Bildu los pasos dados en la direcci\u00f3n de la\nconvivencia no significa obviar los muchos que le faltan por dar y que impiden\nque la normalizaci\u00f3n&nbsp; sea real e\nintegral.<\/p>\n\n\n\n<p>Existen\nactos que son intolerables&nbsp; y hasta que\nBildu no rompa con ellos de manera frontal, si frontal, har\u00e1 lesivo cualquier\npacto y estrategia de acercamiento pol\u00edtico en serio. Uno de estos hechos son\nlos Ongi Etorris a los presos de ETA, homenajes que inciden en el dolor de las\nv\u00edctimas y que act\u00faan de forma similar a como lo hacen las medallas y los\ncorreos de militares franquistas y de homenaje a los torturadores. Todo acto\nque eche vinagre y acetona a las heridas es un acto inhumano a desterrar de la\nsociedad. En ese orden de ideas fue inadmisible que el pasado 4 de diciembre Bildu\nse negara, el \u00fanico partido, a acudir a un acto por las v\u00edctimas en Getxo. Nada\nmenos que 19 en el propio Getxo por parte de ETA, una del Gal y tres de la\nviolencia policial.<\/p>\n\n\n\n<p>Esto\nsolo nos indica un \u00ednfimo nivel \u00e9tico, una nula visi\u00f3n pol\u00edtica, una cultura de\nla ley del m\u00e1s fuerte inadmisible en una sociedad sana. Como la declaraci\u00f3n de\nArkaitz Rodr\u00edguez avalando unas elecciones fraudulentas en Venezuela\ndesconociendo cualquier tipo de derecho a la oposici\u00f3n y criticando como injerencia\nexterna que toda la Uni\u00f3n Europea, la mayor\u00eda de las naciones americanas y la\nopini\u00f3n decente internacional soliciten algo que deber\u00eda pedir Bildu como es la\npiedra angular en una democracia: elecciones libres y verificables.<\/p>\n\n\n\n<p>De la\npresencia de Idigoras a 1995 al d\u00eda de hoy, este mundo cerrado, se ve que en\nesto, no ha cambiado absolutamente nada.<\/p>\n<!-- AddThis Advanced Settings generic via filter on the_content --><!-- AddThis Share Buttons generic via filter on the_content -->","protected":false},"excerpt":{"rendered":"<p>Domingo 13 de diciembre de 2020 1977 fue un a\u00f1o el\u00e9ctrico. Pas\u00f3 de todo. El PNV sali\u00f3 de la clandestinidad y se registr\u00f3 en marzo. Los puros nos&nbsp; dijeron&nbsp; de todo, menos bonito. Las calles bull\u00edan pidiendo amnist\u00eda. Eramos el viejo partido. Yo formaba parte del BBB presidido por Juan de Ajuriaguerra donde estaban Arzalluz, &hellip; <a href=\"https:\/\/blogs.deia.eus\/anasagasti\/2020\/12\/13\/a-que-fue-idigoras-al-congreso-en-1995\/\" class=\"more-link\">Sigue leyendo <span class=\"screen-reader-text\">\u00bfA qu\u00e9 fue Idigoras al Congreso en 1995?<\/span><\/a><!-- AddThis Advanced Settings generic via filter on get_the_excerpt --><!-- AddThis Share Buttons generic via filter on get_the_excerpt --><\/p>\n","protected":false},"author":19,"featured_media":0,"comment_status":"open","ping_status":"open","sticky":false,"template":"","format":"standard","meta":{"footnotes":""},"categories":[1],"tags":[],"class_list":["post-14147","post","type-post","status-publish","format-standard","hentry","category-general"],"_links":{"self":[{"href":"https:\/\/blogs.deia.eus\/anasagasti\/wp-json\/wp\/v2\/posts\/14147","targetHints":{"allow":["GET"]}}],"collection":[{"href":"https:\/\/blogs.deia.eus\/anasagasti\/wp-json\/wp\/v2\/posts"}],"about":[{"href":"https:\/\/blogs.deia.eus\/anasagasti\/wp-json\/wp\/v2\/types\/post"}],"author":[{"embeddable":true,"href":"https:\/\/blogs.deia.eus\/anasagasti\/wp-json\/wp\/v2\/users\/19"}],"replies":[{"embeddable":true,"href":"https:\/\/blogs.deia.eus\/anasagasti\/wp-json\/wp\/v2\/comments?post=14147"}],"version-history":[{"count":1,"href":"https:\/\/blogs.deia.eus\/anasagasti\/wp-json\/wp\/v2\/posts\/14147\/revisions"}],"predecessor-version":[{"id":14149,"href":"https:\/\/blogs.deia.eus\/anasagasti\/wp-json\/wp\/v2\/posts\/14147\/revisions\/14149"}],"wp:attachment":[{"href":"https:\/\/blogs.deia.eus\/anasagasti\/wp-json\/wp\/v2\/media?parent=14147"}],"wp:term":[{"taxonomy":"category","embeddable":true,"href":"https:\/\/blogs.deia.eus\/anasagasti\/wp-json\/wp\/v2\/categories?post=14147"},{"taxonomy":"post_tag","embeddable":true,"href":"https:\/\/blogs.deia.eus\/anasagasti\/wp-json\/wp\/v2\/tags?post=14147"}],"curies":[{"name":"wp","href":"https:\/\/api.w.org\/{rel}","templated":true}]}}