{"id":14151,"date":"2020-12-15T13:52:42","date_gmt":"2020-12-15T11:52:42","guid":{"rendered":"http:\/\/blogs.deia.eus\/anasagasti\/?p=14151"},"modified":"2020-12-15T13:52:44","modified_gmt":"2020-12-15T11:52:44","slug":"sucedio-hace-un-anno","status":"publish","type":"post","link":"https:\/\/blogs.deia.eus\/anasagasti\/2020\/12\/15\/sucedio-hace-un-anno\/","title":{"rendered":"Sucedi\u00f3 hace un a\u00f1o"},"content":{"rendered":"\n<p><strong>Martes 15 de diciembre de 2020<\/strong><\/p>\n\n\n\n<figure class=\"wp-block-image\"><img loading=\"lazy\" decoding=\"async\" width=\"940\" height=\"529\" src=\"https:\/\/blogs.deia.eus\/anasagasti\/files\/2020\/12\/Garaikoetexea-y-Mar\u00eda-Esther-940x529.jpg\" alt=\"\" class=\"wp-image-14152\" srcset=\"https:\/\/blogs.deia.eus\/anasagasti\/files\/2020\/12\/Garaikoetexea-y-Mar\u00eda-Esther-940x529.jpg 940w, https:\/\/blogs.deia.eus\/anasagasti\/files\/2020\/12\/Garaikoetexea-y-Mar\u00eda-Esther-580x327.jpg 580w, https:\/\/blogs.deia.eus\/anasagasti\/files\/2020\/12\/Garaikoetexea-y-Mar\u00eda-Esther-768x432.jpg 768w, https:\/\/blogs.deia.eus\/anasagasti\/files\/2020\/12\/Garaikoetexea-y-Mar\u00eda-Esther.jpg 1080w\" sizes=\"auto, (max-width: 940px) 100vw, 940px\" \/><\/figure>\n\n\n\n<p>Fue el 15 de\ndiciembre de 2019. El Gobierno Vasco organiz\u00f3 en la Casa de Juntas de Gernika\nun acto conmemorativo del cuarenta aniversario de la llegada del exilio del\nLehendakari Leizaola. Fue un acto bien organizado, emotivo donde destacaron las\npalabras del nieto parisino del Lehendakari Leizaola.<\/p>\n\n\n\n<p>Tras la\nceremonia fuimos a ver la exposici\u00f3n organizada en la biblioteca sobre lo que\nsupuso aquella gesta. Y de ah\u00ed es esta foto donde se le ve al lehendakari\nCarlos Garaikoetxea con Mar\u00eda Esther Solabarrieta Aznar. De fondo la fotograf\u00eda\nde Santiago Aznar, joven activista socialista, que fue el primer consejero de\nIndustria y Navegaci\u00f3n del Gobierno Vasco. Y abuelo de Mar\u00eda Esther.<\/p>\n\n\n\n<p>Mar\u00eda\nEsther es nieta del alcalde jelkide de Ondarroa, Jos\u00e9 Mari Solabarrieta y del\nConsejero Aznar. Solabarrieta fue aquel 7 de octubre de 1936 a votarle al\ndiputado Aguirre como Lehendakari y ya no pudo volver m\u00e1s a su pueblo, donde\nlos sublevados le robaron e incautaron todo y la Caja de Ahorros Vizcaina le\nanul\u00f3 su cuenta qued\u00e1ndose con sus dep\u00f3sitos que nunca fueron devueltos. Los\nvencidos pagaron as\u00ed haber perdido la guerra.<\/p>\n\n\n\n<p>Seguramente\nese d\u00eda en la casa de Juntas le conocer\u00eda al Consejero Aznar que tras Barcelona,\nPar\u00eds y Londres se exili\u00f3 en M\u00e9xico y de all\u00ed fue a&nbsp; &nbsp;Venezuela donde ambas familias se conocieron\nen el Centro Vasco de Caracas. Aznar fue obligado a dimitir por su \u201caguirrismo\u201d\nen 1946 y por negarse a dejar al gobierno vasco en el exilio sin consejeros\nsocialistas. Juan Gracia hab\u00eda fallecido en 1940 con la entrada de los alemanes\nen Paris y Juan de los Toyos no le jug\u00f3 limpio al Lehendakari Aguirre y dimiti\u00f3\nsiguiendo las instrucciones de Indalecio Prieto. Aznar, no. Prieto quer\u00eda dejar\nal Gobierno Vasco en el exilio con la sola representaci\u00f3n de los nacionalistas\nya que su idea era acabar con las instituciones republicanas del&nbsp; exilio en su abierta lucha con su\ncorreligionario Juan Negr\u00edn. Y el Gobierno Vasco molestaba. No lo logr\u00f3.<\/p>\n\n\n\n<p>Son\nhistorias de Euzkadi poco conocidas y que seguramente se ir\u00e1n perdiendo en la\nbruma de los tiempos, por eso creo es bueno recordarlas y esta fotograf\u00eda me ha\npermitido hacerlo.<\/p>\n<!-- AddThis Advanced Settings generic via filter on the_content --><!-- AddThis Share Buttons generic via filter on the_content -->","protected":false},"excerpt":{"rendered":"<p>Martes 15 de diciembre de 2020 Fue el 15 de diciembre de 2019. El Gobierno Vasco organiz\u00f3 en la Casa de Juntas de Gernika un acto conmemorativo del cuarenta aniversario de la llegada del exilio del Lehendakari Leizaola. Fue un acto bien organizado, emotivo donde destacaron las palabras del nieto parisino del Lehendakari Leizaola. Tras &hellip; <a href=\"https:\/\/blogs.deia.eus\/anasagasti\/2020\/12\/15\/sucedio-hace-un-anno\/\" class=\"more-link\">Sigue leyendo <span class=\"screen-reader-text\">Sucedi\u00f3 hace un a\u00f1o<\/span><\/a><!-- AddThis Advanced Settings generic via filter on get_the_excerpt --><!-- AddThis Share Buttons generic via filter on get_the_excerpt --><\/p>\n","protected":false},"author":19,"featured_media":0,"comment_status":"open","ping_status":"open","sticky":false,"template":"","format":"standard","meta":{"footnotes":""},"categories":[1],"tags":[],"class_list":["post-14151","post","type-post","status-publish","format-standard","hentry","category-general"],"_links":{"self":[{"href":"https:\/\/blogs.deia.eus\/anasagasti\/wp-json\/wp\/v2\/posts\/14151","targetHints":{"allow":["GET"]}}],"collection":[{"href":"https:\/\/blogs.deia.eus\/anasagasti\/wp-json\/wp\/v2\/posts"}],"about":[{"href":"https:\/\/blogs.deia.eus\/anasagasti\/wp-json\/wp\/v2\/types\/post"}],"author":[{"embeddable":true,"href":"https:\/\/blogs.deia.eus\/anasagasti\/wp-json\/wp\/v2\/users\/19"}],"replies":[{"embeddable":true,"href":"https:\/\/blogs.deia.eus\/anasagasti\/wp-json\/wp\/v2\/comments?post=14151"}],"version-history":[{"count":1,"href":"https:\/\/blogs.deia.eus\/anasagasti\/wp-json\/wp\/v2\/posts\/14151\/revisions"}],"predecessor-version":[{"id":14153,"href":"https:\/\/blogs.deia.eus\/anasagasti\/wp-json\/wp\/v2\/posts\/14151\/revisions\/14153"}],"wp:attachment":[{"href":"https:\/\/blogs.deia.eus\/anasagasti\/wp-json\/wp\/v2\/media?parent=14151"}],"wp:term":[{"taxonomy":"category","embeddable":true,"href":"https:\/\/blogs.deia.eus\/anasagasti\/wp-json\/wp\/v2\/categories?post=14151"},{"taxonomy":"post_tag","embeddable":true,"href":"https:\/\/blogs.deia.eus\/anasagasti\/wp-json\/wp\/v2\/tags?post=14151"}],"curies":[{"name":"wp","href":"https:\/\/api.w.org\/{rel}","templated":true}]}}