{"id":14163,"date":"2020-12-18T14:17:20","date_gmt":"2020-12-18T12:17:20","guid":{"rendered":"http:\/\/blogs.deia.eus\/anasagasti\/?p=14163"},"modified":"2020-12-18T15:40:50","modified_gmt":"2020-12-18T13:40:50","slug":"exilio-exterior-y-exilio-interior-elogio-de-martin-ugalde","status":"publish","type":"post","link":"https:\/\/blogs.deia.eus\/anasagasti\/2020\/12\/18\/exilio-exterior-y-exilio-interior-elogio-de-martin-ugalde\/","title":{"rendered":"Exilio exterior y exilio interior. Elogio de Mart\u00edn Ugalde"},"content":{"rendered":"\n<p><strong>Viernes 18 de diciembre de 2020<\/strong><\/p>\n\n\n\n<figure class=\"wp-block-image\"><img loading=\"lazy\" decoding=\"async\" width=\"768\" height=\"982\" src=\"https:\/\/blogs.deia.eus\/anasagasti\/files\/2020\/12\/Mart\u00edn-Ugalde-001.jpg\" alt=\"\" class=\"wp-image-14164\" srcset=\"https:\/\/blogs.deia.eus\/anasagasti\/files\/2020\/12\/Mart\u00edn-Ugalde-001.jpg 768w, https:\/\/blogs.deia.eus\/anasagasti\/files\/2020\/12\/Mart\u00edn-Ugalde-001-580x742.jpg 580w\" sizes=\"auto, (max-width: 768px) 100vw, 768px\" \/><\/figure>\n\n\n\n<p>En la fotograf\u00eda vemos en el Centro Vasco de Caracas al pelotari de Mutriku, Satur Barrenetxea, muy asiduo los fines de semana al Centro y que sol\u00eda hacer de juez en las series de Jai Alai.\u00a0 En el centro est\u00e1 Mart\u00edn de Ugalde, Presidente del Centro Vasco de Caracas. El se\u00f1or  de la derecha no s\u00e9 quien es.<\/p>\n\n\n\n<p>Tuve la suerte de conocer a Martin Ugalde, el ilustre escritor y la\nilustre&nbsp; personalidad vasca de Andoain. Exiliado\ncon su familia en Venezuela fue el primer presidente de Euzko Gaztedi del\nCentro Vasco de Caracas, representaci\u00f3n que ocup\u00e9 asimismo pero veinte a\u00f1os\ndespu\u00e9s. Y hablamos mucho de aquellos a\u00f1os. Gran escritor, gran periodista, militante\ndel euskera, Consejero del Gobierno Vasco en el exilio&nbsp; en junio de 1983 le toc\u00f3, en nombre de los\nexiliados vascos, hablar en una reuni\u00f3n en Euba (Bizkaia). No lo pudo hacer y\nenvi\u00f3 sus reflexiones que he encontrado estos d\u00edas y que me place\nreproducirlas. Son&nbsp; \u00e9stas:<\/p>\n\n\n\n<p><em>\u201c<\/em><em>He solido mencionar el hecho de la\nexistencia de &nbsp;dos exilios: el exterior y\nel interior. Es dif\u00edcil generalizar y medir compa\u00adrativamente su dureza; estoy\nsegu\u00adro que a cada cual le ha sido duro el suyo y \u00a1le basta!, tan duro es morir\nde este dolor de sentirse un extra\u00f1o en su propia casa como caer en el camino\nde regreso sin llegar al reposo de su tierra.<\/em><\/p>\n\n\n\n<p><em>Pero el\nexilio result\u00f3 m\u00e1s esperanzador dentro y fuera gracias a las instituciones\npol\u00edticas de nuestro pa\u00eds.<\/em><\/p>\n\n\n\n<p><em>En el d\u00eda\nen que estamos rin\u00addiendo un homenaje de agradeci\u00admiento a la <\/em><em>andere\u00f1o,\n<\/em><em>que quiere abarcar a todas aquellas j\u00f3venes que estaban al servicio de\nlo m\u00e1s inocente y desprotegido de nuestro pueblo en una guerra que se le impuso\nbrutalmente, quiero recordar el hecho de que ninguna de estas instituciones de\natenci\u00f3n social y de direcci\u00f3n pol\u00edtica despu\u00e9s, de aliento pol\u00edtico, que\nfuncionaron sin respiro, muchas veces sin esperanza, algunas en momentos de\ngran desaliento, sin esta responsabilidad que los hombres que dirigieron la\nvida vasca no hubieran sabido afrontar con decisi\u00f3n, con valent\u00eda y tambi\u00e9n con\nun ejemplar sentido de la responsabilidad pol\u00edtica y patri\u00f3tica.<\/em><\/p>\n\n\n\n<p><em>Ha habido\notros pueblos que en el mismo exilio tuvieron Go\u00adbierno y sin embargo, no\nacerta\u00adron a resolver estas dificultades.<\/em><\/p>\n\n\n\n<p><em>Y no s\u00f3lo\na \u00e9sta de la atenci\u00f3n de sus compatriotas, dentro y fuera del pa\u00eds, sino que\nextrema\u00adron su generosidad y su trabajo responsable al representar a nuestro\npueblo en las m\u00e1s altas instancias pol\u00edticas en Europa y Am\u00e9rica con un sentido\nde res\u00adponsabilidad, de acierto, que nos ha venido enorgulleciendo a todos los\nvascos. Este es el capital de prestigio que el Gobierno vasco supo ganar y\nmantener en las con\u00addiciones pol\u00edticas m\u00e1s adversas. Este pueblo que\nrepresentaron supo responder despu\u00e9s ofreci\u00e9n\u00addole su colaboraci\u00f3n espont\u00e1nea;\ncon su dinero los que pod\u00edan ha\u00adcerlo, y su apoyo pol\u00edtico en todos los campos\ndel trabajo y la conducta de los vascos, en el exterior y el interior, para dar\nal mundo la imagen del Gobierno con pueblo y pueblo con Gobier\u00adno, que se ha\nvenido reconocien\u00addo por propios y extra\u00f1os durante estos largos y terribles\na\u00f1os de de\u00adsierto pol\u00edtico que tuvieron que atravesar nuestros hombres, con\nalgunos que han ido quedando en el camino, como el primer lehendakari que\ntuvimos los vascos: Jos\u00e9 Antonio de Agirre, como Javier de Landaburu, como Manuel de Irujo, como Rezola, Ciaurriz, Aznar, Monz\u00f3n, Juan \u00abGracia,\nEliodoro de la Torre, Al\u00adfredo de Espinosa, Juan de los Toyos, Jos\u00e9 M.<sup>a<\/sup>\nLasarte, y que saludamos hoy en los que los sobreviven, como Gonzalo Nardiz, Astigarribia,\ny el segundo lehendakari del Gobierno: Jes\u00fas M.<sup>a <\/sup>de Leizaola.<\/em><\/p>\n\n\n\n<p><em>Hasta lograr entroncar institucionalmente aquel primer Gobier\u00adno de\nEuzkadi con \u00e9ste presidido hoy por Carlos Garaikoetxea. Esta haza\u00f1a es&nbsp; vasca.<\/em><\/p>\n\n\n\n<p><em>Y es porque nuestro pueblo ha sabido apreciar y sentir el valor de las\ninstituciones pol\u00edticas como el camino de andar los pueblos sin ruptura, con\nresponsabilidad.<\/em><\/p>\n\n\n\n<p><em>He pensado muchas veces que el exilio de los carlistas vascos, despu\u00e9s\nde cada una de las dos derrotas militares, fue mucho m\u00e1s amargo que el nuestro,\nporque estos vascos carecieron de las ins\u00adtituciones vascas que se responsa\u00adbilizaran\nde su suerte, que les marcara un norte capaz de con\u00advertir la <\/em><em>derrota <\/em><em>en s\u00f3lo\nuna <\/em><em>bata\u00adlla perdida.<\/em><em><\/em><\/p>\n\n\n\n<p><em>As\u00ed, con este ejemplo f\u00e1cil de aplicar para observar la diferencia\nentre dos momentos vascos im\u00adportantes, me\nresulta honroso decir, con los exiliados que esta\u00admos agradecidos a nuestras\ninsti\u00adtuciones pol\u00edticas y de Gobierno que supieron cumplir tan digna\u00admente con\nsu deber con su prome\u00adsa de servir al pueblo que supo confiar en ellas\u201d.<\/em><\/p>\n<!-- AddThis Advanced Settings generic via filter on the_content --><!-- AddThis Share Buttons generic via filter on the_content -->","protected":false},"excerpt":{"rendered":"<p>Viernes 18 de diciembre de 2020 En la fotograf\u00eda vemos en el Centro Vasco de Caracas al pelotari de Mutriku, Satur Barrenetxea, muy asiduo los fines de semana al Centro y que sol\u00eda hacer de juez en las series de Jai Alai.\u00a0 En el centro est\u00e1 Mart\u00edn de Ugalde, Presidente del Centro Vasco de Caracas. &hellip; <a href=\"https:\/\/blogs.deia.eus\/anasagasti\/2020\/12\/18\/exilio-exterior-y-exilio-interior-elogio-de-martin-ugalde\/\" class=\"more-link\">Sigue leyendo <span class=\"screen-reader-text\">Exilio exterior y exilio interior. Elogio de Mart\u00edn Ugalde<\/span><\/a><!-- AddThis Advanced Settings generic via filter on get_the_excerpt --><!-- AddThis Share Buttons generic via filter on get_the_excerpt --><\/p>\n","protected":false},"author":19,"featured_media":0,"comment_status":"open","ping_status":"open","sticky":false,"template":"","format":"standard","meta":{"footnotes":""},"categories":[1],"tags":[],"class_list":["post-14163","post","type-post","status-publish","format-standard","hentry","category-general"],"_links":{"self":[{"href":"https:\/\/blogs.deia.eus\/anasagasti\/wp-json\/wp\/v2\/posts\/14163","targetHints":{"allow":["GET"]}}],"collection":[{"href":"https:\/\/blogs.deia.eus\/anasagasti\/wp-json\/wp\/v2\/posts"}],"about":[{"href":"https:\/\/blogs.deia.eus\/anasagasti\/wp-json\/wp\/v2\/types\/post"}],"author":[{"embeddable":true,"href":"https:\/\/blogs.deia.eus\/anasagasti\/wp-json\/wp\/v2\/users\/19"}],"replies":[{"embeddable":true,"href":"https:\/\/blogs.deia.eus\/anasagasti\/wp-json\/wp\/v2\/comments?post=14163"}],"version-history":[{"count":2,"href":"https:\/\/blogs.deia.eus\/anasagasti\/wp-json\/wp\/v2\/posts\/14163\/revisions"}],"predecessor-version":[{"id":14166,"href":"https:\/\/blogs.deia.eus\/anasagasti\/wp-json\/wp\/v2\/posts\/14163\/revisions\/14166"}],"wp:attachment":[{"href":"https:\/\/blogs.deia.eus\/anasagasti\/wp-json\/wp\/v2\/media?parent=14163"}],"wp:term":[{"taxonomy":"category","embeddable":true,"href":"https:\/\/blogs.deia.eus\/anasagasti\/wp-json\/wp\/v2\/categories?post=14163"},{"taxonomy":"post_tag","embeddable":true,"href":"https:\/\/blogs.deia.eus\/anasagasti\/wp-json\/wp\/v2\/tags?post=14163"}],"curies":[{"name":"wp","href":"https:\/\/api.w.org\/{rel}","templated":true}]}}