{"id":14167,"date":"2020-12-19T16:07:57","date_gmt":"2020-12-19T14:07:57","guid":{"rendered":"http:\/\/blogs.deia.eus\/anasagasti\/?p=14167"},"modified":"2020-12-19T16:07:58","modified_gmt":"2020-12-19T14:07:58","slug":"me-gusta-esta-foto-2","status":"publish","type":"post","link":"https:\/\/blogs.deia.eus\/anasagasti\/2020\/12\/19\/me-gusta-esta-foto-2\/","title":{"rendered":"Me gusta esta foto."},"content":{"rendered":"\n<p><strong>S\u00e1bado 19 de diciembre de 2020<\/strong><\/p>\n\n\n\n<figure class=\"wp-block-image\"><img loading=\"lazy\" decoding=\"async\" width=\"940\" height=\"588\" src=\"https:\/\/blogs.deia.eus\/anasagasti\/files\/2020\/12\/Emakumes-en-Leiza-940x588.jpg\" alt=\"\" class=\"wp-image-14168\" srcset=\"https:\/\/blogs.deia.eus\/anasagasti\/files\/2020\/12\/Emakumes-en-Leiza-940x588.jpg 940w, https:\/\/blogs.deia.eus\/anasagasti\/files\/2020\/12\/Emakumes-en-Leiza-580x363.jpg 580w, https:\/\/blogs.deia.eus\/anasagasti\/files\/2020\/12\/Emakumes-en-Leiza-768x480.jpg 768w, https:\/\/blogs.deia.eus\/anasagasti\/files\/2020\/12\/Emakumes-en-Leiza.jpg 1080w\" sizes=\"auto, (max-width: 940px) 100vw, 940px\" \/><\/figure>\n\n\n\n<p>Esta fotograf\u00eda me la\nenvi\u00f3 J. M. Esparza dici\u00e9ndome que es de las Emakumes de Leitza. Es muy bonita\nfoto. Preciosa. Demostrativa de la presencia del EAJ-PNV desde hace m\u00e1s de 117\na\u00f1os en el viejo reino. Incluso antes ya que Sabino Arana estuvo en la Gamazada,\nen Castej\u00f3n recibiendo a los diputados navarros en 1894.<\/p>\n\n\n\n<p>Nuestro\npartido cometi\u00f3 el inmenso error de ir en 1977 en las elecciones del 15 de\njunio formando parte de una candidatura que se llamaba Uni\u00f3n Autonomista\nNavarra (UAN). No sacamos ni un diputado. La memoria recordaba al PNV, no a una\nplataforma heterog\u00e9nea, donde primaba ESB. Si sali\u00f3 D. Manuel de Irujo para el\nSenado donde fuimos con el PSOE y ESEI en el Frente Auton\u00f3mico. Tras aquel\nfracaso no sacamos nuestra sigla hist\u00f3rica hasta 1982, a\u00f1os en los que UPN\nocup\u00f3 parte del espacio jeltzale. Por su parte, Telesforo Monz\u00f3n con su Marcha\npor la Libertad, hizo el resto. Asust\u00f3 al navarro medio mientras ETA\nacrecentaba sus atentados. Decisiones de esta \u00edndole se pagan. Lo record\u00f3 Jos\u00e9\nAntonio Urbiola cuando recordamos el aniversario de la salida del PNV de la\nclandestinidad.<\/p>\n\n\n\n<p>Este s\u00e1bado\nUxue&nbsp; Barkos saca a la palestra Geroa Social Verde. Unai Hualde, el\npresidente del Napar Buru Batzar y del Parlamento navarro recordaba en Radio\nEuzkadi el largo historial del PNV en Navarra y apuntaba la inconveniencia de\nque este nuevo partido utilice el nombre de Geroa porque induce a confusi\u00f3n. Geroa\nBai gobierna hoy con \u00e9xito en Navarra formando una plataforma con varios\npartidos e independientes donde est\u00e1 el EAJ-PNV. Uxue Barkos no ha tenido a\nbien considerar&nbsp; lo que le ha propuesto el PNV. Y es una pena, porque\ntodas las iniciativas en Navarra tienen que sumar&nbsp;y hasta ahora la f\u00f3rmula\nGeroa Bai hab\u00eda sido una f\u00f3rmula de \u00e9xito. Ojal\u00e1 la siga siendo. Pero no es\nbueno tensar la cuerda entre colaboradores. Nadie por otra parte ha puesto en\ncuesti\u00f3n el liderazgo de la ex presidenta del Gobierno de Navarra.<\/p>\n\n\n\n<p>Vuelvo a la\nfotograf\u00eda. Me gusta. Ojal\u00e1 en Leitza y en toda Navarra el EAJ-PNV ocupe el\nespacio que debe ocupar en virtud de su historia y de su oferta que asimismo es\nsocial verde, vasca y progresista.<\/p>\n<!-- AddThis Advanced Settings generic via filter on the_content --><!-- AddThis Share Buttons generic via filter on the_content -->","protected":false},"excerpt":{"rendered":"<p>S\u00e1bado 19 de diciembre de 2020 Esta fotograf\u00eda me la envi\u00f3 J. M. Esparza dici\u00e9ndome que es de las Emakumes de Leitza. Es muy bonita foto. Preciosa. Demostrativa de la presencia del EAJ-PNV desde hace m\u00e1s de 117 a\u00f1os en el viejo reino. Incluso antes ya que Sabino Arana estuvo en la Gamazada, en Castej\u00f3n &hellip; <a href=\"https:\/\/blogs.deia.eus\/anasagasti\/2020\/12\/19\/me-gusta-esta-foto-2\/\" class=\"more-link\">Sigue leyendo <span class=\"screen-reader-text\">Me gusta esta foto.<\/span><\/a><!-- AddThis Advanced Settings generic via filter on get_the_excerpt --><!-- AddThis Share Buttons generic via filter on get_the_excerpt --><\/p>\n","protected":false},"author":19,"featured_media":0,"comment_status":"open","ping_status":"open","sticky":false,"template":"","format":"standard","meta":{"footnotes":""},"categories":[1],"tags":[],"class_list":["post-14167","post","type-post","status-publish","format-standard","hentry","category-general"],"_links":{"self":[{"href":"https:\/\/blogs.deia.eus\/anasagasti\/wp-json\/wp\/v2\/posts\/14167","targetHints":{"allow":["GET"]}}],"collection":[{"href":"https:\/\/blogs.deia.eus\/anasagasti\/wp-json\/wp\/v2\/posts"}],"about":[{"href":"https:\/\/blogs.deia.eus\/anasagasti\/wp-json\/wp\/v2\/types\/post"}],"author":[{"embeddable":true,"href":"https:\/\/blogs.deia.eus\/anasagasti\/wp-json\/wp\/v2\/users\/19"}],"replies":[{"embeddable":true,"href":"https:\/\/blogs.deia.eus\/anasagasti\/wp-json\/wp\/v2\/comments?post=14167"}],"version-history":[{"count":1,"href":"https:\/\/blogs.deia.eus\/anasagasti\/wp-json\/wp\/v2\/posts\/14167\/revisions"}],"predecessor-version":[{"id":14169,"href":"https:\/\/blogs.deia.eus\/anasagasti\/wp-json\/wp\/v2\/posts\/14167\/revisions\/14169"}],"wp:attachment":[{"href":"https:\/\/blogs.deia.eus\/anasagasti\/wp-json\/wp\/v2\/media?parent=14167"}],"wp:term":[{"taxonomy":"category","embeddable":true,"href":"https:\/\/blogs.deia.eus\/anasagasti\/wp-json\/wp\/v2\/categories?post=14167"},{"taxonomy":"post_tag","embeddable":true,"href":"https:\/\/blogs.deia.eus\/anasagasti\/wp-json\/wp\/v2\/tags?post=14167"}],"curies":[{"name":"wp","href":"https:\/\/api.w.org\/{rel}","templated":true}]}}