{"id":14478,"date":"2021-03-10T19:30:04","date_gmt":"2021-03-10T17:30:04","guid":{"rendered":"http:\/\/blogs.deia.eus\/anasagasti\/?p=14478"},"modified":"2021-03-10T19:31:08","modified_gmt":"2021-03-10T17:31:08","slug":"que-queremos-de-esta-conferencia-europea-en-su-chute","status":"publish","type":"post","link":"https:\/\/blogs.deia.eus\/anasagasti\/2021\/03\/10\/que-queremos-de-esta-conferencia-europea-en-su-chute\/","title":{"rendered":"Que queremos de esta Conferencia Europea en su chute."},"content":{"rendered":"\n<p><strong>Mi\u00e9rcoles 10 de marzo de 2021<\/strong><\/p>\n\n\n\n<div class=\"wp-block-image\"><figure class=\"alignleft\"><img loading=\"lazy\" decoding=\"async\" width=\"301\" height=\"168\" src=\"https:\/\/blogs.deia.eus\/anasagasti\/files\/2021\/03\/Conferencia-Uni\u00f3n-Europea.jpg\" alt=\"\" class=\"wp-image-14479\" \/><\/figure><\/div>\n\n\n\n<p>El&nbsp;PNV\nha destacado este mi\u00e9rcoles que Euzkadi tiene \u00abun papel que jugar, una\ninnovaci\u00f3n que proponer y unos principios que defender\u00bb en la Conferencia\npara el Futuro de Europa, donde apostaran por \u00abuna uni\u00f3n m\u00e1s federal, m\u00e1s\nsocial y en la que aportemos, tengamos un papel y un reconocimiento claro en el\nnuevo sistema de gobernanza\u00bb. Queremos m\u00e1s Europa y&nbsp;menos\nadministraci\u00f3n que nos impida ser europeos.&nbsp;<\/p>\n\n\n\n<p>Para\nconseguirlo, El PNV&nbsp;trabajar\u00e1 para que \u00abeste debate se desarrolle de\nmodo realmente participativo, abierta a la gente y las instituciones que viven\nm\u00e1s pr\u00f3ximas a la ciudadan\u00eda y a todas las ideas\u00bb.&nbsp;&nbsp;<\/p>\n\n\n\n<p>Seg\u00fan ha\nindicado el PNV, el presidente del Parlamento europeo, David Sassoli, la\npresidenta de la Comisi\u00f3n Europea, \u00darsula Von der Leyen, y Antonio Costa,\npresidente de Portugal y presidente de turno del Consejo Europeo, que han\nfirmado este mi\u00e9rcoles una declaraci\u00f3n conjunta para lanzar esta iniciativa,\nser\u00e1n los responsables de \u00abllevar a buen puerto una iniciativa que presume\nde que colocar\u00e1 a la ciudadan\u00eda en el centro de los debates\u00bb.&nbsp;<\/p>\n\n\n\n<p>El\nParlamento europeo, han recordado desde la formaci\u00f3n jeltzale, ya aprob\u00f3 en\njunio una resoluci\u00f3n sobre la conferencia que insiste en esta idea y\n\u00abanima expresamente a conducir los debates con una mentalidad abierta y\ncambiar los tratados si las conclusiones del debate lo aconsejan\u00bb.&nbsp;<\/p>\n\n\n\n<p>La&nbsp;Uni\u00f3n\nEuropea necesita un reseteo. \u00abLa crisis de 2008 y la pandemia han\ndemostrado que las herramientas de que dispone no est\u00e1n a la altura de la\nresponsabilidad que se exige a sus instituciones. Los estados que son los que\nimpiden esta evoluci\u00f3n, est\u00e1n interesados en mantener esta situaci\u00f3n. As\u00ed\nsiempre tienen a mano alguien a quien echar la culpa de lo que no sale bien,\naunque el problema lo hayan generado decisiones propias\u00bb, ha dicho.&nbsp;<\/p>\n\n\n\n<p>En ese\nsentido, se ha a\u00f1adido que \u00abtambi\u00e9n es m\u00e1s f\u00e1cil ocultar lo que la Uni\u00f3n\naporta cuando hay que atribuirse un \u00e9xito\u00bb y ha insistido en que la\nConferencia sobre el futuro de Europa \u00abdebe servir para poner fin a esta\nsituaci\u00f3n\u00bb.&nbsp;<\/p>\n\n\n\n<p>Para\nlograrlo&nbsp;el PNV aboga por reformar el sistema de gobernanza de la Uni\u00f3n\npara \u00abconstruir una Europa m\u00e1s federal y al a vez m\u00e1s pr\u00f3xima a la\nciudadan\u00eda, aliada con las instituciones que trabajan a ras de suelo, unida de\nverdad en toda su diversidad y fortalecida por adhesiones\nconvencidas\u00bb.&nbsp;<\/p>\n\n\n\n<p>Una Uni\u00f3n\nEuropea de esas caracter\u00edsticas, es, a juicio del EAJ-PNV, \u00abincompatible\ncon el viejo esquema de los estados naci\u00f3n del siglo XIX\u00bb. \u00abSu mentalidad\nralentiza esa evoluci\u00f3n federal y genera, en algunos estados, graves conflictos\nterritoriales que hay que resolver. Mal puede aportar diversidad hacia arriba\nquien no la tiene resuelta hacia abajo\u00bb, ha afirmado.&nbsp;<\/p>\n\n\n\n<p>Por ello, ha\ndicho, van a defender en esta conferencia \u00abm\u00e1s participaci\u00f3n de la gente,\nmenos ideas preconcebidas, m\u00e1s Parlamento y menos Consejo, un cambio en los\ntratados y un acta de claridad para que el di\u00e1logo y la mediaci\u00f3n sustituyan a\nla imposici\u00f3n y la represi\u00f3n para resolver conflictos pol\u00edticos\u00bb. A esos\nefectos, los jeltzales buscan \u00abalianzas en otras naciones sin estado\u00bb\npara plantear esta iniciativa en la conferencia.<\/p>\n<!-- AddThis Advanced Settings generic via filter on the_content --><!-- AddThis Share Buttons generic via filter on the_content -->","protected":false},"excerpt":{"rendered":"<p>Mi\u00e9rcoles 10 de marzo de 2021 El&nbsp;PNV ha destacado este mi\u00e9rcoles que Euzkadi tiene \u00abun papel que jugar, una innovaci\u00f3n que proponer y unos principios que defender\u00bb en la Conferencia para el Futuro de Europa, donde apostaran por \u00abuna uni\u00f3n m\u00e1s federal, m\u00e1s social y en la que aportemos, tengamos un papel y un reconocimiento &hellip; <a href=\"https:\/\/blogs.deia.eus\/anasagasti\/2021\/03\/10\/que-queremos-de-esta-conferencia-europea-en-su-chute\/\" class=\"more-link\">Sigue leyendo <span class=\"screen-reader-text\">Que queremos de esta Conferencia Europea en su chute.<\/span><\/a><!-- AddThis Advanced Settings generic via filter on get_the_excerpt --><!-- AddThis Share Buttons generic via filter on get_the_excerpt --><\/p>\n","protected":false},"author":19,"featured_media":0,"comment_status":"open","ping_status":"open","sticky":false,"template":"","format":"standard","meta":{"footnotes":""},"categories":[1],"tags":[],"class_list":["post-14478","post","type-post","status-publish","format-standard","hentry","category-general"],"_links":{"self":[{"href":"https:\/\/blogs.deia.eus\/anasagasti\/wp-json\/wp\/v2\/posts\/14478","targetHints":{"allow":["GET"]}}],"collection":[{"href":"https:\/\/blogs.deia.eus\/anasagasti\/wp-json\/wp\/v2\/posts"}],"about":[{"href":"https:\/\/blogs.deia.eus\/anasagasti\/wp-json\/wp\/v2\/types\/post"}],"author":[{"embeddable":true,"href":"https:\/\/blogs.deia.eus\/anasagasti\/wp-json\/wp\/v2\/users\/19"}],"replies":[{"embeddable":true,"href":"https:\/\/blogs.deia.eus\/anasagasti\/wp-json\/wp\/v2\/comments?post=14478"}],"version-history":[{"count":2,"href":"https:\/\/blogs.deia.eus\/anasagasti\/wp-json\/wp\/v2\/posts\/14478\/revisions"}],"predecessor-version":[{"id":14481,"href":"https:\/\/blogs.deia.eus\/anasagasti\/wp-json\/wp\/v2\/posts\/14478\/revisions\/14481"}],"wp:attachment":[{"href":"https:\/\/blogs.deia.eus\/anasagasti\/wp-json\/wp\/v2\/media?parent=14478"}],"wp:term":[{"taxonomy":"category","embeddable":true,"href":"https:\/\/blogs.deia.eus\/anasagasti\/wp-json\/wp\/v2\/categories?post=14478"},{"taxonomy":"post_tag","embeddable":true,"href":"https:\/\/blogs.deia.eus\/anasagasti\/wp-json\/wp\/v2\/tags?post=14478"}],"curies":[{"name":"wp","href":"https:\/\/api.w.org\/{rel}","templated":true}]}}