{"id":14482,"date":"2021-03-11T21:43:14","date_gmt":"2021-03-11T19:43:14","guid":{"rendered":"http:\/\/blogs.deia.eus\/anasagasti\/?p=14482"},"modified":"2021-03-11T21:43:16","modified_gmt":"2021-03-11T19:43:16","slug":"parlamentario-de-la-izquierda-sueca-le-dice-a-bildu-que-el-tav-es-bueno-para-europa","status":"publish","type":"post","link":"https:\/\/blogs.deia.eus\/anasagasti\/2021\/03\/11\/parlamentario-de-la-izquierda-sueca-le-dice-a-bildu-que-el-tav-es-bueno-para-europa\/","title":{"rendered":"Parlamentario de la izquierda sueca le dice a BILDU que el TAV es bueno para Europa"},"content":{"rendered":"\n<p><strong>Jueves 11 de marzo de 2021<\/strong><\/p>\n\n\n\n<figure class=\"wp-block-image\"><img loading=\"lazy\" decoding=\"async\" width=\"940\" height=\"940\" src=\"https:\/\/blogs.deia.eus\/anasagasti\/files\/2021\/03\/Jens-Holm-940x940.jpg\" alt=\"\" class=\"wp-image-14483\" srcset=\"https:\/\/blogs.deia.eus\/anasagasti\/files\/2021\/03\/Jens-Holm-940x940.jpg 940w, https:\/\/blogs.deia.eus\/anasagasti\/files\/2021\/03\/Jens-Holm-150x150.jpg 150w, https:\/\/blogs.deia.eus\/anasagasti\/files\/2021\/03\/Jens-Holm-580x580.jpg 580w, https:\/\/blogs.deia.eus\/anasagasti\/files\/2021\/03\/Jens-Holm-768x768.jpg 768w, https:\/\/blogs.deia.eus\/anasagasti\/files\/2021\/03\/Jens-Holm.jpg 1024w\" sizes=\"auto, (max-width: 940px) 100vw, 940px\" \/><\/figure>\n\n\n\n<p>En la cuarta edici\u00f3n de la conferencia internacional\n#EraldatuAlaKolapsatu de EH Bildu, el moderador Pernando Barrena le dirigi\u00f3 &nbsp;una pregunta abierta de un oyente sobre el\nTAV, y \u00e9sta es la respuesta del sueco Jens Bertil Holm (V\u00e4nsterpartiet)\ncompa\u00f1ero del grupo europeo de EH Bildu.Se imaginan ustedes la cara que se le\nqued\u00f3 a Pernando barrena.<\/p>\n\n\n\n<p>El tema era &nbsp;sobre &nbsp;las pol\u00edticas clim\u00e1ticas europeas.<\/p>\n\n\n\n<p><strong>Pernando\nBarrena formula la pregunta:<\/strong> El TAV se vende como un proyecto verde que va\na recibir subvenciones de la UE. \u00bfQu\u00e9 podemos esperar de Europa. \u00bfDebates e\nideas falsas? \u00bfNo ser\u00eda mejor decir la verdad a la sociedad y que no queda otra\nopci\u00f3n que el decrecimiento?<\/p>\n\n\n\n<p>Abierto a cualquier panelista. \u00bfQui\u00e9n lo va a responder?<\/p>\n\n\n\n<p><strong>Jens Bertil Holm responde: <\/strong><\/p>\n\n\n\n<p>Bueno, a m\u00ed me parece una buena idea financiar el TAV con dinero\np\u00fablico, porque la alternativa ser\u00eda tener m\u00e1s coches en las carreteras, m\u00e1s\nemisiones, m\u00e1s ruido, m\u00e1s contaminaci\u00f3n\u2026 por lo que me parece buena idea\ninvertir en el ferrocarril. Naturalmente, necesitamos viajar de una manera\nr\u00e1pida entre las ciudades europeas y para eso necesitamos trenes de alta\nvelocidad. S\u00e9 que valen mucho dinero, pero yo lo veo como una inversi\u00f3n y adem\u00e1s\nme parece una inversi\u00f3n muy oportuna.<\/p>\n\n\n\n<p><strong>Pernando Barrena responde: <\/strong>Muchas\ngracias por este comentario, bueno\u2026 nos estamos quedando sin tiempo por lo que\ndebemos cerrar el quinto panel <\/p>\n\n\n\n<p>El parlamentario de la izquierda sueca que le contest\u00f3 tienes esta\nbiograf\u00eda:<\/p>\n\n\n\n<p><strong>Jens Bertil Holm<\/strong> , nacido el 18 de abril de 1971 en Sundsvall, Suecia.<\/p>\n\n\n\n<p>Partido pol\u00edtico: El Partido de la izquierda.<\/p>\n\n\n\n<p>Alma mater: Universidad de Uppsala (M.Sc)<\/p>\n\n\n\n<p>Profesi\u00f3n: Soci\u00f3logo<\/p>\n\n\n\n<p>Miembro del Parlamento Europeo de 2006 a 2009<\/p>\n\n\n\n<p>Miembro del Parlamento Sueco 2010-2014; 2014-2018;\n2018-2022<\/p>\n\n\n\n<p>Asignaciones en el Riksdag: Presidente del Comit\u00e9 de\nTransportes; Miembro del Comit\u00e9 de la UE desde 2018 y Miembro adjunto del\nComit\u00e9 de Medio Ambiente y Agricultura (2010-2018)<\/p>\n<!-- AddThis Advanced Settings generic via filter on the_content --><!-- AddThis Share Buttons generic via filter on the_content -->","protected":false},"excerpt":{"rendered":"<p>Jueves 11 de marzo de 2021 En la cuarta edici\u00f3n de la conferencia internacional #EraldatuAlaKolapsatu de EH Bildu, el moderador Pernando Barrena le dirigi\u00f3 &nbsp;una pregunta abierta de un oyente sobre el TAV, y \u00e9sta es la respuesta del sueco Jens Bertil Holm (V\u00e4nsterpartiet) compa\u00f1ero del grupo europeo de EH Bildu.Se imaginan ustedes la cara &hellip; <a href=\"https:\/\/blogs.deia.eus\/anasagasti\/2021\/03\/11\/parlamentario-de-la-izquierda-sueca-le-dice-a-bildu-que-el-tav-es-bueno-para-europa\/\" class=\"more-link\">Sigue leyendo <span class=\"screen-reader-text\">Parlamentario de la izquierda sueca le dice a BILDU que el TAV es bueno para Europa<\/span><\/a><!-- AddThis Advanced Settings generic via filter on get_the_excerpt --><!-- AddThis Share Buttons generic via filter on get_the_excerpt --><\/p>\n","protected":false},"author":19,"featured_media":0,"comment_status":"open","ping_status":"open","sticky":false,"template":"","format":"standard","meta":{"footnotes":""},"categories":[1],"tags":[],"class_list":["post-14482","post","type-post","status-publish","format-standard","hentry","category-general"],"_links":{"self":[{"href":"https:\/\/blogs.deia.eus\/anasagasti\/wp-json\/wp\/v2\/posts\/14482","targetHints":{"allow":["GET"]}}],"collection":[{"href":"https:\/\/blogs.deia.eus\/anasagasti\/wp-json\/wp\/v2\/posts"}],"about":[{"href":"https:\/\/blogs.deia.eus\/anasagasti\/wp-json\/wp\/v2\/types\/post"}],"author":[{"embeddable":true,"href":"https:\/\/blogs.deia.eus\/anasagasti\/wp-json\/wp\/v2\/users\/19"}],"replies":[{"embeddable":true,"href":"https:\/\/blogs.deia.eus\/anasagasti\/wp-json\/wp\/v2\/comments?post=14482"}],"version-history":[{"count":1,"href":"https:\/\/blogs.deia.eus\/anasagasti\/wp-json\/wp\/v2\/posts\/14482\/revisions"}],"predecessor-version":[{"id":14484,"href":"https:\/\/blogs.deia.eus\/anasagasti\/wp-json\/wp\/v2\/posts\/14482\/revisions\/14484"}],"wp:attachment":[{"href":"https:\/\/blogs.deia.eus\/anasagasti\/wp-json\/wp\/v2\/media?parent=14482"}],"wp:term":[{"taxonomy":"category","embeddable":true,"href":"https:\/\/blogs.deia.eus\/anasagasti\/wp-json\/wp\/v2\/categories?post=14482"},{"taxonomy":"post_tag","embeddable":true,"href":"https:\/\/blogs.deia.eus\/anasagasti\/wp-json\/wp\/v2\/tags?post=14482"}],"curies":[{"name":"wp","href":"https:\/\/api.w.org\/{rel}","templated":true}]}}