{"id":14485,"date":"2021-03-12T15:25:08","date_gmt":"2021-03-12T13:25:08","guid":{"rendered":"http:\/\/blogs.deia.eus\/anasagasti\/?p=14485"},"modified":"2021-03-12T15:25:09","modified_gmt":"2021-03-12T13:25:09","slug":"el-pnv-blanquea-el-pasado-del-pp","status":"publish","type":"post","link":"https:\/\/blogs.deia.eus\/anasagasti\/2021\/03\/12\/el-pnv-blanquea-el-pasado-del-pp\/","title":{"rendered":"El PNV \u00bfblanquea el pasado del PP?"},"content":{"rendered":"\n<p><strong>Viernes 12 de marzo de 2021<\/strong><\/p>\n\n\n\n<figure class=\"wp-block-image\"><img loading=\"lazy\" decoding=\"async\" width=\"861\" height=\"582\" src=\"https:\/\/blogs.deia.eus\/anasagasti\/files\/2021\/03\/3304c7f5blanquear-y-seguir-blanqueando.jpg\" alt=\"\" class=\"wp-image-14486\" srcset=\"https:\/\/blogs.deia.eus\/anasagasti\/files\/2021\/03\/3304c7f5blanquear-y-seguir-blanqueando.jpg 861w, https:\/\/blogs.deia.eus\/anasagasti\/files\/2021\/03\/3304c7f5blanquear-y-seguir-blanqueando-580x392.jpg 580w, https:\/\/blogs.deia.eus\/anasagasti\/files\/2021\/03\/3304c7f5blanquear-y-seguir-blanqueando-768x519.jpg 768w\" sizes=\"auto, (max-width: 861px) 100vw, 861px\" \/><\/figure>\n\n\n\n<p>Los expertos en blanqueamientos del pasado, es decir los de Sortu, est\u00e1n\npreocupados porque el PNV quiera blanquear el pasado de Casado que dicen\n\u00abes el mismo que el del 11M\u00bb. Desde luego originales no lo son mucho.<\/p>\n\n\n\n<p>No deja de llamar la atenci\u00f3n que quienes tienen una mochila llena de\npiedras y esqueletos den lecciones a nadie sobre pactos a cuenta de una llamada\ntelef\u00f3nica por la que dar\u00edan la vida. Lo hacen con S\u00e1nchez, lo har\u00edan con\ncualquiera con tal de que se les considerara una opci\u00f3n normal. Y sin embargo\nel coordinador general de EH Bildu, Arnaldo Otegi, ha criticado este jueves que\nel PNV quiera \u00abblanquear\u00bb al PP de Pablo Casado que, a su juicio, &nbsp;\u00abes el mismo que el del 11M\u00bb, que\nrealiz\u00f3 una \u00abmanipulaci\u00f3n masiva de la informaci\u00f3n\u00bb de los atentados\nde Madrid, y ha considerado que los jeltzales quieren volver al bipartidismo,\npara ser el partido que negocia en Madrid y que el Gobierno \u00abno\ndependa\u00bb de su formaci\u00f3n ni de ERC.<\/p>\n\n\n\n<p>\u00bfPero no hab\u00edamos quedado que si ibais a Madrid era por imperativo legal y\nlo vuestro es solo Euzkadi?.&nbsp;<\/p>\n\n\n\n<p>En un v\u00eddeo hecho p\u00fablico por la formaci\u00f3n, cada vez m\u00e1s antisistema, y\ncon&nbsp; motivo del aniversario del atentado 11M, Otegi ha se\u00f1alado que\nobservan \u00abcon preocupaci\u00f3n\u00bb que, \u00aben mitad de una crisis brutal\nde r\u00e9gimen en el Estado espa\u00f1ol, en la que tienen al rey em\u00e9rito exiliado en\nEmiratos \u00c1rabes, en la que el Poder Judicial est\u00e1 en actitud de insumisi\u00f3n\nrespecto al ejecutivo y al legislativo, en el que se han vuelto a poner encima\nde la mesa pruebas flagrantes de torturas, hay una operaci\u00f3n para tratar de\nsalvar al r\u00e9gimen\u00bb.<\/p>\n\n\n\n<p>En esta situaci\u00f3n, ha lamentado que el PNV \u00abse sienta, en cierta\nmedida muy honrado de que el PP se acerque a ellos o ellos se acerquen al\nPP\u00bb.<\/p>\n\n\n\n<p>\u00abHan pactado un vocal en el CGPJ y a nosotros esto nos preocupa mucho\nporque esto significa que quiz\u00e1 algunos anteponen su inter\u00e9s partidista por\nencima de los intereses del pa\u00eds. \u00bfQu\u00e9 hay detr\u00e1s de esa operaci\u00f3n?, volver al\nviejo bipartidismo, volver a los dos partidos, volver a que el PNV sea el\npartido que negocia los negocios en Madrid y que engrasa las relaciones entre\nestas dos fuerzas pol\u00edticas\u00bb, ha apuntado.<\/p>\n\n\n\n<p>No deja de ser curioso que un partido que tiene como referencia las\ndictaduras de Cuba, de Venezuela, de Corea, de China y el autoritarismo de\nRusia, est\u00e9 tan preocupado por el PNV. Se ve que ya no tienen nada que decir y\nofrecer y vuelven a su viejo hobby que no es m\u00e1s que criticar al PNV por todo. Porque\nhace, porque no hace, porque recibe una llamada, porque no recibe una llamada. Por\ntodo. Y ahora con esta absurda pata de banco.<\/p>\n\n\n\n<p>La br\u00fajula de Bildu hace tiempo est\u00e1 muy desnortada.<\/p>\n<!-- AddThis Advanced Settings generic via filter on the_content --><!-- AddThis Share Buttons generic via filter on the_content -->","protected":false},"excerpt":{"rendered":"<p>Viernes 12 de marzo de 2021 Los expertos en blanqueamientos del pasado, es decir los de Sortu, est\u00e1n preocupados porque el PNV quiera blanquear el pasado de Casado que dicen \u00abes el mismo que el del 11M\u00bb. Desde luego originales no lo son mucho. No deja de llamar la atenci\u00f3n que quienes tienen una mochila &hellip; <a href=\"https:\/\/blogs.deia.eus\/anasagasti\/2021\/03\/12\/el-pnv-blanquea-el-pasado-del-pp\/\" class=\"more-link\">Sigue leyendo <span class=\"screen-reader-text\">El PNV \u00bfblanquea el pasado del PP?<\/span><\/a><!-- AddThis Advanced Settings generic via filter on get_the_excerpt --><!-- AddThis Share Buttons generic via filter on get_the_excerpt --><\/p>\n","protected":false},"author":19,"featured_media":0,"comment_status":"open","ping_status":"open","sticky":false,"template":"","format":"standard","meta":{"footnotes":""},"categories":[1],"tags":[],"class_list":["post-14485","post","type-post","status-publish","format-standard","hentry","category-general"],"_links":{"self":[{"href":"https:\/\/blogs.deia.eus\/anasagasti\/wp-json\/wp\/v2\/posts\/14485","targetHints":{"allow":["GET"]}}],"collection":[{"href":"https:\/\/blogs.deia.eus\/anasagasti\/wp-json\/wp\/v2\/posts"}],"about":[{"href":"https:\/\/blogs.deia.eus\/anasagasti\/wp-json\/wp\/v2\/types\/post"}],"author":[{"embeddable":true,"href":"https:\/\/blogs.deia.eus\/anasagasti\/wp-json\/wp\/v2\/users\/19"}],"replies":[{"embeddable":true,"href":"https:\/\/blogs.deia.eus\/anasagasti\/wp-json\/wp\/v2\/comments?post=14485"}],"version-history":[{"count":1,"href":"https:\/\/blogs.deia.eus\/anasagasti\/wp-json\/wp\/v2\/posts\/14485\/revisions"}],"predecessor-version":[{"id":14487,"href":"https:\/\/blogs.deia.eus\/anasagasti\/wp-json\/wp\/v2\/posts\/14485\/revisions\/14487"}],"wp:attachment":[{"href":"https:\/\/blogs.deia.eus\/anasagasti\/wp-json\/wp\/v2\/media?parent=14485"}],"wp:term":[{"taxonomy":"category","embeddable":true,"href":"https:\/\/blogs.deia.eus\/anasagasti\/wp-json\/wp\/v2\/categories?post=14485"},{"taxonomy":"post_tag","embeddable":true,"href":"https:\/\/blogs.deia.eus\/anasagasti\/wp-json\/wp\/v2\/tags?post=14485"}],"curies":[{"name":"wp","href":"https:\/\/api.w.org\/{rel}","templated":true}]}}