{"id":14546,"date":"2021-03-30T15:29:45","date_gmt":"2021-03-30T13:29:45","guid":{"rendered":"http:\/\/blogs.deia.eus\/anasagasti\/?p=14546"},"modified":"2021-03-30T15:29:46","modified_gmt":"2021-03-30T13:29:46","slug":"una-noticia-sin-repercusion-los-idiomas-cooficiales-en-europa","status":"publish","type":"post","link":"https:\/\/blogs.deia.eus\/anasagasti\/2021\/03\/30\/una-noticia-sin-repercusion-los-idiomas-cooficiales-en-europa\/","title":{"rendered":"Una noticia sin repercusi\u00f3n. Los idiomas cooficiales en Europa"},"content":{"rendered":"\n<p><strong>Martes 30 de marzo de\n2021<\/strong><\/p>\n\n\n\n<div class=\"wp-block-image\"><figure class=\"aligncenter\"><img loading=\"lazy\" decoding=\"async\" width=\"450\" height=\"300\" src=\"https:\/\/blogs.deia.eus\/anasagasti\/files\/2021\/03\/lenguas-cooficiales-en-europa.jpeg\" alt=\"\" class=\"wp-image-14547\" \/><\/figure><\/div>\n\n\n\n<p>Me llama la atenci\u00f3n que una noticia de cierta\nrelevancia no haya tenido la menor repercusi\u00f3n. Ante esto, uno se pregunta, \u00bfser\u00e1\nverdad?.<\/p>\n\n\n\n<p>Y es que&nbsp;el&nbsp; secretario de Estado para la Uni\u00f3n Europea del\nGobierno de Espa\u00f1a, Juan Gonz\u00e1lez-Barba, defendi\u00f3 el mi\u00e9rcoles pasado&nbsp; en\nla reuni\u00f3n constitutiva del Consejo ejecutivo de la Conferencia sobre el Futuro\nde Europa que en ella se puedan utilizar el resto de lenguas cooficiales\nespa\u00f1olas, adem\u00e1s del castellano. Gonz\u00e1lez-Barba insisti\u00f3, en declaraciones, en\nque el uso de las lenguas cooficiales es importante para asegurar la\ninclusividad y adelant\u00f3 que \u00abal menos, en la participaci\u00f3n y la contribuci\u00f3n\u00bb\nen la plataforma digital se podr\u00e1 usar el catal\u00e1n, el euskera y el gallego,\naunque no habr\u00e1 traducci\u00f3n autom\u00e1tica, seg\u00fan le trasladaron los miembros del\nConsejo ejecutivo. El representante espa\u00f1ol afirm\u00f3 que en la reuni\u00f3n, aunque\nhubo distintos puntos de vista, en general hubo \u00abcierto consenso\u00bb en\nla necesidad de que en el Consejo ejecutivo de la Conferencia funcione de\nmanera \u00abunitaria y coherente, a pesar de la diversidad\u00bb.&nbsp;<\/p>\n\n\n\n<p>Para ello, \u00ablo fundamental es garantizar la participaci\u00f3n de los\nciudadanos de una manera lo m\u00e1s inclusiva posible\u00bb, a\u00f1adi\u00f3 Gonz\u00e1lez-Barba,\nque asegur\u00f3 que todos los miembros y observadores coincidieron en dicho punto.\nAs\u00ed, uno de los puntos centrales de la reuni\u00f3n fue la presentaci\u00f3n, por parte\nde la Comisi\u00f3n Europea, de la plataforma digital multiling\u00fce, a trav\u00e9s de la\ncual los ciudadanos podr\u00e1n participar en la Conferencia, y que ha causado\n\u00abmuy buena impresi\u00f3n\u00bb, seg\u00fan asegur\u00f3 el secretario de Estado. Preguntado\npor si las conclusiones que se saquen de la Conferencia podr\u00edan incluso\nmodificar algunos tratados de la UE, el secretario de Estado se\u00f1al\u00f3&nbsp; que\n\u00abla posibilidad existe\u00bb y que, tal y como se dijo en la reuni\u00f3n, la\nConferencia debe tener \u00abobjetivos ambiciosos\u00bb. \u00abEn la reuni\u00f3n he\ndicho que Espa\u00f1a viene con mente abierta, en cuanto ambici\u00f3n se refiere\u00bb,\nprecis\u00f3, aunque reconoci\u00f3 que la posibilidad de modificar los tratados \u00abno\nes un tema un\u00edvoco\u00bb, puesto que otros intervinientes \u00abdijeron lo\ncontrario\u00bb. No obstante, el representante espa\u00f1ol subray\u00f3 que la\nconversi\u00f3n de las conclusiones de la Conferencia en propuestas legislativas en\nla UE depender\u00e1 del tipo de propuesta y del grado de movilizaci\u00f3n de la\nciudadan\u00eda europea. \u00abEspa\u00f1a se toma muy en serio esta iniciativa\u00bb,\nsentenci\u00f3 Gonz\u00e1lez-Barba y apunt\u00f3 que las \u00abbazas de Espa\u00f1a\u00bb est\u00e1n en\nel inter\u00e9s que suscita en la poblaci\u00f3n lo europeo y en el proeurope\u00edsmo\nmayoritario de la opini\u00f3n p\u00fablica, lo que hace esperar una contribuci\u00f3n\n\u00abviva y directa\u00bb de la ciudadan\u00eda espa\u00f1ola. El secretario de Estado\ntambi\u00e9n adelant\u00f3&nbsp; que la intenci\u00f3n del Consejo ejecutivo es reunirse\nmensualmente y que el lanzamiento formal de la Conferencia ser\u00e1 el 9 de mayo en\nEstrasburgo, como estaba previsto. Adem\u00e1s, la primera sesi\u00f3n plenaria de la\nConferencia tenga lugar el 10 de mayo, siempre y cuando las condiciones de\nsalud p\u00fablica sean adecuadas y en funci\u00f3n de las restricciones por la COVID-19.\nLa Conferencia sobre el Futuro de Europa tiene como objetivo ofrecer a los\nciudadanos un papel m\u00e1s importante en la configuraci\u00f3n de las pol\u00edticas y\nambiciones de la UE, mejorando la resiliencia de la Uni\u00f3n frente a las crisis,\nya sean econ\u00f3micas o sanitarias, a trav\u00e9s del debate p\u00fablico y abierto. El\nConsejo Ejecutivo se reunir\u00e1 de nuevo el 7 de abril en el Parlamento Europeo y\nla Plataforma Digital se lanzar\u00e1 el 19 de abril.&nbsp;<\/p>\n\n\n\n<p>\u00bfPor qu\u00e9 este movimiento del cerrado mundo de espa\u00f1a en Europa no ha tenido\nla menor repercusi\u00f3n?.<\/p>\n\n\n\n<p>\u00bfTendr\u00e1 trampa?.<\/p>\n<!-- AddThis Advanced Settings generic via filter on the_content --><!-- AddThis Share Buttons generic via filter on the_content -->","protected":false},"excerpt":{"rendered":"<p>Martes 30 de marzo de 2021 Me llama la atenci\u00f3n que una noticia de cierta relevancia no haya tenido la menor repercusi\u00f3n. Ante esto, uno se pregunta, \u00bfser\u00e1 verdad?. Y es que&nbsp;el&nbsp; secretario de Estado para la Uni\u00f3n Europea del Gobierno de Espa\u00f1a, Juan Gonz\u00e1lez-Barba, defendi\u00f3 el mi\u00e9rcoles pasado&nbsp; en la reuni\u00f3n constitutiva del Consejo &hellip; <a href=\"https:\/\/blogs.deia.eus\/anasagasti\/2021\/03\/30\/una-noticia-sin-repercusion-los-idiomas-cooficiales-en-europa\/\" class=\"more-link\">Sigue leyendo <span class=\"screen-reader-text\">Una noticia sin repercusi\u00f3n. Los idiomas cooficiales en Europa<\/span><\/a><!-- AddThis Advanced Settings generic via filter on get_the_excerpt --><!-- AddThis Share Buttons generic via filter on get_the_excerpt --><\/p>\n","protected":false},"author":19,"featured_media":0,"comment_status":"open","ping_status":"open","sticky":false,"template":"","format":"standard","meta":{"footnotes":""},"categories":[1],"tags":[],"class_list":["post-14546","post","type-post","status-publish","format-standard","hentry","category-general"],"_links":{"self":[{"href":"https:\/\/blogs.deia.eus\/anasagasti\/wp-json\/wp\/v2\/posts\/14546","targetHints":{"allow":["GET"]}}],"collection":[{"href":"https:\/\/blogs.deia.eus\/anasagasti\/wp-json\/wp\/v2\/posts"}],"about":[{"href":"https:\/\/blogs.deia.eus\/anasagasti\/wp-json\/wp\/v2\/types\/post"}],"author":[{"embeddable":true,"href":"https:\/\/blogs.deia.eus\/anasagasti\/wp-json\/wp\/v2\/users\/19"}],"replies":[{"embeddable":true,"href":"https:\/\/blogs.deia.eus\/anasagasti\/wp-json\/wp\/v2\/comments?post=14546"}],"version-history":[{"count":1,"href":"https:\/\/blogs.deia.eus\/anasagasti\/wp-json\/wp\/v2\/posts\/14546\/revisions"}],"predecessor-version":[{"id":14548,"href":"https:\/\/blogs.deia.eus\/anasagasti\/wp-json\/wp\/v2\/posts\/14546\/revisions\/14548"}],"wp:attachment":[{"href":"https:\/\/blogs.deia.eus\/anasagasti\/wp-json\/wp\/v2\/media?parent=14546"}],"wp:term":[{"taxonomy":"category","embeddable":true,"href":"https:\/\/blogs.deia.eus\/anasagasti\/wp-json\/wp\/v2\/categories?post=14546"},{"taxonomy":"post_tag","embeddable":true,"href":"https:\/\/blogs.deia.eus\/anasagasti\/wp-json\/wp\/v2\/tags?post=14546"}],"curies":[{"name":"wp","href":"https:\/\/api.w.org\/{rel}","templated":true}]}}