{"id":14549,"date":"2021-03-31T15:58:58","date_gmt":"2021-03-31T13:58:58","guid":{"rendered":"http:\/\/blogs.deia.eus\/anasagasti\/?p=14549"},"modified":"2021-03-31T15:58:59","modified_gmt":"2021-03-31T13:58:59","slug":"la-inmoralidad-de-los-bonus-y-el-discurso-destructivo-de-la-ia","status":"publish","type":"post","link":"https:\/\/blogs.deia.eus\/anasagasti\/2021\/03\/31\/la-inmoralidad-de-los-bonus-y-el-discurso-destructivo-de-la-ia\/","title":{"rendered":"La inmoralidad de los Bonus y el discurso destructivo de la IA"},"content":{"rendered":"\n<p><strong>Mi\u00e9rcoles 31 de marzo de 2021<\/strong><\/p>\n\n\n\n<div class=\"wp-block-image\"><figure class=\"aligncenter\"><img loading=\"lazy\" decoding=\"async\" width=\"624\" height=\"325\" src=\"https:\/\/blogs.deia.eus\/anasagasti\/files\/2021\/03\/Acuerdo-Euskaltel.jpg\" alt=\"\" class=\"wp-image-14550\" srcset=\"https:\/\/blogs.deia.eus\/anasagasti\/files\/2021\/03\/Acuerdo-Euskaltel.jpg 624w, https:\/\/blogs.deia.eus\/anasagasti\/files\/2021\/03\/Acuerdo-Euskaltel-580x302.jpg 580w\" sizes=\"auto, (max-width: 624px) 100vw, 624px\" \/><\/figure><\/div>\n\n\n\n<p>No\neludo hablar de Euskaltel. Estuve en su parto y hay dos cosas que me molestan y\nme incendian.<\/p>\n\n\n\n<p>Entiendo\nque la noticia del acuerdo de Euskaltel no guste. Se tiene miedo a lo\ndesconocido y al hecho de que una empresa emblem\u00e1tica vasca se diluya en el oc\u00e9ano\nde los intereses de los fondos buitres o de fondos no vascos que solo buscan su\nrentabilidad econ\u00f3mica y no social. Es l\u00f3gico se piense as\u00ed si algunas de las\noperaciones anteriores han carecido de acierto y s\u00ed de mucha opacidad\nbeneficiando a unos pocos.<\/p>\n\n\n\n<p>No me\ngusta que altos ejecutivos vinculados al PNV cobren bonus millonarios. No puedo\ndecir nada de los no afiliados al EAJ-PNV, pero si sobre ellos. No han hecho\nabsolutamente nada para que la Compa\u00f1\u00eda exista. Y si los cobran los deber\u00edan\ndonar \u00edntegros a una Fundaci\u00f3n, la ciclista por ejemplo. Algo en beneficio de\ntodos, no de sus bolsillos. De no hacerlo es una inmoralidad y quien lo permita\nser\u00e1 tan culpable como quien los cobra.<\/p>\n\n\n\n<p>Ya s\u00e9\nque una cosa es el mercado y otra el altruismo pero que no especulen con algo\nque naci\u00f3 de la pol\u00edtica al servicio de todos y de una telefon\u00eda vasca. De lo\ncontrario hay que se\u00f1alarles como a gentes que roban el beneficio de una idea\ncolectiva. Y hay que ser beligerante con ello. La Consejera Tapia lo ha pedido.\nLes dice que reinviertan esos bonus en la empresa. Que lo cumplan o \u00e9sta va a\nser una de las piedras en el zapato para los que permiten esta asquerosidad.<\/p>\n\n\n\n<p>El otro\ncabreo es contra &nbsp;la Izquierda Abertzale.\nDice Maddalen Iriarte que la operaci\u00f3n es &nbsp;un expolio. Y que el PNV se beneficia de ello.\nSu cr\u00edtica es mentira carro\u00f1era. Pero algunos les dan cancha a quienes, si por\nellos fuera, no existir\u00eda Euskaltel. Lo de ellos no era la construcci\u00f3n\nnacional sino la destrucci\u00f3n nacional. Sin esta premisa no se entiende nada y\nno les acepto se erijan en defensores de una bandera que no crearon, ni izaron,\nni defendieron.<\/p>\n\n\n\n<p>Lo que\nno es cre\u00edble es la artiller\u00eda pesada de la Izquierda Abertzale que desde el\nminuto cero critica el acuerdo empresarial pues de un acuerdo empresarial se\ntrata en una sociedad de libre mercado. \u00bfO no?. Ya sabemos que h\u00e1gase lo que se\nhaga, lo criticar\u00e1n.<\/p>\n\n\n\n<p>La\ninquietud nace sobre su futuro a seis a\u00f1os. Sin embargo nos dicen los\nacordantes que permitir\u00e1 acelerar inversiones en las infraestructuras\nnecesarias en el contexto actual que redundar\u00e1 en beneficio de los consumidores\nvascos manteniendo el nombre, la marca, el empleo y sus se\u00f1as de identidad. Se\ntrata de una OPE amistosa y el gobierno vasco apuesta por analizar el hecho\ncomo una apuesta para reforzar el m\u00fasculo de una telefon\u00eda &nbsp;que no hace tornillos sino se dedica a la\ncomunicaci\u00f3n y \u00e9sta, guste o no, est\u00e1 globalizada.<\/p>\n\n\n\n<p>Recuerdo\ncomo naci\u00f3 Euskaltel. Estuve en el parto en 1996. El PP requer\u00eda nuestros votos\npara la Investidura de Aznar y la creaci\u00f3n de Euskaltel era una de nuestras\ncondiciones. El PP no quer\u00eda. Telef\u00f3nica hab\u00eda perdido el monopolio y no deseaba\nque entre vascos y catalanes el gran elefante se quedara sin trompa y sin\norejas. Juan Jos\u00e9 Ibarretxe negoci\u00f3 sus aspectos t\u00e9cnicos hasta el \u00faltimo\nsegundo. Ya hab\u00edamos decidido abstenernos en la Investidura, pero el acuerdo se\nlogr\u00f3 con la \u00faltima campana. Nuestra ausencia del pacto incomodaba much\u00edsimo a\nCIU. Al d\u00eda siguiente fui con Xabier Arzalluz a la sede del PP, Genova 13. De\nah\u00ed es esta foto. Arzalluz quer\u00eda la firma de Aznar, pero \u00e9ste no quer\u00eda. El\ntema de Euskaltel le ard\u00eda. \u201dNo confi\u00e1is en la palabra de vasco\u201d nos dijo y\npuso su mano sobre una carpetilla verde donde estaba el acuerdo que se iba a\nhacer p\u00fablico sin el punto dedicado a Euskaltel\u201d. Si lo hacemos p\u00fablico, CIU\nnos pide lo mismo y son ellos los que garantizan la legislatura y vosotros los\nvascos sois cuatro gatos y con vosotros si lo podemos acordar. Se puede apostar\nporque teng\u00e1is una telefon\u00eda propia pero no Catalunya. Son siete millones y Telef\u00f3nica\nse nos va al garete\u201d.<\/p>\n\n\n\n<p>As\u00ed\nnaci\u00f3 Euskaltel en tiempos en los que la IA segu\u00eda apoyando a ETA y nosotros, como\nsiempre, haciendo &nbsp;pol\u00edtica en Madrid en\nbeneficio de todos los vascos. Y no dejamos de recordar lo que supuso el equipo\nciclista en el Tour de Francia. No fue idea de la IA. Hab\u00edamos acertado. Ante\neso los grandes prebostes de la IA lo hicieron suya por lo que no nos llama la\natenci\u00f3n ahora su devoci\u00f3n con Euskaltel en &nbsp;unos partidos que nos dec\u00edan que no hab\u00eda que\nir a Madrid ni a heredar y no digamos haberlo hecho con el PP. Su cr\u00edtica por\ntanto tiene la credibilidad de una organizaci\u00f3n, que como hemos visto en\npandemia, est\u00e1n contra todo en lo que no est\u00e9n ellos. Siguen sin saber actuar\nen democracia y sin aceptar las reglas del juego de una sociedad no tutelada. Para\nexpolio el que hicieron y permitieron ellos.<\/p>\n\n\n\n<p>En\nresumen. Tuvimos Euskaltel porque somos pocos. En Euskadi no hay masa cr\u00edtica\nsuficiente y quiz\u00e1s este acuerdo permita a la sardinita, que sin dejar de serlo\nsalga de la piscifactor\u00eda vasca y pueda nadar en el Oce\u00e1no, pues el mundo audiovisual,\nla digitalizaci\u00f3n, las conexiones al instante o est\u00e1s o te pasan por encima. \u00bfEl\nfuturo?.<\/p>\n\n\n\n<p>Habr\u00e1\nque estar muy vigilantes para que sus se\u00f1as de identidad y sus puestos de\ntrabajo no desaparezcan. Y a &nbsp;no seguir\naguantando las cr\u00edticas de los que solo negocian en Madrid la situaci\u00f3n de los\npresos. De sus presos.<\/p>\n\n\n\n<p>En\nresumen. Fuera Bonus a gentes colocadas en dichos puestos por el PNV y fuera\nargumentos de una IA caracterizada por su cr\u00edtica destructiva.<\/p>\n\n\n\n<p>Entre\nArnaldo Otegi, Maddalen Iriarte y el Gobierno Vasco, me quedo con el Gobierno\nVasco. Solo le pido a \u00e9ste que sea m\u00e1s beligerante y m\u00e1s informante. Y se\ninvolucre m\u00e1s.<\/p>\n<!-- AddThis Advanced Settings generic via filter on the_content --><!-- AddThis Share Buttons generic via filter on the_content -->","protected":false},"excerpt":{"rendered":"<p>Mi\u00e9rcoles 31 de marzo de 2021 No eludo hablar de Euskaltel. Estuve en su parto y hay dos cosas que me molestan y me incendian. Entiendo que la noticia del acuerdo de Euskaltel no guste. Se tiene miedo a lo desconocido y al hecho de que una empresa emblem\u00e1tica vasca se diluya en el oc\u00e9ano &hellip; <a href=\"https:\/\/blogs.deia.eus\/anasagasti\/2021\/03\/31\/la-inmoralidad-de-los-bonus-y-el-discurso-destructivo-de-la-ia\/\" class=\"more-link\">Sigue leyendo <span class=\"screen-reader-text\">La inmoralidad de los Bonus y el discurso destructivo de la IA<\/span><\/a><!-- AddThis Advanced Settings generic via filter on get_the_excerpt --><!-- AddThis Share Buttons generic via filter on get_the_excerpt --><\/p>\n","protected":false},"author":19,"featured_media":0,"comment_status":"open","ping_status":"open","sticky":false,"template":"","format":"standard","meta":{"footnotes":""},"categories":[1],"tags":[],"class_list":["post-14549","post","type-post","status-publish","format-standard","hentry","category-general"],"_links":{"self":[{"href":"https:\/\/blogs.deia.eus\/anasagasti\/wp-json\/wp\/v2\/posts\/14549","targetHints":{"allow":["GET"]}}],"collection":[{"href":"https:\/\/blogs.deia.eus\/anasagasti\/wp-json\/wp\/v2\/posts"}],"about":[{"href":"https:\/\/blogs.deia.eus\/anasagasti\/wp-json\/wp\/v2\/types\/post"}],"author":[{"embeddable":true,"href":"https:\/\/blogs.deia.eus\/anasagasti\/wp-json\/wp\/v2\/users\/19"}],"replies":[{"embeddable":true,"href":"https:\/\/blogs.deia.eus\/anasagasti\/wp-json\/wp\/v2\/comments?post=14549"}],"version-history":[{"count":1,"href":"https:\/\/blogs.deia.eus\/anasagasti\/wp-json\/wp\/v2\/posts\/14549\/revisions"}],"predecessor-version":[{"id":14551,"href":"https:\/\/blogs.deia.eus\/anasagasti\/wp-json\/wp\/v2\/posts\/14549\/revisions\/14551"}],"wp:attachment":[{"href":"https:\/\/blogs.deia.eus\/anasagasti\/wp-json\/wp\/v2\/media?parent=14549"}],"wp:term":[{"taxonomy":"category","embeddable":true,"href":"https:\/\/blogs.deia.eus\/anasagasti\/wp-json\/wp\/v2\/categories?post=14549"},{"taxonomy":"post_tag","embeddable":true,"href":"https:\/\/blogs.deia.eus\/anasagasti\/wp-json\/wp\/v2\/tags?post=14549"}],"curies":[{"name":"wp","href":"https:\/\/api.w.org\/{rel}","templated":true}]}}