{"id":14558,"date":"2021-04-02T15:47:21","date_gmt":"2021-04-02T13:47:21","guid":{"rendered":"http:\/\/blogs.deia.eus\/anasagasti\/?p=14558"},"modified":"2021-04-02T16:41:11","modified_gmt":"2021-04-02T14:41:11","slug":"cosas-que-me-llaman-la-atencion-de-este-clima-futbolero","status":"publish","type":"post","link":"https:\/\/blogs.deia.eus\/anasagasti\/2021\/04\/02\/cosas-que-me-llaman-la-atencion-de-este-clima-futbolero\/","title":{"rendered":"Cosas que me llaman la atencion de este clima futbolero"},"content":{"rendered":"\n<div class=\"wp-block-image\"><figure class=\"alignleft\"><img loading=\"lazy\" decoding=\"async\" width=\"610\" height=\"342\" src=\"https:\/\/blogs.deia.eus\/anasagasti\/files\/2021\/04\/Ath_Rso_foto610x342.jpg\" alt=\"\" class=\"wp-image-14561\" srcset=\"https:\/\/blogs.deia.eus\/anasagasti\/files\/2021\/04\/Ath_Rso_foto610x342.jpg 610w, https:\/\/blogs.deia.eus\/anasagasti\/files\/2021\/04\/Ath_Rso_foto610x342-580x325.jpg 580w\" sizes=\"auto, (max-width: 610px) 100vw, 610px\" \/><figcaption>Soy socio del Athletic, engalano los balcones y ventanas y quiero que este s\u00e1bado gane en unbuen partido, sin desgarros y con fair play.<br> Pero no deja de llamarme la atenci\u00f3n ciertas cosas.<br> 1.- Los aficionados, en general en el campo, se comportan adecuadamente. No as\u00ed las aficiones que no han tenido la menor disciplina social en las despedidas. Como para habernos permitido el partido con p\u00fablico en Sevilla, a quien por cierto le interesa m\u00e1s lo que le ocurre a Sergio Ramos que a la final, salvo los hosteleros.<br> 2.- En fiestas se\u00f1aladas se suele pedir que se ponga la ikurri\u00f1a. La ponemos cuatro gatos. Hoy sin embargo no hay edificio, casa, hotel o empresa que no tenga la bandera de la Real o del Athletic. \u00bfSe ha convertido el f\u00fatbol en un nuevo patriotismo, en una nueva religi\u00f3n o nos hemos vuelto todos un poco locos?<br> 3.- El entrenador del Athletic que logr\u00f3 la presencia del equipo este s\u00e1bado en la final fue Gaizka Garitano. Ojal\u00e1 Marcelino Garc\u00eda Toral logre la Copa pero quien lo clasific\u00f3 fue el de Derio. No le he escuchado decir nada ni creo le hayan hecho ninguna entrevista.<br> \u00bfEs esto l\u00f3gico, normal, educado y propio de un club con se\u00f1or\u00edo?. Me recuerda a esos Consejeros, Alcaldes, Diputados que inauguran obras dise\u00f1adas y aprobadas por sus antecesores y son incapaces de invitarles a la inauguraci\u00f3n. Definitivamente se est\u00e1n perdiendo las formas.<br> 4.- Aunque parezca lo contrario hay much\u00edsima gente que no le gusta u odia el f\u00fatbol y sin embargo llevan quince d\u00edas a taza y media de raci\u00f3n.<br> \u00bfPor qu\u00e9 no ocurre lo mismo en campa\u00f1as contra la pandemia, o contra el c\u00e1ncer, el hambre en el mundo o en defensa del desarrollo estatutario?.<br> Entre unos medios con negocios millonarios y haciendo de esto el mayor espect\u00e1culo del mundo y la mayor\u00eda dej\u00e1ndonos llevar como borreguillos, el show est\u00e1 asegurado. Cometemos errores de un infantilismo supino. Hay causas que requieren movilizaciones similares y pasan totalmente desapercibidas.<br> Conclusi\u00f3n. \u00bfEstamos todos un poco grillaos o necesitamos estas v\u00e1lvulas de escape para no acabar cazando moscas?<\/figcaption><\/figure><\/div>\n\n\n\n<p><\/p>\n<!-- AddThis Advanced Settings generic via filter on the_content --><!-- AddThis Share Buttons generic via filter on the_content -->","protected":false},"excerpt":{"rendered":"<p>Cosas que me llaman la atenci\u00f3n de este clima futbolero<br \/>\nViernes 2 de abril de 2021<\/p>\n<p>Soy socio del Athletic, engalano los balcones y ventanas y quiero que este s\u00e1bado gane en unbuen partido, sin desgarros y con fair play.<br \/>\nPero no deja de llamarme la atenci\u00f3n ciertas cosas.<br \/>\n1.- Los aficionados, en general en el campo, se comportan adecuadamente. No as\u00ed las aficiones que no han tenido la menor disciplina social en las despedidas. Como para habernos permitido el partido con p\u00fablico en Sevilla, a quien por cierto le interesa m\u00e1s lo que le ocurre a Sergio Ramos que a la final, salvo los hosteleros.<br \/>\n2.- En fiestas se\u00f1aladas se suele pedir que se ponga la ikurri\u00f1a. La ponemos cuatro gatos. Hoy sin embargo no hay edificio, casa, hotel o empresa que no tenga la bandera de la Real o del Athletic. \u00bfSe ha convertido el f\u00fatbol en un nuevo patriotismo, en una nueva religi\u00f3n o nos hemos vuelto todos un poco locos?<br \/>\n3.- El entrenador del Athletic que logr\u00f3 la presencia del equipo este s\u00e1bado en la final fue Gaizka Garitano. Ojal\u00e1 Marcelino Garc\u00eda Toral logre la Copa pero quien lo clasific\u00f3 fue el de Derio. No le he escuchado decir nada ni creo le hayan hecho ninguna entrevista.<br \/>\n\u00bfEs esto l\u00f3gico, normal, educado y propio de un club con se\u00f1or\u00edo?. Me recuerda a esos Consejeros, Alcaldes, Diputados que inauguran obras dise\u00f1adas y aprobadas por sus antecesores y son incapaces de invitarles a la inauguraci\u00f3n. Definitivamente se est\u00e1n perdiendo las formas.<br \/>\n4.- Aunque parezca lo contrario hay much\u00edsima gente que no le gusta u odia el f\u00fatbol y sin embargo llevan quince d\u00edas a taza y media de raci\u00f3n.<br \/>\n\u00bfPor qu\u00e9 no ocurre lo mismo en campa\u00f1as contra la pandemia, o contra el c\u00e1ncer, el hambre en el mundo o en defensa del desarrollo estatutario?.<br \/>\nEntre unos medios con negocios millonarios y haciendo de esto el mayor espect\u00e1culo del mundo y la mayor\u00eda dej\u00e1ndonos llevar como borreguillos, el show est\u00e1 asegurado. Cometemos errores de un infantilismo supino. Hay causas que requieren movilizaciones similares y pasan totalmente desapercibidas.<br \/>\nConclusi\u00f3n. \u00bfEstamos todos un poco grillaos o necesitamos estas v\u00e1lvulas de escape para no acabar cazando moscas?<!-- AddThis Advanced Settings generic via filter on get_the_excerpt --><!-- AddThis Share Buttons generic via filter on get_the_excerpt --><\/p>\n","protected":false},"author":19,"featured_media":0,"comment_status":"open","ping_status":"open","sticky":false,"template":"","format":"standard","meta":{"footnotes":""},"categories":[1],"tags":[],"class_list":["post-14558","post","type-post","status-publish","format-standard","hentry","category-general"],"_links":{"self":[{"href":"https:\/\/blogs.deia.eus\/anasagasti\/wp-json\/wp\/v2\/posts\/14558","targetHints":{"allow":["GET"]}}],"collection":[{"href":"https:\/\/blogs.deia.eus\/anasagasti\/wp-json\/wp\/v2\/posts"}],"about":[{"href":"https:\/\/blogs.deia.eus\/anasagasti\/wp-json\/wp\/v2\/types\/post"}],"author":[{"embeddable":true,"href":"https:\/\/blogs.deia.eus\/anasagasti\/wp-json\/wp\/v2\/users\/19"}],"replies":[{"embeddable":true,"href":"https:\/\/blogs.deia.eus\/anasagasti\/wp-json\/wp\/v2\/comments?post=14558"}],"version-history":[{"count":5,"href":"https:\/\/blogs.deia.eus\/anasagasti\/wp-json\/wp\/v2\/posts\/14558\/revisions"}],"predecessor-version":[{"id":14572,"href":"https:\/\/blogs.deia.eus\/anasagasti\/wp-json\/wp\/v2\/posts\/14558\/revisions\/14572"}],"wp:attachment":[{"href":"https:\/\/blogs.deia.eus\/anasagasti\/wp-json\/wp\/v2\/media?parent=14558"}],"wp:term":[{"taxonomy":"category","embeddable":true,"href":"https:\/\/blogs.deia.eus\/anasagasti\/wp-json\/wp\/v2\/categories?post=14558"},{"taxonomy":"post_tag","embeddable":true,"href":"https:\/\/blogs.deia.eus\/anasagasti\/wp-json\/wp\/v2\/tags?post=14558"}],"curies":[{"name":"wp","href":"https:\/\/api.w.org\/{rel}","templated":true}]}}