{"id":1491,"date":"2011-08-14T18:09:17","date_gmt":"2011-08-14T16:09:17","guid":{"rendered":"http:\/\/blogs.deia.com\/anasagasti\/?p=1491"},"modified":"2011-08-14T18:09:17","modified_gmt":"2011-08-14T16:09:17","slug":"gudaris-en-larebotica-de-kirikino","status":"publish","type":"post","link":"https:\/\/blogs.deia.eus\/anasagasti\/2011\/08\/14\/gudaris-en-larebotica-de-kirikino\/","title":{"rendered":"Gudaris en larebotica de Kiriki\u00f1o"},"content":{"rendered":"<p><a href=\"http:\/\/blogs.deia.com\/anasagasti\/files\/2011\/08\/Moreno.jpg\"><img loading=\"lazy\" decoding=\"async\" class=\"alignleft size-medium wp-image-1493\" src=\"http:\/\/blogs.deia.com\/anasagasti\/files\/2011\/08\/Moreno-300x167.jpg\" alt=\"\" width=\"300\" height=\"167\" srcset=\"https:\/\/blogs.deia.eus\/anasagasti\/files\/2011\/08\/Moreno-300x167.jpg 300w, https:\/\/blogs.deia.eus\/anasagasti\/files\/2011\/08\/Moreno.jpg 614w\" sizes=\"auto, (max-width: 300px) 100vw, 300px\" \/><\/a>No es f\u00e1cil reunir un 11 de agosto a 24 personas para hablar\u00a0 entre estas 24 personas el seguir manteniendo la llama de la historia. Pero eso lo consigui\u00f3 Txomin Saratxaga que cerr\u00f3 el bar contiguo de su librer\u00eda Kiriki\u00f1o, en los bajos de la Calle Col\u00f3n de Larreategui de Bilbao y con el orden del d\u00eda que nos envi\u00f3 para hablar de estos 75 a\u00f1os silenciados, nos congreg\u00f3 a gentes como Andoni\u00a0 Ortuzar, Bego\u00f1a Errazti, Ram\u00f3n\u00a0 Sota, Jos\u00e9 Ram\u00f3n Beloki, Izaskun Trabudua, Aitor Azurki, Javier Batarrita, Fede Bergaretxe, Amaia Gaztelu, I\u00f1igo Landa Larrazabal, Xabier Me\u00f1ika, Sabin Zubiri nieto, Txomin Saratxaga hijo, Josu Pagai entre\u00a0 otros\u00a0 que fuimos presididos por dos gudaris del 36 como Jos\u00e9 Moreno de 93 a\u00f1os y Fructuoso P\u00e9rez Arrospide de 96, haci\u00e9ndonos\u00a0 hablar de lo que se debe hacer para seguir recordando este aniversario redondo y sobre todo reflexionar como se puede mantener la llama y pasarla a otras generaciones la de los gudaris del 36 est\u00e1 a punto de acabarse y se deber\u00eda hacer algo.<\/p>\n<p>Txomin dio cuenta de la pronta reedici\u00f3n de dos\u00a0 libros como el \u201cDiario de un Gudari Condenado a Muerte\u201d de Ram\u00f3n de Galarza\u00a0 y las Memorias de Pedro de\u00a0 Basaldua de\u00a0 aquellos\u00a0 d\u00edas convulsos como secretario del gobernador civil Echeverria Novoa, as\u00ed como un acto en recuerdo de los gudaris\u00a0 el 15 de octubre. Y fue dando la palabra. Andoni Ortuzar anunci\u00f3 el apoyo del BBB a \u00e9stas iniciativas, Beloki la consider\u00f3 del mayor inter\u00e9s, Bego\u00f1a Errazti reivindic\u00f3 la labor de las emakumes de aquella \u00e9poca con sus maridos en las c\u00e1rceles, Sota le invit\u00f3 a Ortuzar a usar las redes sociales, y Moreno record\u00f3 que todav\u00eda no se hab\u00eda pedido perd\u00f3n a\u00a0 los gudaris.<\/p>\n<p>En mi intervenci\u00f3n reivindiqu\u00e9 la figura de Ram\u00f3n Azkue, quien fue el jefe de Euzko Gudarostea y fue fusilado aquel 15 de octubre, la verg\u00fcenza del Congreso de los Diputados y de su presidente Bono al no querer recordar y denunciar\u00a0 aquella sublevaci\u00f3n a la que eufem\u00edsticamente algunos la siguen llamando el Alzamiento, felicit\u00e9 a los dos gudaris por el pacto con el diablo que hab\u00edan hecho para estar a los 96 y 93 a\u00f1os como una rosa pero recordar que todos tenemos fecha de caducidad y que ser\u00eda, bueno revitalizar una Asociaci\u00f3n de Gudaris con el a\u00f1adido de familiares y amigos de aquella gloriosa instituci\u00f3n, ya que los aut\u00e9nticos est\u00e1n desapareciendo.<\/p>\n<p>Fue un acto entra\u00f1able donde hay que felicitar a Txomin Saratxaga por su entrega y por querer seguir manteniendo viva esta llama tan dif\u00edcil\u00a0 de pasar a las nuevas generaciones que viven el d\u00eda\u00a0 a d\u00eda y ven todo esto lejano y casi sin inter\u00e9s\u00a0 cuando en esta lucha hubo entrega, pasi\u00f3n, vida\u00a0 y muerte, traiciones, actos heroicos, coherencia, perseverancia y en definitiva toda una, tragedia nacional que unos tratan de silenciar, otros de manipular, muchos de ignorar y algunos de edulcorar, pero nosotros de recordar como ense\u00f1anza.<\/p>\n<!-- AddThis Advanced Settings generic via filter on the_content --><!-- AddThis Share Buttons generic via filter on the_content -->","protected":false},"excerpt":{"rendered":"<p>No es f\u00e1cil reunir un 11 de agosto a 24 personas para hablar\u00a0 entre estas 24 personas el seguir manteniendo la llama de la historia. Pero eso lo consigui\u00f3 Txomin Saratxaga que cerr\u00f3 el bar contiguo de su librer\u00eda Kiriki\u00f1o, en los bajos de la Calle Col\u00f3n de Larreategui de Bilbao y con el orden &hellip; <a href=\"https:\/\/blogs.deia.eus\/anasagasti\/2011\/08\/14\/gudaris-en-larebotica-de-kirikino\/\" class=\"more-link\">Sigue leyendo <span class=\"screen-reader-text\">Gudaris en larebotica de Kiriki\u00f1o<\/span><\/a><!-- AddThis Advanced Settings generic via filter on get_the_excerpt --><!-- AddThis Share Buttons generic via filter on get_the_excerpt --><\/p>\n","protected":false},"author":19,"featured_media":0,"comment_status":"open","ping_status":"open","sticky":false,"template":"","format":"standard","meta":{"footnotes":""},"categories":[1],"tags":[4987,5060,4927],"class_list":["post-1491","post","type-post","status-publish","format-standard","hentry","category-general","tag-gudaris","tag-jose-moreno","tag-txomin-saratxaga"],"_links":{"self":[{"href":"https:\/\/blogs.deia.eus\/anasagasti\/wp-json\/wp\/v2\/posts\/1491","targetHints":{"allow":["GET"]}}],"collection":[{"href":"https:\/\/blogs.deia.eus\/anasagasti\/wp-json\/wp\/v2\/posts"}],"about":[{"href":"https:\/\/blogs.deia.eus\/anasagasti\/wp-json\/wp\/v2\/types\/post"}],"author":[{"embeddable":true,"href":"https:\/\/blogs.deia.eus\/anasagasti\/wp-json\/wp\/v2\/users\/19"}],"replies":[{"embeddable":true,"href":"https:\/\/blogs.deia.eus\/anasagasti\/wp-json\/wp\/v2\/comments?post=1491"}],"version-history":[{"count":3,"href":"https:\/\/blogs.deia.eus\/anasagasti\/wp-json\/wp\/v2\/posts\/1491\/revisions"}],"predecessor-version":[{"id":1495,"href":"https:\/\/blogs.deia.eus\/anasagasti\/wp-json\/wp\/v2\/posts\/1491\/revisions\/1495"}],"wp:attachment":[{"href":"https:\/\/blogs.deia.eus\/anasagasti\/wp-json\/wp\/v2\/media?parent=1491"}],"wp:term":[{"taxonomy":"category","embeddable":true,"href":"https:\/\/blogs.deia.eus\/anasagasti\/wp-json\/wp\/v2\/categories?post=1491"},{"taxonomy":"post_tag","embeddable":true,"href":"https:\/\/blogs.deia.eus\/anasagasti\/wp-json\/wp\/v2\/tags?post=1491"}],"curies":[{"name":"wp","href":"https:\/\/api.w.org\/{rel}","templated":true}]}}