{"id":1496,"date":"2011-08-15T21:38:14","date_gmt":"2011-08-15T19:38:14","guid":{"rendered":"http:\/\/blogs.deia.com\/anasagasti\/?p=1496"},"modified":"2011-08-15T21:38:14","modified_gmt":"2011-08-15T19:38:14","slug":"si-no-vas-a-la-procesion-no-te-molestes-en-ir-a-misa","status":"publish","type":"post","link":"https:\/\/blogs.deia.eus\/anasagasti\/2011\/08\/15\/si-no-vas-a-la-procesion-no-te-molestes-en-ir-a-misa\/","title":{"rendered":"Si no vas a la procesi\u00f3n, no te molestes en ir a Misa."},"content":{"rendered":"<p>Dos a\u00f1os sin atentados de ETA. Bien. Y once del asesinato del presidente de Adegi, la patronal gipuzkoana, con ausencia del Diputado General, en el acto organizado en memoria de Korta. Mal.<\/p>\n<p>S\u00ed estuvo el secretario general de\u00a0 EA, Pello\u00a0 Urizar, que pidi\u00f3 no se les\u00a0 marquen los tiempos, que ellos tienen su ritmo. Pero \u00e9l s\u00ed estuvo, y no le deben hacer falta ni tiempos ni ritmos, solo sensibilidad humana. Lo que pasa es que Pello Urizar solo habla, pero no tiene el menor poder para cambiar nada. Para eso est\u00e1n los comisarios.<\/p>\n<p>No debemos olvidar\u00a0 que en democracia las formas son el fondo. La democracia es el gobierno de la mayor\u00eda, con respeto hacia la minor\u00eda. Pero es algo m\u00e1s. Son usos y costumbres, respeto al adversario, velar por el conjunto, representar a toda lo sociedad, dar\u00a0 voz\u00a0 a quien no la\u00a0 tiene, y tener empat\u00eda. \u00bfQu\u00e9 es eso?. Muy sencillo: es la capacidad de percibir en un contexto com\u00fan lo que otro individuo puede\u00a0 sentir.<\/p>\n<p>\u00bfLa\u00a0 tienen los dirigentes de Bildu?. No lo\u00a0 dudo, pero no la est\u00e1n expresando adecuadamente y la sociedad se lo demanda. \u00abNo empujen\u00bb contestan. Hace 34<sup> <\/sup>a\u00f1os, todos los partidos vascos nos registramos en Madrid para poder actuar en pol\u00edtica. HB se neg\u00f3. Sus dirigentes, 34 a\u00f1os despu\u00e9s, empiezan ahora a poder hacer pol\u00edtica \u00abporque vamos a cumplir la ley de partidos a rajatabla\u00bb.\u201dLo haremos por Imperativo Legal\u201d.Bien,pero lo har\u00e1n. \u00bfHacen falta 34 a\u00f1os de paciencia para que \u00e9ste mundo haga pol\u00edtica \u00abpor\u00a0 imperativo legal\u00bb aunque\u00a0 no les gusten las normas ?.<\/p>\n<p>El 31 de julio de cada a\u00f1o se organiza una procesi\u00f3n en Azpeitia que comienza en el ayuntamiento y termina en la Bas\u00edlica de Loyola. Es la fiesta del Patr\u00f3n de Gipuzkoa. Entre ellas va el alcalde con su vara de mando que es un junco, no un bast\u00f3n como en Bizkaia .Un junco que proclama que el poder no debe ser rigido,sino flexible.Se dobla, pero no se rompe. Bonito s\u00edmil el que llevaba ese 31 el alcalde de Azpeitia en sus manos.<\/p>\n<p>Las autoridades van en esa procesi\u00f3n. Este a\u00f1o, el Diputado\u00a0 General de Gipuzkoa,\u00a0 termin\u00f3 la procesi\u00f3n al pie de la escalinata de la Bas\u00edlica sin entrar en el templo ni escuchar la celebraci\u00f3n de la Misa oficiada por el Obispo. \u00bfPara qu\u00e9 va entonces en la procesi\u00f3n?. En lugar de esto se dirigi\u00f3 al grupo de familiares de presos, Etxerat, que all\u00ed estaban y se identific\u00f3 con ellos. Pod\u00eda haberlo hecho y luego participar en la ceremonia, pero solo estuvo con\u00a0 los familiares de los presos, familiares que leg\u00edtimamente luchan por los derechos de sus representados pero que todav\u00eda no le han dicho a ETA que desaparezca.<\/p>\n<p>Lo sangrante del caso es que la escena se produjo a escasos metros donde\u00a0 ETA asesin\u00f3 a Inaxio Uria, el constructor muerto cuando iba a jugar su partidita con los amigos y donde existe un peque\u00f1o monumento en su memoria. \u00bfFue Garitano\u00a0 a visitar el monumento?. NO. \u00bfQuiere como Diputado general representar a toda la ciudadan\u00eda gipuzkoana?. Dice que s\u00ed, pero no es \u00e9ste el camino.<\/p>\n<p>Y tampoco fue a la misa. Igual tuvo miedo que se le cayera la hermos\u00edsima C\u00fapula encima. Antes que \u00e9l Aizarna, Murua, Gald\u00f3s, Sodupe, Gonz\u00e1lez de Txabarri y Olano acudieron. \u00bfHubiera acudido Martin Garitano de haberse tratado de una ceremonia palestina o budista?. Posiblemente s\u00ed. \u00bfEs contra la religi\u00f3n cat\u00f3lica la animadversi\u00f3n de este mundo que se despacha diciendo que es laico?. Si. Ya s\u00e9 que el\u00a0 Diputado General de Gipuzkoa no es el Comendador de los Creyentes como el rey de Marruecos, pero la historia de Gipuzkoa no se entiende sin la fe cat\u00f3lica, con sus luces y con sus sombras. Europa, mal que le pese a Garitano tiene sus bases morales asentadas en el cristianismo. EI propio Loyola es un paradigma y una figura universal de incalculable valor simb\u00f3lico y con una obra que perdura. Acu\u00e9rdese tambi\u00e9n de Ellacuria y de tantos jesuitas de la Teolog\u00eda de la Liberaci\u00f3n, ya que estaba en su casa. Adem\u00e1s, seguramente, el actual Diputado General ignora que la propia Bas\u00edlica, tras la desamortizaci\u00f3n de Mendiz\u00e1bal en 1836 es la due\u00f1a de todo ese complejo que administran los jesuitas. Por cierto. EI nombre de Martin no es el de un p\u00e1jaro, (Martin Pescador) sino el de un santo de la Iglesia cat\u00f3lica, San Martin de Tours.<\/p>\n<p>\u00bfSe es m\u00e1s laico, m\u00e1s progresista, m\u00e1s dem\u00f3crata, m\u00e1s\u00a0 avanzado desconociendo usos y costumbres?. \u00bfIdentific\u00e1ndose solo con los familiares de condenados por acciones de ETA que yendo a una misa en recuerdo del Patr\u00f3n de Gipuzkoa, y, de alguna manera, marcando distancias con la mayor\u00eda de la poblaci\u00f3n gipuzkoana que tibia o c\u00e1lidamente se siente identificada por la ceremonia de la Bas\u00edlica?. Creo que\u00a0 no.<\/p>\n<p>Un largo camino de educaci\u00f3n democr\u00e1tica tiene todav\u00eda Bildu que recorrer. Un territorio no es una asamblea de partido. Quien no capte esto ni sepa que una Instituci\u00f3n representa a todo un colectivo ciudadano y no a parte de \u00e9l, da malos pasos y se equivoca gravemente. Porque no es solamente ir o no a\u00a0 una celebraci\u00f3n cat\u00f3lica, es tambi\u00e9n rechazar la conmemoraci\u00f3n de los aniversarios de la Fundaci\u00f3n de la Villa, y tantas y tantas grandes y peque\u00f1as ceremonias de las ciudades y de los pueblos que ha ido acumulando la historia y cuyo cambio no es que no sea posible, sino ha de hacerse con respeto, mucho cuidado y hablando con los partes. Recuerdo haber asistido en Valencia al Congreso de un partido valencianista y a la intervenci\u00f3n de un alcalde que empez\u00f3 su mandato no asistiendo a la procesi\u00f3n que cada a\u00f1o\u00a0 se organizaba en el pueblo. Pero el\u00a0 pueblo fue a la procesi\u00f3n sin el alcalde. Y \u00e9l se\u00a0 pregunt\u00f3 \u201c\u00bfNo ser\u00e9 yo el raro por no asistir a lo que mi bisabuelo, mi abuelo y mi padre han hecho toda\u00a0 su vida?. \u00bfSoy as\u00ed m\u00e1s ateo o soy menos sensible a lo que quiere este pueblo?. \u00bfNo es bueno que la gente nos vea como gente normal y no como gente rara?. Dicho\u00a0 esto concluy\u00f3: \u201cal a\u00f1o siguiente fui a la procesi\u00f3n y la gente agradeci\u00f3 que su alcalde estuviera con ellos. Y no solo por eso, pero tambi\u00e9n por eso, llevo ganando dos elecciones con mayor\u00eda absoluta. Conclusi\u00f3n: que la gente no nos vea como gente rara\u00bb.<\/p>\n<p>Ojal\u00e1 \u00e9sta simple reflexi\u00f3n lo codificara esa parte de Bildu que no va al recuerdo de Korta, que se va con los familiares de Etxerat y no acude a la misa anual, que no va a la procesi\u00f3n c\u00edvica de Bilbao siendo ellos expertos en manifestaciones de todo tipo y sobre todo que todo esto no les lleve a decirle a ETA que desaparezca y, entre todos, podamos vivir en una sociedad normalizada y sin dirigentes raros, sino a ser posible, con gente normal.<\/p>\n<!-- AddThis Advanced Settings generic via filter on the_content --><!-- AddThis Share Buttons generic via filter on the_content -->","protected":false},"excerpt":{"rendered":"<p>Dos a\u00f1os sin atentados de ETA. Bien. Y once del asesinato del presidente de Adegi, la patronal gipuzkoana, con ausencia del Diputado General, en el acto organizado en memoria de Korta. Mal. S\u00ed estuvo el secretario general de\u00a0 EA, Pello\u00a0 Urizar, que pidi\u00f3 no se les\u00a0 marquen los tiempos, que ellos tienen su ritmo. Pero &hellip; <a href=\"https:\/\/blogs.deia.eus\/anasagasti\/2011\/08\/15\/si-no-vas-a-la-procesion-no-te-molestes-en-ir-a-misa\/\" class=\"more-link\">Sigue leyendo <span class=\"screen-reader-text\">Si no vas a la procesi\u00f3n, no te molestes en ir a Misa.<\/span><\/a><!-- AddThis Advanced Settings generic via filter on get_the_excerpt --><!-- AddThis Share Buttons generic via filter on get_the_excerpt --><\/p>\n","protected":false},"author":19,"featured_media":0,"comment_status":"open","ping_status":"open","sticky":false,"template":"","format":"standard","meta":{"footnotes":""},"categories":[1],"tags":[4866,5051,5052],"class_list":["post-1496","post","type-post","status-publish","format-standard","hentry","category-general","tag-bildu","tag-martin-garitano","tag-obispo-munilla"],"_links":{"self":[{"href":"https:\/\/blogs.deia.eus\/anasagasti\/wp-json\/wp\/v2\/posts\/1496","targetHints":{"allow":["GET"]}}],"collection":[{"href":"https:\/\/blogs.deia.eus\/anasagasti\/wp-json\/wp\/v2\/posts"}],"about":[{"href":"https:\/\/blogs.deia.eus\/anasagasti\/wp-json\/wp\/v2\/types\/post"}],"author":[{"embeddable":true,"href":"https:\/\/blogs.deia.eus\/anasagasti\/wp-json\/wp\/v2\/users\/19"}],"replies":[{"embeddable":true,"href":"https:\/\/blogs.deia.eus\/anasagasti\/wp-json\/wp\/v2\/comments?post=1496"}],"version-history":[{"count":2,"href":"https:\/\/blogs.deia.eus\/anasagasti\/wp-json\/wp\/v2\/posts\/1496\/revisions"}],"predecessor-version":[{"id":1498,"href":"https:\/\/blogs.deia.eus\/anasagasti\/wp-json\/wp\/v2\/posts\/1496\/revisions\/1498"}],"wp:attachment":[{"href":"https:\/\/blogs.deia.eus\/anasagasti\/wp-json\/wp\/v2\/media?parent=1496"}],"wp:term":[{"taxonomy":"category","embeddable":true,"href":"https:\/\/blogs.deia.eus\/anasagasti\/wp-json\/wp\/v2\/categories?post=1496"},{"taxonomy":"post_tag","embeddable":true,"href":"https:\/\/blogs.deia.eus\/anasagasti\/wp-json\/wp\/v2\/tags?post=1496"}],"curies":[{"name":"wp","href":"https:\/\/api.w.org\/{rel}","templated":true}]}}