{"id":15486,"date":"2021-11-21T15:27:40","date_gmt":"2021-11-21T13:27:40","guid":{"rendered":"https:\/\/blogs.deia.eus\/anasagasti\/?p=15486"},"modified":"2021-11-21T15:27:42","modified_gmt":"2021-11-21T13:27:42","slug":"vajilla-de-ajuria-enea-al-archivo-nacional","status":"publish","type":"post","link":"https:\/\/blogs.deia.eus\/anasagasti\/2021\/11\/21\/vajilla-de-ajuria-enea-al-archivo-nacional\/","title":{"rendered":"Vajilla de Ajuria Enea al Archivo Nacional"},"content":{"rendered":"\n<p><strong>Domingo 21 de noviembre de 2021<\/strong><\/p>\n\n\n\n<div class=\"wp-block-image\"><figure class=\"aligncenter size-large\"><a href=\"https:\/\/blogs.deia.eus\/anasagasti\/files\/2021\/11\/Vajilla-de-Ajuria-Enea.jpg\"><img loading=\"lazy\" decoding=\"async\" width=\"940\" height=\"671\" src=\"https:\/\/blogs.deia.eus\/anasagasti\/files\/2021\/11\/Vajilla-de-Ajuria-Enea-940x671.jpg\" alt=\"\" class=\"wp-image-15487\" srcset=\"https:\/\/blogs.deia.eus\/anasagasti\/files\/2021\/11\/Vajilla-de-Ajuria-Enea-940x671.jpg 940w, https:\/\/blogs.deia.eus\/anasagasti\/files\/2021\/11\/Vajilla-de-Ajuria-Enea-580x414.jpg 580w, https:\/\/blogs.deia.eus\/anasagasti\/files\/2021\/11\/Vajilla-de-Ajuria-Enea-768x548.jpg 768w, https:\/\/blogs.deia.eus\/anasagasti\/files\/2021\/11\/Vajilla-de-Ajuria-Enea.jpg 949w\" sizes=\"auto, (max-width: 940px) 100vw, 940px\" \/><\/a><\/figure><\/div>\n\n\n\n<p>Conoc\u00ed en Caracas a un destacado militante jelkide que era a su vez un activo sindicalista de Soli, como entonces se le llamaba a ELA-STV. Sol\u00eda venir al Centro Vasco con una carterita donde nos ense\u00f1aba cartas del Lehendakari, fotograf\u00edas de reuniones, de batzokis, del exilio, as\u00ed como n\u00f3minas, componentes de batallones, planos\u2026.todo un mundo de documentaci\u00f3n que nos ense\u00f1aba como si\u00a0 se trataran de reliquias de santos.<\/p>\n\n\n\n<p>Un d\u00eda falleci\u00f3 y todos fuimos a su funeral, pues era persona muy apreciada. Al cabo de un mes vi en el Centro Vasco a uno de sus hijos y le pregunt\u00e9 sobre lo que pensaban hacer con la documentaci\u00f3n de su aita. \u201dNada &#8211; me contest\u00f3, la hemos tirado a la basura, ocupaba mucho espacio y ya no serv\u00eda para nada\u201d.<\/p>\n\n\n\n<p>Me qued\u00e9 de piedra. El hijo no hab\u00eda valorado la documentaci\u00f3n de su aita y como ocupaba espacio en casa el muerto al hoyo y el vivo al bollo. La cantidad de documentaci\u00f3n que se ha perdido por descendientes tan poco sensibles a la historia y al respeto a sus mayores.<\/p>\n\n\n\n<p>Me sirvi\u00f3 de lecci\u00f3n. He tratado toda mi vida de reunir documentaci\u00f3n para que no se pierda. Lo hice con Peru Ajuria en la Rue Singer y trato de hacerlo con todos los que tienen algo que guardar, habida cuenta su representaci\u00f3n Y claro que sirve para algo!. Todo sirve para algo.<\/p>\n\n\n\n<p>Con Bego\u00f1a Ezpeleta, quien fuera jefa de protocolo del Lehendakari Garaikoetxea, recientemente fallecida y que conoc\u00eda mi vocaci\u00f3n de &nbsp;aspiradora, habl\u00e9 muchas veces de \u00e9sto. Tras fallecer &nbsp;su familia ha tenido la delicadeza de hacerme llegar algunas de las cosas de tipo hist\u00f3rico que ten\u00eda Bego\u00f1a. Gracias a ese gesto pude entregar en ETB una serie de videos de viajes y actividades del Lehendakari Garaikoetxea y en esta ocasi\u00f3n que rese\u00f1o, parte de una vajilla de Ajuria Enea que como curiosidad tiene el escudo &nbsp;de Euzkadi completo, incluyendo a Navarra. Ya nos hemos olvidado que por orden judicial el Gobierno Vasco en marzo de 1996 tuvo que quitar de uno de sus cuarteles el escudo de Navarra y dejarlo con rayas y pintado de rojo. En esta vajilla aparece el escudo &nbsp;sin esa mutilaci\u00f3n judicial.<\/p>\n\n\n\n<p>Animo a quien tenga testimonios de valor de \u00e9pocas pasadas &nbsp;que las entregue en el Archivo o en la Fundaci\u00f3n Sabino Arana. Como en &nbsp;estas instituciones &nbsp;no van a estar tan protegidos y bien cuidados y no corren el terrible riesgo de acabar en la basura, como en la historia que les he contado. Y tienen sitio de sobra.<\/p>\n<!-- AddThis Advanced Settings generic via filter on the_content --><!-- AddThis Share Buttons generic via filter on the_content -->","protected":false},"excerpt":{"rendered":"<p>Domingo 21 de noviembre de 2021 Conoc\u00ed en Caracas a un destacado militante jelkide que era a su vez un activo sindicalista de Soli, como entonces se le llamaba a ELA-STV. Sol\u00eda venir al Centro Vasco con una carterita donde nos ense\u00f1aba cartas del Lehendakari, fotograf\u00edas de reuniones, de batzokis, del exilio, as\u00ed como n\u00f3minas, &hellip; <a href=\"https:\/\/blogs.deia.eus\/anasagasti\/2021\/11\/21\/vajilla-de-ajuria-enea-al-archivo-nacional\/\" class=\"more-link\">Sigue leyendo <span class=\"screen-reader-text\">Vajilla de Ajuria Enea al Archivo Nacional<\/span><\/a><!-- AddThis Advanced Settings generic via filter on get_the_excerpt --><!-- AddThis Share Buttons generic via filter on get_the_excerpt --><\/p>\n","protected":false},"author":19,"featured_media":0,"comment_status":"open","ping_status":"open","sticky":false,"template":"","format":"standard","meta":{"footnotes":""},"categories":[1],"tags":[],"class_list":["post-15486","post","type-post","status-publish","format-standard","hentry","category-general"],"_links":{"self":[{"href":"https:\/\/blogs.deia.eus\/anasagasti\/wp-json\/wp\/v2\/posts\/15486","targetHints":{"allow":["GET"]}}],"collection":[{"href":"https:\/\/blogs.deia.eus\/anasagasti\/wp-json\/wp\/v2\/posts"}],"about":[{"href":"https:\/\/blogs.deia.eus\/anasagasti\/wp-json\/wp\/v2\/types\/post"}],"author":[{"embeddable":true,"href":"https:\/\/blogs.deia.eus\/anasagasti\/wp-json\/wp\/v2\/users\/19"}],"replies":[{"embeddable":true,"href":"https:\/\/blogs.deia.eus\/anasagasti\/wp-json\/wp\/v2\/comments?post=15486"}],"version-history":[{"count":1,"href":"https:\/\/blogs.deia.eus\/anasagasti\/wp-json\/wp\/v2\/posts\/15486\/revisions"}],"predecessor-version":[{"id":15488,"href":"https:\/\/blogs.deia.eus\/anasagasti\/wp-json\/wp\/v2\/posts\/15486\/revisions\/15488"}],"wp:attachment":[{"href":"https:\/\/blogs.deia.eus\/anasagasti\/wp-json\/wp\/v2\/media?parent=15486"}],"wp:term":[{"taxonomy":"category","embeddable":true,"href":"https:\/\/blogs.deia.eus\/anasagasti\/wp-json\/wp\/v2\/categories?post=15486"},{"taxonomy":"post_tag","embeddable":true,"href":"https:\/\/blogs.deia.eus\/anasagasti\/wp-json\/wp\/v2\/tags?post=15486"}],"curies":[{"name":"wp","href":"https:\/\/api.w.org\/{rel}","templated":true}]}}