{"id":15489,"date":"2021-11-22T16:08:58","date_gmt":"2021-11-22T14:08:58","guid":{"rendered":"https:\/\/blogs.deia.eus\/anasagasti\/?p=15489"},"modified":"2021-11-22T16:09:01","modified_gmt":"2021-11-22T14:09:01","slug":"dos-banderas","status":"publish","type":"post","link":"https:\/\/blogs.deia.eus\/anasagasti\/2021\/11\/22\/dos-banderas\/","title":{"rendered":"Dos Banderas."},"content":{"rendered":"\n<p><strong>Lunes 22 de noviembre de 2021<\/strong><\/p>\n\n\n\n<div class=\"wp-block-image\"><figure class=\"aligncenter size-full\"><a href=\"https:\/\/blogs.deia.eus\/anasagasti\/files\/2021\/11\/80da4ae2-d61f-4c85-972d-0aa7184c0dce_16-9-discover-aspect-ratio_default_0-2.jpg\"><img loading=\"lazy\" decoding=\"async\" width=\"833\" height=\"382\" src=\"https:\/\/blogs.deia.eus\/anasagasti\/files\/2021\/11\/80da4ae2-d61f-4c85-972d-0aa7184c0dce_16-9-discover-aspect-ratio_default_0-2.jpg\" alt=\"\" class=\"wp-image-15490\" srcset=\"https:\/\/blogs.deia.eus\/anasagasti\/files\/2021\/11\/80da4ae2-d61f-4c85-972d-0aa7184c0dce_16-9-discover-aspect-ratio_default_0-2.jpg 833w, https:\/\/blogs.deia.eus\/anasagasti\/files\/2021\/11\/80da4ae2-d61f-4c85-972d-0aa7184c0dce_16-9-discover-aspect-ratio_default_0-2-580x266.jpg 580w, https:\/\/blogs.deia.eus\/anasagasti\/files\/2021\/11\/80da4ae2-d61f-4c85-972d-0aa7184c0dce_16-9-discover-aspect-ratio_default_0-2-768x352.jpg 768w\" sizes=\"auto, (max-width: 833px) 100vw, 833px\" \/><\/a><\/figure><\/div>\n\n\n\n<p>No s\u00e9 que se hubiera dicho si el EAJ-PNV hubiera organizado el Alderdi Eguna el \u00faltimo d\u00eda de septiembre. No se hizo por la situaci\u00f3n de pandemia.EH Bildu sin embargo organiz\u00f3 una manifestaci\u00f3n el s\u00e1bado pasado en momentos en los que Austria se confina y Europa se acatarra. Pero la IA tiene bula e hicieron su manifestaci\u00f3n que fue multitudinaria. Solo dos organizaciones pueden organizar actos masivos como el descrito, el PNV y Sortu.<\/p>\n\n\n\n<p>Me da que esta gran concentraci\u00f3n ten\u00eda m\u00e1s de compromiso interno que demostraci\u00f3n externa. Un mundo que se ha pasado cuarenta a\u00f1os manifest\u00e1ndose necesita estirar las piernas y decirle a su autoestima que siguen siendo capaces de hacerlo, que son muchos, que est\u00e1n unidos y comprometidos &nbsp;y que la Independencia es su norte. L\u00f3gico.<\/p>\n\n\n\n<p>Quienes hemos visto y padecido manifestaciones donde se o\u00eda de todo, desde \u201cETA, m\u00e1talos\u201d, hasta \u201dGora, ETA, militarra\u201d, ver de lejos lo que ocurri\u00f3 el s\u00e1bado hay que reconocer que &nbsp;es un gran avance. Si a esto se le a\u00f1ade el discurso final de Otegi en plan l\u00edder carism\u00e1tico que adem\u00e1s de plantear&nbsp; un escenario con todos los ismos ganadores por delante, pero sin cargar espec\u00edficamente contra nadie, salvo en abstracto, ni contra el PNV, podemos decir que este pa\u00eds avanza lentamente pero avanza. Siempre aciertan cuando rectifican.<\/p>\n\n\n\n<p>Si me extra\u00f1\u00f3 las dos banderas de la cabecera de la manifestaci\u00f3n. La ikurri\u00f1a que es la bandera nacional vasca y la navarra al mismo nivel. \u00bfPor qu\u00e9 no las de Laburdi y Zuberoa o la de los otros territorios?. \u00bfIparralde fuera?<\/p>\n\n\n\n<p>Ya en su d\u00eda la bandera del Arrano fue santo y se\u00f1a de una HB a la que trat\u00f3 de imponerla por encima de la ikurri\u00f1a, no s\u00e9 si porque fue dise\u00f1o de los hermanos Arana Goiri o porque ellos no aceptan el pasado. De hecho si Sabino Arana creo el vocablo Euzkadi, con z, para romper con el pasado carlista de Euskal Herria, y hasta ETA se denomin\u00f3 Euzkadi, con z, ta Askatasuna, es evidente que Sortu no acepta nada que pueda relacionarle con la obra, hace 126 a\u00f1os, de aquel visionario.<\/p>\n\n\n\n<p>Los adolescentes suelen tener la fea costumbre de matar al padre. Cuando maduran se dan cuenta de las barbaridades que han hecho y suelen rectificar. Sortu parece que no. Esa bandera de Navarra junto a la ikurri\u00f1a nacional no es un gesto de reconocimiento de la bandera navarra sino algo m\u00e1s. Lo vemos con los presupuestos. Lo hemos visto en la pandemia. Guerra a muerte al PNV.<\/p>\n\n\n\n<p>Navarra fue estado, fue reino y tiene todo el derecho a reivindicar su singularidad, como la tiene Bizkaia, Araba o Gipuzkoa en un planteamiento confederal que fue el que dise\u00f1\u00f3 Sabino Arana para no imponer ning\u00fan territorio por encima de otro .Nadie con m\u00e1s autoridad que &nbsp;Manuel de Irujo quien clamaba por el respeto&nbsp; al hecho navarro&nbsp; en igualdad de condiciones. No con Navarra desgajada del cuerpo nacional como esa cabecera de manifestaci\u00f3n.<\/p>\n\n\n\n<p>En 1977 el mayor ataque que se produjo contra el &nbsp;equilibrio pol\u00edtico de&nbsp; aquella Navarra al pil pil fue la mal llamada \u201cMarcha de la Libertad\u201d liderada por Telesforo Monz\u00f3n. Sus lemas, sus amenazas, sus pu\u00f1os en alto, su imposici\u00f3n y su apoyo a ETA asust\u00f3 al cuerpo electoral navarro que potenci\u00f3 a una naciente UPN que ha gobernado hasta hace seis a\u00f1os en el viejo reino. Por eso me extra\u00f1a que los mismos que hicieron semejante aver\u00eda ahora se pasen al extremo opuesto.<\/p>\n\n\n\n<p>En fin, cosas de los complejos de Sortu que sigue sin admitir que el 25 de noviembre de 1903, el jueves 118 a\u00f1os, &nbsp;falleci\u00f3 en Sukarrieta un joven de 38 a\u00f1os que puso en marcha &nbsp;la s\u00edntesis de su pensamiento contenido en su lema.\u201d Euzkadi es la Patria de los Vascos\u201d, Navarra incluida, como lo demostr\u00f3 yendo a Castej\u00f3n en su primer acto electoral.<\/p>\n\n\n\n<p>Sortu separa Navarra del resto de Euzkadi. Mala cosa.<\/p>\n<!-- AddThis Advanced Settings generic via filter on the_content --><!-- AddThis Share Buttons generic via filter on the_content -->","protected":false},"excerpt":{"rendered":"<p>Lunes 22 de noviembre de 2021 No s\u00e9 que se hubiera dicho si el EAJ-PNV hubiera organizado el Alderdi Eguna el \u00faltimo d\u00eda de septiembre. No se hizo por la situaci\u00f3n de pandemia.EH Bildu sin embargo organiz\u00f3 una manifestaci\u00f3n el s\u00e1bado pasado en momentos en los que Austria se confina y Europa se acatarra. Pero &hellip; <a href=\"https:\/\/blogs.deia.eus\/anasagasti\/2021\/11\/22\/dos-banderas\/\" class=\"more-link\">Sigue leyendo <span class=\"screen-reader-text\">Dos Banderas.<\/span><\/a><!-- AddThis Advanced Settings generic via filter on get_the_excerpt --><!-- AddThis Share Buttons generic via filter on get_the_excerpt --><\/p>\n","protected":false},"author":19,"featured_media":0,"comment_status":"open","ping_status":"open","sticky":false,"template":"","format":"standard","meta":{"footnotes":""},"categories":[1],"tags":[],"class_list":["post-15489","post","type-post","status-publish","format-standard","hentry","category-general"],"_links":{"self":[{"href":"https:\/\/blogs.deia.eus\/anasagasti\/wp-json\/wp\/v2\/posts\/15489","targetHints":{"allow":["GET"]}}],"collection":[{"href":"https:\/\/blogs.deia.eus\/anasagasti\/wp-json\/wp\/v2\/posts"}],"about":[{"href":"https:\/\/blogs.deia.eus\/anasagasti\/wp-json\/wp\/v2\/types\/post"}],"author":[{"embeddable":true,"href":"https:\/\/blogs.deia.eus\/anasagasti\/wp-json\/wp\/v2\/users\/19"}],"replies":[{"embeddable":true,"href":"https:\/\/blogs.deia.eus\/anasagasti\/wp-json\/wp\/v2\/comments?post=15489"}],"version-history":[{"count":1,"href":"https:\/\/blogs.deia.eus\/anasagasti\/wp-json\/wp\/v2\/posts\/15489\/revisions"}],"predecessor-version":[{"id":15491,"href":"https:\/\/blogs.deia.eus\/anasagasti\/wp-json\/wp\/v2\/posts\/15489\/revisions\/15491"}],"wp:attachment":[{"href":"https:\/\/blogs.deia.eus\/anasagasti\/wp-json\/wp\/v2\/media?parent=15489"}],"wp:term":[{"taxonomy":"category","embeddable":true,"href":"https:\/\/blogs.deia.eus\/anasagasti\/wp-json\/wp\/v2\/categories?post=15489"},{"taxonomy":"post_tag","embeddable":true,"href":"https:\/\/blogs.deia.eus\/anasagasti\/wp-json\/wp\/v2\/tags?post=15489"}],"curies":[{"name":"wp","href":"https:\/\/api.w.org\/{rel}","templated":true}]}}