{"id":15496,"date":"2021-11-24T10:32:30","date_gmt":"2021-11-24T08:32:30","guid":{"rendered":"https:\/\/blogs.deia.eus\/anasagasti\/?p=15496"},"modified":"2021-11-24T10:32:32","modified_gmt":"2021-11-24T08:32:32","slug":"el-exilio-de-eta-en-mexico","status":"publish","type":"post","link":"https:\/\/blogs.deia.eus\/anasagasti\/2021\/11\/24\/el-exilio-de-eta-en-mexico\/","title":{"rendered":"El exilio de ETA en M\u00e9xico"},"content":{"rendered":"\n<p><strong>Mi\u00e9rcoles 24 de noviembre de 2021<\/strong><\/p>\n\n\n\n<div class=\"wp-block-image\"><figure class=\"aligncenter size-full is-resized\"><a href=\"https:\/\/blogs.deia.eus\/anasagasti\/files\/2021\/11\/eta-exilio-mexico-100__v-gseapremiumxl.jpg\"><img loading=\"lazy\" decoding=\"async\" src=\"https:\/\/blogs.deia.eus\/anasagasti\/files\/2021\/11\/eta-exilio-mexico-100__v-gseapremiumxl.jpg\" alt=\"\" class=\"wp-image-15497\" width=\"390\" height=\"498\" \/><\/a><\/figure><\/div>\n\n\n\n<p>El libro \u201cEl exilio de ETA en M\u00e9xico\u201d\u00a0reconstruye por primera vez de manera sistem\u00e1tica una parte desconocida de la historia y de las relaciones del pa\u00eds latinoamericano y el estado espa\u00f1ol.<\/p>\n\n\n\n<p>La investigaci\u00f3n doctoral demuestra c\u00f3mo el exilio de ETA no s\u00f3lo fue un factor de constante negociaci\u00f3n entre ambos estados ya desde la presidencia de Jos\u00e9 L\u00f3pez Portillo y del gobierno de Adolfo Su\u00e1rez, sino tambi\u00e9n elemento determinante para el desarrollo del conflicto interno que sufr\u00eda el Estado espa\u00f1ol.<\/p>\n\n\n\n<p>La acad\u00e9mica alemana Saranda Frommold\u00a0trabaj\u00f3 durante m\u00e1s de cinco a\u00f1os en una investigaci\u00f3n que arroja luz sobre un acuerdo bilateral (e informal) entre dos estados que tuvo un impacto transnacional. La autora buce\u00f3 en archivos, libros, publicaciones de prensa y entrevist\u00f3 a ambos lados del Atl\u00e1ntico a protagonistas directos de aquel casi desconocido episodio hist\u00f3rico.<\/p>\n\n\n\n<p>En la medida que pude, le aport\u00e9 algo de la documentaci\u00f3n que pude tener de lo oficial y que pas\u00f3 por el Congreso de los Diputados y por el Grupo de Amistad con Mexico. La investigadora alemana es persona de gran solvencia.<\/p>\n\n\n\n<p>El libro, publicado de momento s\u00f3lo en alem\u00e1n, se puede descargar libre y gratuitamente en el siguiente enlace:\u00a0<a rel=\"noreferrer noopener\" href=\"https:\/\/shop.budrich-academic.de\/produkt\/etas-exil-in-mexiko\/\" target=\"_blank\">https:\/\/shop.budrich-academic.de\/produkt\/etas-exil-in-mexiko\/<\/a>\u00a0\u00a0<\/p>\n\n\n\n<p>La autora est\u00e1 a disposici\u00f3n de aquellos medios de comunicaci\u00f3n interesados en saber m\u00e1s sobre la investigaci\u00f3n. Su contacto es: Saranda Frommold (<a rel=\"noreferrer noopener\" href=\"mailto:saranda@zedat.fu-berlin.de\" target=\"_blank\">saranda@zedat.fu-berlin.de<\/a>)<\/p>\n<!-- AddThis Advanced Settings generic via filter on the_content --><!-- AddThis Share Buttons generic via filter on the_content -->","protected":false},"excerpt":{"rendered":"<p>Mi\u00e9rcoles 24 de noviembre de 2021 El libro \u201cEl exilio de ETA en M\u00e9xico\u201d\u00a0reconstruye por primera vez de manera sistem\u00e1tica una parte desconocida de la historia y de las relaciones del pa\u00eds latinoamericano y el estado espa\u00f1ol. La investigaci\u00f3n doctoral demuestra c\u00f3mo el exilio de ETA no s\u00f3lo fue un factor de constante negociaci\u00f3n entre &hellip; <a href=\"https:\/\/blogs.deia.eus\/anasagasti\/2021\/11\/24\/el-exilio-de-eta-en-mexico\/\" class=\"more-link\">Sigue leyendo <span class=\"screen-reader-text\">El exilio de ETA en M\u00e9xico<\/span><\/a><!-- AddThis Advanced Settings generic via filter on get_the_excerpt --><!-- AddThis Share Buttons generic via filter on get_the_excerpt --><\/p>\n","protected":false},"author":19,"featured_media":0,"comment_status":"open","ping_status":"open","sticky":false,"template":"","format":"standard","meta":{"footnotes":""},"categories":[1],"tags":[],"class_list":["post-15496","post","type-post","status-publish","format-standard","hentry","category-general"],"_links":{"self":[{"href":"https:\/\/blogs.deia.eus\/anasagasti\/wp-json\/wp\/v2\/posts\/15496","targetHints":{"allow":["GET"]}}],"collection":[{"href":"https:\/\/blogs.deia.eus\/anasagasti\/wp-json\/wp\/v2\/posts"}],"about":[{"href":"https:\/\/blogs.deia.eus\/anasagasti\/wp-json\/wp\/v2\/types\/post"}],"author":[{"embeddable":true,"href":"https:\/\/blogs.deia.eus\/anasagasti\/wp-json\/wp\/v2\/users\/19"}],"replies":[{"embeddable":true,"href":"https:\/\/blogs.deia.eus\/anasagasti\/wp-json\/wp\/v2\/comments?post=15496"}],"version-history":[{"count":1,"href":"https:\/\/blogs.deia.eus\/anasagasti\/wp-json\/wp\/v2\/posts\/15496\/revisions"}],"predecessor-version":[{"id":15498,"href":"https:\/\/blogs.deia.eus\/anasagasti\/wp-json\/wp\/v2\/posts\/15496\/revisions\/15498"}],"wp:attachment":[{"href":"https:\/\/blogs.deia.eus\/anasagasti\/wp-json\/wp\/v2\/media?parent=15496"}],"wp:term":[{"taxonomy":"category","embeddable":true,"href":"https:\/\/blogs.deia.eus\/anasagasti\/wp-json\/wp\/v2\/categories?post=15496"},{"taxonomy":"post_tag","embeddable":true,"href":"https:\/\/blogs.deia.eus\/anasagasti\/wp-json\/wp\/v2\/tags?post=15496"}],"curies":[{"name":"wp","href":"https:\/\/api.w.org\/{rel}","templated":true}]}}