{"id":15503,"date":"2021-11-26T16:03:47","date_gmt":"2021-11-26T14:03:47","guid":{"rendered":"https:\/\/blogs.deia.eus\/anasagasti\/?p=15503"},"modified":"2021-11-26T16:03:49","modified_gmt":"2021-11-26T14:03:49","slug":"os-ofrezco-huelgas-manifas-pancartas-y-confrontacion","status":"publish","type":"post","link":"https:\/\/blogs.deia.eus\/anasagasti\/2021\/11\/26\/os-ofrezco-huelgas-manifas-pancartas-y-confrontacion\/","title":{"rendered":"Os ofrezco huelgas, manifas, pancartas y confrontaci\u00f3n."},"content":{"rendered":"\n<p><strong>Viernes 26 de noviembre de 2021<\/strong><\/p>\n\n\n\n<div class=\"wp-block-image\"><figure class=\"aligncenter size-full is-resized\"><a href=\"https:\/\/blogs.deia.eus\/anasagasti\/files\/2021\/11\/20211004195607_ela-sindikatua-kongresua-_foto610x342.jpg\"><img loading=\"lazy\" decoding=\"async\" src=\"https:\/\/blogs.deia.eus\/anasagasti\/files\/2021\/11\/20211004195607_ela-sindikatua-kongresua-_foto610x342.jpg\" alt=\"\" class=\"wp-image-15504\" width=\"254\" height=\"539\" \/><\/a><\/figure><\/div>\n\n\n\n<p>No, no es La Habana ni\u00a0 D\u00edaz Canel, es el sindicato ELA y su flamante\u00a0 reelegido secretario general, Mikel Lakuntza. Los viejos s\u00edmbolos de Soli molestan. A la Izquierda\u00a0 batasunera le molesta el pasado. Lo vimos en la manifestaci\u00f3n del s\u00e1bado donde la ikurri\u00f1a ya no fue la bandera nacional. Aqu\u00ed lo mismo. Se vac\u00eda la ideolog\u00eda de aquel sindicato y se cambian los logos para que nos demos cuenta que\u00a0 de la vieja ELA no queda nada, absolutamente nada. Mucho menos su vocaci\u00f3n de cooperar para sacar el pa\u00eds, las empresas y el salario de los trabajadores adelante. Y eso que en La Habana no hay sindicatos. Pero todav\u00eda no se han enterado. Los l\u00edderes de ELA conocen\u00a0 de Cuba solo las playas.<\/p>\n\n\n\n<p>Winston Churchill al inicio de la II guerra mundial prometi\u00f3 a los ingleses \u00absangre, sudor y l\u00e1grimas\u00bb. No s\u00e9 si Mikel Lakuntza ha le\u00eddo al premier del puro pero tras su reelecci\u00f3n a la manera del PRI mexicano nos ha anunciado, \u00abhuelga confrontaci\u00f3n y pancartas\u00bb. Nada nuevo en el programa ni en la oferta de este se\u00f1or que m\u00e1s que secretario general de una organizaci\u00f3n sindical hist\u00f3rica, nacida a impulsos del EAJ-PNV en 1911&nbsp; para defender los trabajadores, lo de \u00e9l es ser el miembro antisistema m\u00e1s activo del actual panorama vasco. Y de verdad, lo logra.<\/p>\n\n\n\n<p>El reelegido secretario general de ELA, Mitxel Lakuntza, ha pedido defender \u00absin complejos\u00bb las huelgas y las movilizaciones porque son \u00abineludibles\u00bb para obtener convenios laborales \u00abpositivos\u00bb y acabar con la precariedad. Tambi\u00e9n ha afirmado que la confrontaci\u00f3n \u00abnunca ser\u00e1 una palabra desagradable\u00bb para su sindicato porque \u00abpolitiza y ayuda a tomar conciencia de qui\u00e9nes somos y a qui\u00e9nes tenemos enfrente\u00bb.<\/p>\n\n\n\n<p>&nbsp;En su primer discurso tras su reelecci\u00f3n con un 90,69% de votos favorables, curiosa cifra sindical m\u00e1s propia de los sindicatos en pa\u00edses del socialismo real, Lakuntza ha reivindicado el papel pol\u00edtico del sindicato en la acci\u00f3n social porque, a veces, \u00abnos lanzan la acusaci\u00f3n de que ELA es una organizaci\u00f3n cada vez m\u00e1s pol\u00edtica y menos sindical. Pues no, ELA es cada vez m\u00e1s sindicato precisamente porque tiene opini\u00f3n pol\u00edtica y no hay sindicato cre\u00edble que no tenga opini\u00f3n pol\u00edtica\u00bb. Eso s\u00ed, sin presentarse a las elecciones democr\u00e1ticas con sufragio libre y secreto. Lo de este se\u00f1or es hacer mucha confrontaci\u00f3n pol\u00edtica sin pasar por las urnas. Las internas ya sabemos como le funcionan. Un 90%<\/p>\n\n\n\n<p>Por eso, ha proseguido Lakuntza, \u00abhay que llegar y seguir construyendo poder sindical en cada centro de trabajo para conseguir buenos convenios, como dec\u00eda un cartel nuestro, &#8216;los convenios no caen del cielo'\u00bb. En otros t\u00e9rminos. Llevar a cada empresa el conflicto aunque lo de ellos es la administraci\u00f3n, con audiencias cautivas.<\/p>\n\n\n\n<p>Malos tiempos para la l\u00edrica, para la creaci\u00f3n de empleo y para una paz social asentada&nbsp; en la negociaci\u00f3n y en la justicia.<\/p>\n<!-- AddThis Advanced Settings generic via filter on the_content --><!-- AddThis Share Buttons generic via filter on the_content -->","protected":false},"excerpt":{"rendered":"<p>Viernes 26 de noviembre de 2021 No, no es La Habana ni\u00a0 D\u00edaz Canel, es el sindicato ELA y su flamante\u00a0 reelegido secretario general, Mikel Lakuntza. Los viejos s\u00edmbolos de Soli molestan. A la Izquierda\u00a0 batasunera le molesta el pasado. Lo vimos en la manifestaci\u00f3n del s\u00e1bado donde la ikurri\u00f1a ya no fue la bandera &hellip; <a href=\"https:\/\/blogs.deia.eus\/anasagasti\/2021\/11\/26\/os-ofrezco-huelgas-manifas-pancartas-y-confrontacion\/\" class=\"more-link\">Sigue leyendo <span class=\"screen-reader-text\">Os ofrezco huelgas, manifas, pancartas y confrontaci\u00f3n.<\/span><\/a><!-- AddThis Advanced Settings generic via filter on get_the_excerpt --><!-- AddThis Share Buttons generic via filter on get_the_excerpt --><\/p>\n","protected":false},"author":19,"featured_media":0,"comment_status":"open","ping_status":"open","sticky":false,"template":"","format":"standard","meta":{"footnotes":""},"categories":[1],"tags":[],"class_list":["post-15503","post","type-post","status-publish","format-standard","hentry","category-general"],"_links":{"self":[{"href":"https:\/\/blogs.deia.eus\/anasagasti\/wp-json\/wp\/v2\/posts\/15503","targetHints":{"allow":["GET"]}}],"collection":[{"href":"https:\/\/blogs.deia.eus\/anasagasti\/wp-json\/wp\/v2\/posts"}],"about":[{"href":"https:\/\/blogs.deia.eus\/anasagasti\/wp-json\/wp\/v2\/types\/post"}],"author":[{"embeddable":true,"href":"https:\/\/blogs.deia.eus\/anasagasti\/wp-json\/wp\/v2\/users\/19"}],"replies":[{"embeddable":true,"href":"https:\/\/blogs.deia.eus\/anasagasti\/wp-json\/wp\/v2\/comments?post=15503"}],"version-history":[{"count":1,"href":"https:\/\/blogs.deia.eus\/anasagasti\/wp-json\/wp\/v2\/posts\/15503\/revisions"}],"predecessor-version":[{"id":15505,"href":"https:\/\/blogs.deia.eus\/anasagasti\/wp-json\/wp\/v2\/posts\/15503\/revisions\/15505"}],"wp:attachment":[{"href":"https:\/\/blogs.deia.eus\/anasagasti\/wp-json\/wp\/v2\/media?parent=15503"}],"wp:term":[{"taxonomy":"category","embeddable":true,"href":"https:\/\/blogs.deia.eus\/anasagasti\/wp-json\/wp\/v2\/categories?post=15503"},{"taxonomy":"post_tag","embeddable":true,"href":"https:\/\/blogs.deia.eus\/anasagasti\/wp-json\/wp\/v2\/tags?post=15503"}],"curies":[{"name":"wp","href":"https:\/\/api.w.org\/{rel}","templated":true}]}}