{"id":15506,"date":"2021-11-27T17:18:29","date_gmt":"2021-11-27T15:18:29","guid":{"rendered":"https:\/\/blogs.deia.eus\/anasagasti\/?p=15506"},"modified":"2021-11-27T17:18:31","modified_gmt":"2021-11-27T15:18:31","slug":"eaj-pnv-los-tiempos-estan-cambiando","status":"publish","type":"post","link":"https:\/\/blogs.deia.eus\/anasagasti\/2021\/11\/27\/eaj-pnv-los-tiempos-estan-cambiando\/","title":{"rendered":"EAJ-PNV. Los tiempos est\u00e1n cambiando."},"content":{"rendered":"\n<p><strong>S\u00e1bado 27 de noviembre de 2021<\/strong><\/p>\n\n\n\n<figure class=\"wp-block-image size-full\"><a href=\"https:\/\/blogs.deia.eus\/anasagasti\/files\/2021\/11\/ABIAN-martxan.jpg\"><img loading=\"lazy\" decoding=\"async\" width=\"610\" height=\"259\" src=\"https:\/\/blogs.deia.eus\/anasagasti\/files\/2021\/11\/ABIAN-martxan.jpg\" alt=\"\" class=\"wp-image-15507\" srcset=\"https:\/\/blogs.deia.eus\/anasagasti\/files\/2021\/11\/ABIAN-martxan.jpg 610w, https:\/\/blogs.deia.eus\/anasagasti\/files\/2021\/11\/ABIAN-martxan-580x246.jpg 580w\" sizes=\"auto, (max-width: 610px) 100vw, 610px\" \/><\/a><\/figure>\n\n\n\n<p>La canci\u00f3n es de Bob Dylan. Merece leer su letra. Siempre cambian los tiempos. El \u00e9xito es saber adaptarse a ellos. Y el PNV est\u00e1 en esa onda en estos tiempos cuando hay dos elementos nuevos important\u00edsimos: la globalizaci\u00f3n y el avance supers\u00f3nico en los medios de comunicaci\u00f3n entre personas.<\/p>\n\n\n\n<p>De esto se ha hablado este s\u00e1bado en el BEC. Se celebraba la Asamblea General del EAJ-PNV que se re\u00fane cada cuatro a\u00f1os y donde se revisa la estrategia y &nbsp;en &nbsp;\u00e9sta se abordan los desajustes para reconducirlos.<\/p>\n\n\n\n<p>&nbsp;Creo ser el \u00fanico &nbsp;afiliado que ha estado en todas las Asambleas del EAJ-PNV desde 1977, cuando salimos de la clandestinidad. No es un m\u00e9rito. Me gustar\u00eda que estas Asambleas tuvieran un potente Consultivo con todos aquellos que han detentado alguna responsabilidad para que, sin voto, la voz de la experiencia se escuche, o tenga su lugar. Sin voto. Nunca se hace y creo es un d\u00e9ficit.<\/p>\n\n\n\n<p>De aquella &nbsp;Asamblea de 1977 en Iru\u00f1a a \u00e9sta en el Bec han cambiado algunos de sus procedimientos aunque no la esencia. Mucho m\u00e1s euskera y presencia paritaria de la mujer. Desde el punto de vista de la ambientaci\u00f3n, nada comparable. Una pancarta con el lema \u201cBatasuna ta Indarra\u201d, \u201dUni\u00f3n y Fuerza\u201d y unos micr\u00f3fonos de andar por casa en 1977. La de hoy en el Bec, una sala llena hasta la bandera con 600 representantes territoriales y municipales, un sonido perfecto, videos, colores, un gran escenario y gente joven en la mesa llevando con mano las intervenciones. El lema de esta Asamblea ha sido&nbsp;&nbsp; \u201cABIAN zurekin\u201d. \u201dEn marcha contigo\u201d. Es el resumen de una oferta a la sociedad sobre una \u201cescucha activa\u201d. Corto y claro. Ser\u00e1 cre\u00edble si se lleva a cabo. No va a ser f\u00e1cil.<\/p>\n\n\n\n<p>Andoni Ortuzar, presidente del EBB, ha iniciado el debate en una jornada lluviosa de la Asamblea de un partido en &nbsp;un momento dulce. Gobierna, influye, no tiene tensiones internas, proyecta imagen de seriedad, aunque es verdad que hay una gran desmovilizaci\u00f3n quiz\u00e1s producto de&nbsp; la pandemia y hay que reactivar toda la estructura. No se puede escuchar fuera sin hacerlo dentro y sin tener el propio partido en tensi\u00f3n din\u00e1mica. Hoy las asambleas y los batzokis est\u00e1n a medio gas y no cumplen aquella funci\u00f3n de grandes centros sociales irradiantes de actividad y proponentes de metas y soluciones. De ah\u00ed&nbsp; que Ortuzar hablara de reforzar la organizaci\u00f3n y abrirse a la sociedad planteando otros modos de participar en la cosa p\u00fablica y teniendo como norte escuchar, diagnosticar y hacer.<\/p>\n\n\n\n<p>Ha habido un debate con Pradales, Berriozabal, Leizaola y Lasa. Han tocado un poco de todo los asuntos de inter\u00e9s aunque quiz\u00e1s ha faltado poner el dedo en la llaga en lo que se hace mal y analizar como nos ve la sociedad. Los cuatro &nbsp;contertulios son cargos institucionales y&nbsp; quiz\u00e1s, estando de acuerdo en lo dicho, un debate con personas sin cargo y viendo los defectos del partido &nbsp;desde fuera creo es m\u00e1s eficaz para tratar de mejorar esa comunicaci\u00f3n. El satisfechismo no es buen consejero. Por cierto Imanol Pradales se ha equivocado en la cita de la necesidad de organizaci\u00f3n. Era de Ajuriaguerra, no de Bujanda.<\/p>\n\n\n\n<p>El jueves me invitaron a dar una charla en el batzoki de Gernika. Lo hice. Tras ella me abord\u00f3 Jos\u00e9 Alberto Pradera que me dio un resumen de c\u00f3mo ve la posibilidad de llegar a unos j\u00f3venes que no leen nunca ning\u00fan peri\u00f3dico, no ven ni la tv, y solo usan las redes sociales. Todo un mundo al que hay que llegar con su manera de proceder. Pradera, un veterano, deber\u00eda haber sido consultado. Y tantos otros. En a\u00f1os de crisis demogr\u00e1fica, de envejecimiento, solo los j\u00f3venes no tienen que tener la palabra. Esta o es una labor de todas las generaciones o est\u00e1 abogada al fracaso. Y hay un cierto complejo al respecto.<\/p>\n\n\n\n<p>Xabier Barandiaran ha explicado pormenorizadamente las bases de dicha propuesta. Ha estado did\u00e1ctico y claro. Me ha gustado m\u00e1s que cuando&nbsp; propon\u00eda dejar la sigla EAJ-PNV porque hab\u00eda que ir a sectores sociales m\u00e1s amplios o cuando propiciaba un Aberri Eguna con el Gernikako Arbola. Y lo que propon\u00eda como diagn\u00f3stico ten\u00eda inter\u00e9s, aunque el problema ser\u00e1 implementarlo y darle seguimiento. He visto demasiados &nbsp;proyectos que se han quedado solo en el enunciado. Se anunciaba estar con la sociedad organizada y con la civil. Escuchar y deliberar. Hacerlo a tres niveles. El del EBB, el de estar con la gente, el conversar e internamente en el partido, profundizar en algunos temas y hacerlo todo con el marco de la Agenda 2030 para el Desarrollo Sostenible. En teor\u00eda sonaba bien, veremos como lo hacen y como se hace y si efectivamente cuentan con las personas adecuadas y no marginan a las que de verdad pueden aportar.<\/p>\n\n\n\n<p>En primer lugar les sugerir\u00eda hablen con los que organizaron la primera Asamblea General en Zestoa cuando el PNV se dividi\u00f3 y Arzalluz dijo aquello de San Ignacio que no ha dejado de repetirse. \u201dEn tiempos de desolaci\u00f3n, no hacer mudanza\u201d. No estamos en tiempos de desolaci\u00f3n y se puede hacer mudanza porque en aquella Asamblea se tomaron las decisiones correctas algo que ha puesto Barandiar\u00e1n en valor &nbsp;cuando ha repetido el comentario de un veterano que resum\u00eda el \u00e9xito hist\u00f3rico del PNV. \u201dTomar en momentos claves las soluciones adecuadas\u201d. Es verdad.<\/p>\n\n\n\n<p>Barandiaran, ha &nbsp;aluidido a la conexi\u00f3n emocional, algo fundamental en un partido que como dec\u00eda Landaburu es una gran familia. O deber\u00eda serlo. En algunos lugares no lo es, y ojal\u00e1 en esa escucha activa superen esa situaci\u00f3n. La credibilidad se gana con hechos, no con palabras.<\/p>\n\n\n\n<p>Ha seguido la asamblea con ponencias de todo tipo. Sector agroalimentario, Lorafna, LGTBI y minor\u00edas sexuales y de g\u00e9nero, modelo socio econ\u00f3mico, vivir el euskera, medio ambiente y cambio clim\u00e1tico, feminismo, derecho de autodeterminaci\u00f3n, euskadi-europa, derecho a decidir, j\u00f3venes &nbsp;y abertzales y tres comunicaciones. De Argentina, de Olabarria, y de la transici\u00f3n energ\u00e9tica. La oferta de un partido a la sociedad que conjuga una visi\u00f3n socialcristiana y social dem\u00f3crata con la idea clara de una Euzkadi solidaria.<\/p>\n\n\n\n<p>Una asamblea que a m\u00ed me hubiera gustado m\u00e1s viva, impedida quiz\u00e1s por la pandemia y las circunstancias con mayor participaci\u00f3n, con debates argumentados, con el mismo respeto. A falta de eso, digamos que el EAJ-PNV sale fuerte y mandando un mensaje de confianza, de buen diagn\u00f3stico, de saber tomarle el pulso al pa\u00eds y sabiendo leer adecuadamente lo que se avecina&nbsp; con un proyecto no basado en la inmediatez sino previendo un futuro tel\u00farico que toca la puerta&nbsp; en tiempos &nbsp;en los que la irrupci\u00f3n de la tecnolog\u00eda acelera todos los proceso&nbsp; y hay que basar lo que se hace &nbsp;en una estrategia de anticipaci\u00f3n.<\/p>\n\n\n\n<p>Lo dicho. El PNV acierta en los momentos claves y \u00e9ste es uno de ellos.<\/p>\n<!-- AddThis Advanced Settings generic via filter on the_content --><!-- AddThis Share Buttons generic via filter on the_content -->","protected":false},"excerpt":{"rendered":"<p>S\u00e1bado 27 de noviembre de 2021 La canci\u00f3n es de Bob Dylan. Merece leer su letra. Siempre cambian los tiempos. El \u00e9xito es saber adaptarse a ellos. Y el PNV est\u00e1 en esa onda en estos tiempos cuando hay dos elementos nuevos important\u00edsimos: la globalizaci\u00f3n y el avance supers\u00f3nico en los medios de comunicaci\u00f3n entre &hellip; <a href=\"https:\/\/blogs.deia.eus\/anasagasti\/2021\/11\/27\/eaj-pnv-los-tiempos-estan-cambiando\/\" class=\"more-link\">Sigue leyendo <span class=\"screen-reader-text\">EAJ-PNV. Los tiempos est\u00e1n cambiando.<\/span><\/a><!-- AddThis Advanced Settings generic via filter on get_the_excerpt --><!-- AddThis Share Buttons generic via filter on get_the_excerpt --><\/p>\n","protected":false},"author":19,"featured_media":0,"comment_status":"open","ping_status":"open","sticky":false,"template":"","format":"standard","meta":{"footnotes":""},"categories":[1],"tags":[],"class_list":["post-15506","post","type-post","status-publish","format-standard","hentry","category-general"],"_links":{"self":[{"href":"https:\/\/blogs.deia.eus\/anasagasti\/wp-json\/wp\/v2\/posts\/15506","targetHints":{"allow":["GET"]}}],"collection":[{"href":"https:\/\/blogs.deia.eus\/anasagasti\/wp-json\/wp\/v2\/posts"}],"about":[{"href":"https:\/\/blogs.deia.eus\/anasagasti\/wp-json\/wp\/v2\/types\/post"}],"author":[{"embeddable":true,"href":"https:\/\/blogs.deia.eus\/anasagasti\/wp-json\/wp\/v2\/users\/19"}],"replies":[{"embeddable":true,"href":"https:\/\/blogs.deia.eus\/anasagasti\/wp-json\/wp\/v2\/comments?post=15506"}],"version-history":[{"count":1,"href":"https:\/\/blogs.deia.eus\/anasagasti\/wp-json\/wp\/v2\/posts\/15506\/revisions"}],"predecessor-version":[{"id":15508,"href":"https:\/\/blogs.deia.eus\/anasagasti\/wp-json\/wp\/v2\/posts\/15506\/revisions\/15508"}],"wp:attachment":[{"href":"https:\/\/blogs.deia.eus\/anasagasti\/wp-json\/wp\/v2\/media?parent=15506"}],"wp:term":[{"taxonomy":"category","embeddable":true,"href":"https:\/\/blogs.deia.eus\/anasagasti\/wp-json\/wp\/v2\/categories?post=15506"},{"taxonomy":"post_tag","embeddable":true,"href":"https:\/\/blogs.deia.eus\/anasagasti\/wp-json\/wp\/v2\/tags?post=15506"}],"curies":[{"name":"wp","href":"https:\/\/api.w.org\/{rel}","templated":true}]}}