{"id":15509,"date":"2021-11-28T16:06:18","date_gmt":"2021-11-28T14:06:18","guid":{"rendered":"https:\/\/blogs.deia.eus\/anasagasti\/?p=15509"},"modified":"2021-11-28T16:06:20","modified_gmt":"2021-11-28T14:06:20","slug":"hagamosle-caso-a-mafalda","status":"publish","type":"post","link":"https:\/\/blogs.deia.eus\/anasagasti\/2021\/11\/28\/hagamosle-caso-a-mafalda\/","title":{"rendered":"Hag\u00e1mosle caso a Mafalda"},"content":{"rendered":"\n<p><strong>Domingo 28 de noviembre de 2021<\/strong><\/p>\n\n\n\n<div class=\"wp-block-image\"><figure class=\"aligncenter size-full\"><a href=\"https:\/\/blogs.deia.eus\/anasagasti\/files\/2021\/11\/Puno-con-pluma.jpg\"><img loading=\"lazy\" decoding=\"async\" width=\"600\" height=\"757\" src=\"https:\/\/blogs.deia.eus\/anasagasti\/files\/2021\/11\/Puno-con-pluma.jpg\" alt=\"\" class=\"wp-image-15510\" srcset=\"https:\/\/blogs.deia.eus\/anasagasti\/files\/2021\/11\/Puno-con-pluma.jpg 600w, https:\/\/blogs.deia.eus\/anasagasti\/files\/2021\/11\/Puno-con-pluma-580x732.jpg 580w\" sizes=\"auto, (max-width: 600px) 100vw, 600px\" \/><\/a><\/figure><\/div>\n\n\n\n<p>Dentro de una semana todo ser\u00e1 hablar de libros, aunque Leopoldo Zugaza les haya dicho a los actuales organizadores de la Feria de Durango que el libro ha sido deglutido por lo audiovisual y que se impone organizar dos ferias, la del libro y la de ese otro mundo que lo llena todo.No le han hecho caso,sin &nbsp;tener en cuenta que fue &nbsp;el creador de la Feria.Y es que &nbsp;el libro vive en agon\u00eda a pesar de que Mafalda nos dec\u00eda: \u201dlo peligroso de vivir sin leer es que te obligan a creer en lo que te dicen\u201d.<\/p>\n\n\n\n<p>Cierre de librer\u00edas, escaso inter\u00e9s por la lectura, &nbsp;redes sociales y m\u00f3viles atentando contra una poblaci\u00f3n mayoritariamente \u00e1grafa y mayoritariamente escritora de tw. Feo panorama. De ah\u00ed que en 1982, cuando se cre\u00f3 EITB ten\u00edamos tres prioridades. La recuperaci\u00f3n del euskera, unos informativos de calidad, neutrales s\u00ed, pero &nbsp;beligerantes contra la violencia y recuperar el tiempo que nos hab\u00eda hecho perder la dictadura y cuya historia nos era desconocida. Todo fue bien hasta que en 1990, A3 comenz\u00f3 a emitir como televisi\u00f3n y EITB rompi\u00f3 parte de su l\u00ednea institucional y comenz\u00f3 a competir con los medios privados, siendo un Ente p\u00fablico (171 millones) y debi\u00e9ndose medir su rentabilidad como servicio social, no en &nbsp;ser los primeros del rating que se convirti\u00f3 en una terrible obsesi\u00f3n. Ahora lo es el deporte y en ese &nbsp;espacio lo llena todo el f\u00fatbol &nbsp;convertido en el \u201copio del pueblo\u201d como dec\u00eda el semi\u00f3logo Umberto Eco. Hoy en d\u00eda la informaci\u00f3n deportiva &nbsp;a veces ocupa la mitad de los informativos, descuid\u00e1ndose&nbsp; el hecho noticioso del pa\u00eds. Lo deportivo debe tener su tratamiento y sus programas espec\u00edficos, no la inmersi\u00f3n actual. La despedida de Aimar Olaizola, con todo merecimiento, tuvo minutos y minutos mientras el fallecimiento de un &nbsp;servidor p\u00fablico de Iparralde &nbsp;de la extraordinaria trayectoria de Ramuntxo Kamblong, no tuvo ni un segundo. Parecer\u00eda que el servicio vocacional no interesa y si la competencia y el espect\u00e1culo. Esa no fue la filosof\u00eda con la que naci\u00f3 EITB.<\/p>\n\n\n\n<p>Pero ante proximidad de la Feria vayamos a los libros en tiempos de efervescencia editorial &nbsp;sistem\u00e1ticamente invisibilizada. Pongo el ejemplo de lo vivido en menos de &nbsp;un mes. Hay mucho m\u00e1s, pero es lo que cabe en este espacio.<\/p>\n\n\n\n<p>Me llam\u00f3 la atenci\u00f3n que el libro sobre Castelao, Galeuzka y las relaciones pol\u00edticas de vascos, gallegos y catalanes del profesor Xos\u00e9 Estevez, presentado por la Sociedad Bascongada de Amigos del Pa\u00eds en el Museo San Telmo y en la Fundaci\u00f3n Sabino Arana no le interesara al ente p\u00fablico lo m\u00e1s m\u00ednimo y eso que hab\u00eda venido expresamente desde Rianxo el alcalde del pueblo natal de Castelao.&nbsp; No interes\u00f3.<\/p>\n\n\n\n<p>Eugenio Ibarzabal ha escrito un libro que es fundamental para entendernos en la actualidad. \u201cLos Sota\u201d. No se comprende Euzkadi, el PNV, la represi\u00f3n &nbsp;franquista y aquella flota de barcos, minas y astilleros &nbsp;sin conocer la historia de esta saga tan importante. Se present\u00f3 en Ibaigane, el palacete de D. Ram\u00f3n de la Sota y Llano incautado por los militares &nbsp;en 1937 para Gobierno militar y en la actualidad sede del Athletic. Fue un &nbsp;momento period\u00edstico \u00fanico en un lugar &nbsp;tambi\u00e9n &nbsp;\u00fanico. Ten\u00eda la fuerza de la venganza de la historia. Se present\u00f3 &nbsp;asimismo en Getxo y en Iru\u00f1a, Una &nbsp;breve entrevista en ETB1 fue todo, cuando quiz\u00e1s, hubiera merecido un programa especial.<\/p>\n\n\n\n<p>Por invitaci\u00f3n de su bisnieto estuve el mi\u00e9rcoles 3 de noviembre en la sede de Euskaltzaindia en la presentaci\u00f3n no de uno, sino de tres libros dedicados al sabio Bonifacio&nbsp; Echegaray. \u201dEn busca de Vasconia\u201d, \u201dEstudios de Derecho Privado Vasco\u201d, \u201dPoemas y Cuentos\u201d. Tanto el presidente de Euskaltzandia, Andr\u00e9s Urrutia, como Seve Calleja, como su bisnieto L\u00e1zaro tuvieron unas excelentes intervenciones, de las de volver a escuchar, sobre este gran intelectual vasco del siglo XX. ETB no le dedic\u00f3 ni un segundo a un acto de esta envergadura.<\/p>\n\n\n\n<p>Ese d\u00eda aparec\u00eda en DEIA un reportaje de Iban Gorriti sobre un brit\u00e1nico que vive en Estados Unidos&nbsp; y que &nbsp;adem\u00e1s fue noticia&nbsp; en la prensa neoyorquina. La raz\u00f3n es su libro The Urkiola Boy. And Adventure&nbsp; in Basque Time, \u201cEl chico de Urkiola. Las aventuras de un gudari vasco\u201d. El libro&nbsp; acaba de ganar un importante premio&nbsp; editorial, el New York City Big Book Award. Ni una sola menci\u00f3n en ETB. La v\u00edspera, este peri\u00f3dico se hab\u00eda hecho eco&nbsp;&nbsp; de la sexta novela de la santurtziarra Iria Blake, \u201dBreathe Me. Eres mi refugio\u201d. Nada en ETB. Quien s\u00ed tuvo un gran espacio en ETB fue Joseba Sarrionandia, el martes 2 &nbsp;con una interesante entrevista en relaci\u00f3n con su nuevo trabajo para la colecci\u00f3n infantil \u201cKukul\u201d. \u00bfAlgo inconveniente?. Todo lo contrario. Lo llamativo es el contraste. \u00bfPor qu\u00e9 unos si y otros no?. \u00bfCu\u00e1l es el criterio?. Tambi\u00e9n tuvieron su gran y merecido espacio Borja Semper y &nbsp;Eduardo Madina. \u201cTodos los futuros perdidos\u201d editado al calor del d\u00e9cimo aniversario de la desaparici\u00f3n&nbsp; de &nbsp;una organizaci\u00f3n terrorista que tanto les hab\u00eda marcado.<\/p>\n\n\n\n<p>Un libro que parece interesante es el escrito por quien fuera Ararteko, I\u00f1igo Lamarka. Ha dado el salto a la novela ficci\u00f3n con \u201cLa Suerte de Regi\u201d, una historia coral sobre la homofobia y el sometimiento pol\u00edtico en la Euskadi de los \u00faltimos 45 a\u00f1os. En otro registro. \u201dUn regalo para Hitler\u201d es el interesante trabajo de&nbsp; los historiadores Xabier de Irujo &nbsp;y Alberto Irigoyen. Es una novela hist\u00f3rica&nbsp; que explica hasta qu\u00e9 punto la herencia de los padres puede marcar la vida de los hijos. Una historia de &nbsp;c\u00f3mo siguiendo las \u00f3rdenes de Franco, la Legi\u00f3n C\u00f3ndor y unidades de la aviaci\u00f3n italiana bombardean Gernika. No hubiera estado nada mal que nos hubieran dado cuenta en ETB de estos dos interesantes libros as\u00ed como el de Arantza Amezaga \u201cCartas desde la libertad\u201d&nbsp; donde cuenta la peripecia de 90 vascos en aquel barco fantasma, El Alsina\u201d, en el que viajaban &nbsp;desde el expresidente republicano Alcal\u00e1 Zamora, el Consejero Monz\u00f3n, el eusker\u00f3logo Amezaga y el ponente del estatuto de Estella Francisco Basterretxea. S\u00ed lo hicieron con un libro original de Isabel Mell\u00e9n titulado Tierra de Damas. Las mujeres que construyeron el rom\u00e1nico en el Pa\u00eds Vasco, un exhaustivo trabajo de esta fil\u00f3sofa e historiadora del arte que dibuja un \u201cpatriarcado m\u00e1s laxo\u201d que el actual. Es una parte important\u00edsima de nuestra historia que no ha sido contada nunca, porque solo se ha hablado de lo que hac\u00edan los hombres. .<\/p>\n\n\n\n<p>No lo hizo con el fruto de ocho a\u00f1os de trabajo buscando&nbsp; las Canteras Moleras de Orozko, que as\u00ed se llama el libro de Javier Castro y de I\u00f1aki Garc\u00eda Uribe. Acaban de editarlo con buenas fotograf\u00edas y el resultado de una investigaci\u00f3n &nbsp;singular como detectives del &nbsp;Gorbea, al estilo de indiana Jones y en conexi\u00f3n con la universidad de Grenoble. Un total de 200 piedras moleras, siendo los terceros del mundo en lograr catalogar algo tan importante del pasado. \u00a1Que buen reportaje se pod\u00eda haber hecho!. Un libro que merecer\u00eda un buen debate&nbsp; hist\u00f3rico en ETB deber\u00eda ser el escrito por Edorta Jim\u00e9nez que lleva a\u00f1os investigando la vida de Nikole Atxikallende, quien fuera viuda de Sabino Arana.&nbsp; Durante su confinamiento ha escrito este libro&nbsp; en euskera NIKOLE sobre una mujer tan denostada como su marido. Un trabajo muy respetuoso y riguroso que pone las cosas en su sitio y aclara muchos de los infundios que se siguen lanzando sobre este matrimonio. Edorta la recupera del olvido y de la mentira..<\/p>\n\n\n\n<p>Otro libro del mayor inter\u00e9s es el de la acad\u00e9mica alemana Saranda Frommold que trabaj\u00f3 durante m\u00e1s de cinco a\u00f1os en una investigaci\u00f3n que arroja luz sobre un acuerdo internacional entre Espa\u00f1a y M\u00e9xico. El libro se titula \u201dEl exilio de ETA en M\u00e9xico\u201d donde se reconstruye por primera vez de manera sistem\u00e1tica una parte desconocida de la historia reciente. No ha sido noticia. Tampoco un trabajo que se lee en un pis pas y se trata del libro de Juan Beistegi, comandante del batall\u00f3n Loiola. Es un libro magn\u00edfico que se lee de una sentada y nos ilustra la historia de &nbsp;la pistola construida en Eibar que mat\u00f3 al rey Alejandro de Yugoslavia, hasta la forma como viv\u00edan los gudaris en el frente. Magn\u00edfico. Se present\u00f3 en Azpeitia y en Eibar. Solo se enteraron los que fueron a una presentaci\u00f3n organizada por la Fundaci\u00f3n Sabino Arana que hab\u00eda notificado a EITB el bombazo de un libro \u00fanico. Lleva ya dos ediciones.<\/p>\n\n\n\n<p>Me quedan varios libros m\u00e1s en el tintero. El \u00faltimo y rese\u00f1able la biograf\u00eda de Javier de Landaburu de Leyre Arrieta. Todo un puntazo. El de Roberto Otxandio \u201cCuando lo que nos falta es el tiempo\u201d, el de Mario Amor\u00f3s \u201cNo Pasar\u00e1n\u201d sobre la Pasionaria, y el de Imanol Lizarralde y Joxan Rekondo \u201cResistencia vasca ante las violencias recientes\u201d. Un trabajo fundamental. Lo rese\u00f1ado es una peque\u00f1a muestra de la obligada necesidad de &nbsp;informar sobre historias vascas del mayor inter\u00e9s&nbsp; que deber\u00edan &nbsp;ser noticia en los informativos &nbsp;as\u00ed como contar con un programa especial para libros en prime time si creemos que EITB es un servicio p\u00fablico. Se echa en falta. Mafalda lo habr\u00eda hecho.<\/p>\n<!-- AddThis Advanced Settings generic via filter on the_content --><!-- AddThis Share Buttons generic via filter on the_content -->","protected":false},"excerpt":{"rendered":"<p>Domingo 28 de noviembre de 2021 Dentro de una semana todo ser\u00e1 hablar de libros, aunque Leopoldo Zugaza les haya dicho a los actuales organizadores de la Feria de Durango que el libro ha sido deglutido por lo audiovisual y que se impone organizar dos ferias, la del libro y la de ese otro mundo &hellip; <a href=\"https:\/\/blogs.deia.eus\/anasagasti\/2021\/11\/28\/hagamosle-caso-a-mafalda\/\" class=\"more-link\">Sigue leyendo <span class=\"screen-reader-text\">Hag\u00e1mosle caso a Mafalda<\/span><\/a><!-- AddThis Advanced Settings generic via filter on get_the_excerpt --><!-- AddThis Share Buttons generic via filter on get_the_excerpt --><\/p>\n","protected":false},"author":19,"featured_media":0,"comment_status":"open","ping_status":"open","sticky":false,"template":"","format":"standard","meta":{"footnotes":""},"categories":[1],"tags":[],"class_list":["post-15509","post","type-post","status-publish","format-standard","hentry","category-general"],"_links":{"self":[{"href":"https:\/\/blogs.deia.eus\/anasagasti\/wp-json\/wp\/v2\/posts\/15509","targetHints":{"allow":["GET"]}}],"collection":[{"href":"https:\/\/blogs.deia.eus\/anasagasti\/wp-json\/wp\/v2\/posts"}],"about":[{"href":"https:\/\/blogs.deia.eus\/anasagasti\/wp-json\/wp\/v2\/types\/post"}],"author":[{"embeddable":true,"href":"https:\/\/blogs.deia.eus\/anasagasti\/wp-json\/wp\/v2\/users\/19"}],"replies":[{"embeddable":true,"href":"https:\/\/blogs.deia.eus\/anasagasti\/wp-json\/wp\/v2\/comments?post=15509"}],"version-history":[{"count":1,"href":"https:\/\/blogs.deia.eus\/anasagasti\/wp-json\/wp\/v2\/posts\/15509\/revisions"}],"predecessor-version":[{"id":15511,"href":"https:\/\/blogs.deia.eus\/anasagasti\/wp-json\/wp\/v2\/posts\/15509\/revisions\/15511"}],"wp:attachment":[{"href":"https:\/\/blogs.deia.eus\/anasagasti\/wp-json\/wp\/v2\/media?parent=15509"}],"wp:term":[{"taxonomy":"category","embeddable":true,"href":"https:\/\/blogs.deia.eus\/anasagasti\/wp-json\/wp\/v2\/categories?post=15509"},{"taxonomy":"post_tag","embeddable":true,"href":"https:\/\/blogs.deia.eus\/anasagasti\/wp-json\/wp\/v2\/tags?post=15509"}],"curies":[{"name":"wp","href":"https:\/\/api.w.org\/{rel}","templated":true}]}}