{"id":15512,"date":"2021-11-29T14:41:36","date_gmt":"2021-11-29T12:41:36","guid":{"rendered":"https:\/\/blogs.deia.eus\/anasagasti\/?p=15512"},"modified":"2021-11-29T14:41:38","modified_gmt":"2021-11-29T12:41:38","slug":"jai-alai-en-usa-o-todo-o-nada-pues-nada","status":"publish","type":"post","link":"https:\/\/blogs.deia.eus\/anasagasti\/2021\/11\/29\/jai-alai-en-usa-o-todo-o-nada-pues-nada\/","title":{"rendered":"Jai Alai en USA. O todo o nada. Pues nada"},"content":{"rendered":"\n<p><strong>Lunes 29 de noviembre de 2021<\/strong><\/p>\n\n\n\n<div class=\"wp-block-image\"><figure class=\"aligncenter size-full\"><a href=\"https:\/\/blogs.deia.eus\/anasagasti\/files\/2021\/11\/ultimo-puntista.jpg\"><img loading=\"lazy\" decoding=\"async\" width=\"579\" height=\"676\" src=\"https:\/\/blogs.deia.eus\/anasagasti\/files\/2021\/11\/ultimo-puntista.jpg\" alt=\"\" class=\"wp-image-15513\" \/><\/a><\/figure><\/div>\n\n\n\n<p>Dec\u00eda Almudena Grandes que la memoria no es cuesti\u00f3n del pasado. Es cuesti\u00f3n del presente, de lo que somos ahora y de cual es nuestro sistema de valores.<\/p>\n\n\n\n<p>Viene a cuento su reflexi\u00f3n al escuchar la noticia de que Dania Jai Alai vivi\u00f3 el domingo su \u00faltima funci\u00f3n. Era el \u00fanico front\u00f3n con cuadro de pelotaris estable en EE.UU. Y el dato me record\u00f3 al gran Ant\u00f3n Eguia, director del peri\u00f3dico, DEIA, que conoc\u00eda muy bien el mundo de la pelota, de los frontones, de los pelotaris de mano y de Jai Alai y que ante la interminable huelga de la Ijapa en Estados &nbsp;Unidos me dijo: \u201dEsto es el fin de la pelota en USA. Tienen raz\u00f3n en lo que piden pero si vas all\u00ed con el todo o nada, te quedas sin nada. El capitalismo salvaje aplasta tanto como el comunismo salvaje\u201d. Y pas\u00f3 el domingo lo que me anunci\u00f3 el bueno de Ant\u00f3n. Cuando las cosas no se reivindican gradualmente, pasan estas cosas. Aunque a Mikel Lakuntza, secretario de ELA, estas noticias le entran por un oido y le salen por otro. Nunca han creado un solo puesto de trabajo.<\/p>\n\n\n\n<p>El front\u00f3n Miami Jai Alai abri\u00f3 en 1926. Nada menos. A partir de ese momento, la llama de la cesta punta prendi\u00f3 en Estados Unidos. Hubo competici\u00f3n&nbsp; en Chicago, Nueva Orleans, Nueva York, San Francisco o San Luis. Lleg\u00f3 a haber 16 frontones en Florida, Rhode Island, Connecticut y Nevada. En total, casi 500 pelotaris vascos se ganaban el pan en el sue\u00f1o norteamericano.<\/p>\n\n\n\n<p>Recuerdo a los pelotaris vascos llegar a Caracas tras su temporada en los frontones de Florida. El front\u00f3n del Centro Vasco de Caracas, que ten\u00eda &nbsp;algo menos de las dimensiones adecuadas, se llenaba hasta los topes. Generalmente el presidente de la Rep\u00fablica abr\u00eda con su saque el primer partido. Luego esos pelotaris volv\u00edan a Euzkadi. Todo esto es ya pasado.<\/p>\n\n\n\n<p>La huelga que en 1988 mantuvieron los pelotaris vascos de 18 frontones, agrupados en la IJAPA, dur\u00f3 tres a\u00f1os. Fue el principio del fin de la \u00e9poca dorada de la pelota en Estados Unidos, a la que el coronavirus ha apuntillado. Los pelotaris criticaban a las empresas de \u201cpr\u00e1cticas laborales injustas\u201d, pero las ocho empresas que controlaban los frontones&nbsp; no aceptaron aquella huelga ni sus reivindicaciones laborales. El nombre de \u201cpr\u00e1cticas laborales injustas\u201d era una de las formas que legalmente se pueden utilizar en Estados Unidos para realizar un paro. Algunos de los pelotaris ten\u00edan problemas de residencia, con lo que pod\u00edan ser echados en cualquier momento del pa\u00eds, am\u00e9n de unas justas reivindicaciones como que se les reconociera su derecho a tener un seguro de enfermedad y jubilaci\u00f3n. L\u00f3gico y justo.<\/p>\n\n\n\n<p>Pero no hubo mano izquierda. Imag\u00ednense quien movi\u00f3 esta huelga de forma tan radical. Pues eso. Aquel paro tan prolongado hizo que los empresarios buscaran otro tipo de apuestas a lo que se le uni\u00f3 el auge de los medios audiovisuales y telem\u00e1ticos y seguramente hoy, sin aquella &nbsp;huelga nefasta, las cosas no ser\u00edan como al inicio pero seguramente ese magn\u00edfico y vistoso &nbsp;deporte, con su vertiente en las apuestas, seguir\u00eda formando parte del ocio norteamericano. Hoy ha desaparecido.<\/p>\n\n\n\n<p>La cesta punta necesita ser apoyada. ETB solo da los partidos de mano, como si el Jai Alai no existiera, cuando este deporte necesita visibilidad. Ojal\u00e1 los cestistas se unan y reivindiquen su trabajo que no solo es un deporte sino es una se\u00f1a de identidad de nuestro pueblo. De Euzkadi.<\/p>\n<!-- AddThis Advanced Settings generic via filter on the_content --><!-- AddThis Share Buttons generic via filter on the_content -->","protected":false},"excerpt":{"rendered":"<p>Lunes 29 de noviembre de 2021 Dec\u00eda Almudena Grandes que la memoria no es cuesti\u00f3n del pasado. Es cuesti\u00f3n del presente, de lo que somos ahora y de cual es nuestro sistema de valores. Viene a cuento su reflexi\u00f3n al escuchar la noticia de que Dania Jai Alai vivi\u00f3 el domingo su \u00faltima funci\u00f3n. Era &hellip; <a href=\"https:\/\/blogs.deia.eus\/anasagasti\/2021\/11\/29\/jai-alai-en-usa-o-todo-o-nada-pues-nada\/\" class=\"more-link\">Sigue leyendo <span class=\"screen-reader-text\">Jai Alai en USA. O todo o nada. Pues nada<\/span><\/a><!-- AddThis Advanced Settings generic via filter on get_the_excerpt --><!-- AddThis Share Buttons generic via filter on get_the_excerpt --><\/p>\n","protected":false},"author":19,"featured_media":0,"comment_status":"open","ping_status":"open","sticky":false,"template":"","format":"standard","meta":{"footnotes":""},"categories":[1],"tags":[],"class_list":["post-15512","post","type-post","status-publish","format-standard","hentry","category-general"],"_links":{"self":[{"href":"https:\/\/blogs.deia.eus\/anasagasti\/wp-json\/wp\/v2\/posts\/15512","targetHints":{"allow":["GET"]}}],"collection":[{"href":"https:\/\/blogs.deia.eus\/anasagasti\/wp-json\/wp\/v2\/posts"}],"about":[{"href":"https:\/\/blogs.deia.eus\/anasagasti\/wp-json\/wp\/v2\/types\/post"}],"author":[{"embeddable":true,"href":"https:\/\/blogs.deia.eus\/anasagasti\/wp-json\/wp\/v2\/users\/19"}],"replies":[{"embeddable":true,"href":"https:\/\/blogs.deia.eus\/anasagasti\/wp-json\/wp\/v2\/comments?post=15512"}],"version-history":[{"count":1,"href":"https:\/\/blogs.deia.eus\/anasagasti\/wp-json\/wp\/v2\/posts\/15512\/revisions"}],"predecessor-version":[{"id":15514,"href":"https:\/\/blogs.deia.eus\/anasagasti\/wp-json\/wp\/v2\/posts\/15512\/revisions\/15514"}],"wp:attachment":[{"href":"https:\/\/blogs.deia.eus\/anasagasti\/wp-json\/wp\/v2\/media?parent=15512"}],"wp:term":[{"taxonomy":"category","embeddable":true,"href":"https:\/\/blogs.deia.eus\/anasagasti\/wp-json\/wp\/v2\/categories?post=15512"},{"taxonomy":"post_tag","embeddable":true,"href":"https:\/\/blogs.deia.eus\/anasagasti\/wp-json\/wp\/v2\/tags?post=15512"}],"curies":[{"name":"wp","href":"https:\/\/api.w.org\/{rel}","templated":true}]}}