{"id":15518,"date":"2021-12-02T13:48:38","date_gmt":"2021-12-02T11:48:38","guid":{"rendered":"https:\/\/blogs.deia.eus\/anasagasti\/?p=15518"},"modified":"2021-12-02T13:48:39","modified_gmt":"2021-12-02T11:48:39","slug":"barbados-nueva-republica","status":"publish","type":"post","link":"https:\/\/blogs.deia.eus\/anasagasti\/2021\/12\/02\/barbados-nueva-republica\/","title":{"rendered":"Barbados, nueva Rep\u00fablica"},"content":{"rendered":"\n<p><strong>Jueves 2 de diciembre de 2021<\/strong><\/p>\n\n\n\n<figure class=\"wp-block-image size-full\"><a href=\"https:\/\/blogs.deia.eus\/anasagasti\/files\/2021\/12\/Barbados-se-convierte-en-republica.jpeg\"><img loading=\"lazy\" decoding=\"async\" width=\"894\" height=\"642\" src=\"https:\/\/blogs.deia.eus\/anasagasti\/files\/2021\/12\/Barbados-se-convierte-en-republica.jpeg\" alt=\"\" class=\"wp-image-15519\" srcset=\"https:\/\/blogs.deia.eus\/anasagasti\/files\/2021\/12\/Barbados-se-convierte-en-republica.jpeg 894w, https:\/\/blogs.deia.eus\/anasagasti\/files\/2021\/12\/Barbados-se-convierte-en-republica-580x417.jpeg 580w, https:\/\/blogs.deia.eus\/anasagasti\/files\/2021\/12\/Barbados-se-convierte-en-republica-768x552.jpeg 768w\" sizes=\"auto, (max-width: 894px) 100vw, 894px\" \/><\/a><\/figure>\n\n\n\n<p>Barbados se convierte en rep\u00fablica y se despide de Isabel II (El pr\u00edncipe Carlos de Inglaterra, pide perd\u00f3n por el colonialismo y la trata de esclavos). <a href=\"http:\/\/www.publico.es\/sociedad\/barbados-convierte-republica-despide-isabel-ii.html\">http:\/\/www.publico.es\/sociedad\/barbados-convierte-republica-despide-isabel-ii.html<\/a>.<\/p>\n\n\n\n<p>1.- De nuevo un referendo vinculante en otra parte del planeta, sobre si quieren ser monarqu\u00eda o rep\u00fablica, y sobre si quieren seguir unidos a Gran Breta\u00f1a o desvincularse del todo.<\/p>\n\n\n\n<p>2.- Y ha salido el \u00abSI\u00bb a ser rep\u00fablica y separarse del todo del Reino Unido.<\/p>\n\n\n\n<p>3.- La monarqu\u00eda brit\u00e1nica acepta esta situaci\u00f3n del todo y sin intervenir en pol\u00edtica.<\/p>\n\n\n\n<p>4.- Gran Breta\u00f1a pide perd\u00f3n por su pasado colonial y esclavista (por supuesto en imperio brit\u00e1nico tambi\u00e9n hubo cosas buenas y hay cosas exageradas respecto al da\u00f1o que hicieron, por ejemplo la \u00ableyenda negra\u00bb que circula en Espa\u00f1a de que los brit\u00e1nicos o ingleses mataron a los indios norteamericanos, cuando todo el mundo sabe que eso fue cosa de los Norteamericanos cuando estos fueron independientes de Gran Breta\u00f1a y colonizaron el pa\u00eds&#8230;, pero&#8230;, a pesar de todas estas cosas&#8230;, un imperio mundial no se hace con abracitos y besitos&#8230;, esa es la verdad&#8230;, y todo el mundo lo sabe&#8230;, y dentro de ese imperio, los hubo m\u00e1s beneficiados y m\u00e1s perjudicados, esa es la verdad y lo que hay que asumir, si quieres ser un pa\u00eds moderno, dem\u00f3crata, avanzado&#8230;, no se puede cambiar el pasado, pero es lo m\u00ednimo).<\/p>\n\n\n\n<p>COMO PUEDE VERSE, CUALQUIER COMPARACI\u00d3N CON LA ACTUAL O PASADA ESPA\u00d1A, ES MERA COINCIDENCIA.<\/p>\n\n\n\n<p>Sony<\/p>\n<!-- AddThis Advanced Settings generic via filter on the_content --><!-- AddThis Share Buttons generic via filter on the_content -->","protected":false},"excerpt":{"rendered":"<p>Jueves 2 de diciembre de 2021 Barbados se convierte en rep\u00fablica y se despide de Isabel II (El pr\u00edncipe Carlos de Inglaterra, pide perd\u00f3n por el colonialismo y la trata de esclavos). http:\/\/www.publico.es\/sociedad\/barbados-convierte-republica-despide-isabel-ii.html. 1.- De nuevo un referendo vinculante en otra parte del planeta, sobre si quieren ser monarqu\u00eda o rep\u00fablica, y sobre si quieren &hellip; <a href=\"https:\/\/blogs.deia.eus\/anasagasti\/2021\/12\/02\/barbados-nueva-republica\/\" class=\"more-link\">Sigue leyendo <span class=\"screen-reader-text\">Barbados, nueva Rep\u00fablica<\/span><\/a><!-- AddThis Advanced Settings generic via filter on get_the_excerpt --><!-- AddThis Share Buttons generic via filter on get_the_excerpt --><\/p>\n","protected":false},"author":19,"featured_media":0,"comment_status":"open","ping_status":"open","sticky":false,"template":"","format":"standard","meta":{"footnotes":""},"categories":[1],"tags":[],"class_list":["post-15518","post","type-post","status-publish","format-standard","hentry","category-general"],"_links":{"self":[{"href":"https:\/\/blogs.deia.eus\/anasagasti\/wp-json\/wp\/v2\/posts\/15518","targetHints":{"allow":["GET"]}}],"collection":[{"href":"https:\/\/blogs.deia.eus\/anasagasti\/wp-json\/wp\/v2\/posts"}],"about":[{"href":"https:\/\/blogs.deia.eus\/anasagasti\/wp-json\/wp\/v2\/types\/post"}],"author":[{"embeddable":true,"href":"https:\/\/blogs.deia.eus\/anasagasti\/wp-json\/wp\/v2\/users\/19"}],"replies":[{"embeddable":true,"href":"https:\/\/blogs.deia.eus\/anasagasti\/wp-json\/wp\/v2\/comments?post=15518"}],"version-history":[{"count":1,"href":"https:\/\/blogs.deia.eus\/anasagasti\/wp-json\/wp\/v2\/posts\/15518\/revisions"}],"predecessor-version":[{"id":15520,"href":"https:\/\/blogs.deia.eus\/anasagasti\/wp-json\/wp\/v2\/posts\/15518\/revisions\/15520"}],"wp:attachment":[{"href":"https:\/\/blogs.deia.eus\/anasagasti\/wp-json\/wp\/v2\/media?parent=15518"}],"wp:term":[{"taxonomy":"category","embeddable":true,"href":"https:\/\/blogs.deia.eus\/anasagasti\/wp-json\/wp\/v2\/categories?post=15518"},{"taxonomy":"post_tag","embeddable":true,"href":"https:\/\/blogs.deia.eus\/anasagasti\/wp-json\/wp\/v2\/tags?post=15518"}],"curies":[{"name":"wp","href":"https:\/\/api.w.org\/{rel}","templated":true}]}}