{"id":15522,"date":"2021-12-03T15:47:05","date_gmt":"2021-12-03T13:47:05","guid":{"rendered":"https:\/\/blogs.deia.eus\/anasagasti\/?p=15522"},"modified":"2021-12-03T15:47:34","modified_gmt":"2021-12-03T13:47:34","slug":"presentacion-en-la-corte-donde-lo-de-menos-era-el-libro","status":"publish","type":"post","link":"https:\/\/blogs.deia.eus\/anasagasti\/2021\/12\/03\/presentacion-en-la-corte-donde-lo-de-menos-era-el-libro\/","title":{"rendered":"Presentaci\u00f3n en la Corte, donde lo de menos era el libro."},"content":{"rendered":"\n<p><strong>Viernes 3 de diciembre de 2021<\/strong><\/p>\n\n\n\n<div class=\"wp-block-image\"><figure class=\"aligncenter size-large\"><a href=\"https:\/\/blogs.deia.eus\/anasagasti\/files\/2021\/12\/Rajoy-y-el-combo.jpg\"><img loading=\"lazy\" decoding=\"async\" width=\"940\" height=\"577\" src=\"https:\/\/blogs.deia.eus\/anasagasti\/files\/2021\/12\/Rajoy-y-el-combo-940x577.jpg\" alt=\"\" class=\"wp-image-15523\" srcset=\"https:\/\/blogs.deia.eus\/anasagasti\/files\/2021\/12\/Rajoy-y-el-combo-940x577.jpg 940w, https:\/\/blogs.deia.eus\/anasagasti\/files\/2021\/12\/Rajoy-y-el-combo-580x356.jpg 580w, https:\/\/blogs.deia.eus\/anasagasti\/files\/2021\/12\/Rajoy-y-el-combo-768x472.jpg 768w, https:\/\/blogs.deia.eus\/anasagasti\/files\/2021\/12\/Rajoy-y-el-combo.jpg 1024w\" sizes=\"auto, (max-width: 940px) 100vw, 940px\" \/><\/a><\/figure><\/div>\n\n\n\n<p>El antiguo gur\u00fa de S\u00e1nchez, Iv\u00e1n Redondo, ha escrito esta semana que de celebrarse elecciones Ayuso y Vox obtendr\u00edan \u00a0202 esca\u00f1os. Afortunadamente no est\u00e1n convocadas elecciones y siendo verdad que Ayuso quiere volar fuera de Madrid quiz\u00e1s las encuestas de Redondo solo sirvan para asustar al personal, en este caso a Casado y tambi\u00e9n para escribir un art\u00edculo pero poco m\u00e1s. La gente se ha dado cuenta del pelaje de este cantama\u00f1anas.<\/p>\n\n\n\n<p>Sin embargo no hay que dejar de observar a esta Sra. que de la mano de Miguel \u00c1ngel Rodr\u00edguez est\u00e1 tomando tal vuelo que al l\u00edder del PP y a su secretario general Teodoro Garc\u00eda Egea, un tipo repelente, comienza a preocuparles y as\u00ed como en esta semana no saben los economistas c\u00f3mo es posible que con semejante inflaci\u00f3n baje el paro, 40.000 en Madrid, tampoco saben si finalmente Ayuso, conseguida la presidencia del PP de Madrid, si la consigue, va a desafiar a quien le promovi\u00f3. En pol\u00edtica todo puede ser. Y es importante porque Ayuso, para Euzkadi, es una dirigente inquietante. No le gustamos, le molestamos y si pudiera, de entrada, como Franco abolir\u00eda el Concierto Econ\u00f3mico, aunque \u00e9sto no es posible. En este clima, este mi\u00e9rcoles, se ha presentado en el Casino de Madrid el libro de Mariano Rajoy \u201cPol\u00edtica para Adultos\u201d. Buen t\u00edtulo sobre todo para la gente de su partido, infantilizados, y bastante ultraderechizados. Fij\u00e9monos en el discurso de aut\u00e9ntico out sider de Iturgaiz.<\/p>\n\n\n\n<p>Poco hemos sabido del contenido del libro salvo la ausencia de Aznar y de Cayetana \u00c1lvarez de Toledo en la presentaci\u00f3n donde se congreg\u00f3 el mayor n\u00famero de pelotas y arribistas por metro cuadrado de Madrid. Tambi\u00e9n nos han atiborrado de im\u00e1genes y comentarios sobre el aparente forcejeo entre Casado y Ayuso para la foto previa. Escuchaba esas tertulias de sabiondos de&nbsp; la Villa y Corte, esos serviles al poder de siempre decir que lo que hab\u00eda primado era el protocolo para que no estuvieran juntos. \u00bfPero de que protocolo hablan si aquello era la presentaci\u00f3n de un libro y no un acto institucional?. Siempre me han sacado de quicio los expertos en protocolo que ve\u00edan muy bien antes aquellas serviles genuflexiones de las pol\u00edticas de derechas, personas elegidas, ante los reyes, personas no elegidas. Opinaban de las mismas &nbsp;con igual superficialidad argumentando que era por protocolo. Cursiler\u00eda y servidumbre, adobada por comentarios de seudoexpertos en protocolo. Espa\u00f1a est\u00e1 salvada con esta gente.<\/p>\n\n\n\n<p>Vi en un reportaje como le hac\u00edan una entrevista a Alfonso Alonso, a Borja Semper y a Javier Maroto. Alonso por lo que se ve vive en Madrid que es lo que le gusta a los pol\u00edticos vascos del PP y Psoe como Ram\u00f3n Jauregui. Parece un peque\u00f1o detalle pero mientras no cambien el chip me da que no van a tener mucho que hacer en la tierra que les vio nacer. Lo de ellos no es Euzkadi, sino Madrid y para ello, como Maroto si tiene que ser elegido es Castilla y Le\u00f3n quien lo propone y \u00e9l se empadrona en Sotosalbos (Segovia). El hombre que no pod\u00eda vivir fuera de Gasteiz.<\/p>\n\n\n\n<p>Alfonso Alonso fue alcalde de Gasteiz, ministro de sanidad y portavoz en el Congreso. Su presencia se puede entender. Aunque se le ve\u00eda perdido. El PP le impuso la candidatura con Ciudadanos, se neg\u00f3, lo sacaron de la lista y lo sustituyeron por Iturgaiz. La de Borja Semper no mucho, salvando el hecho de que cada quien va donde quiere, como tambi\u00e9n cada quien opina lo que quiere. No se le ve a este hombre retirado de la pol\u00edtica como nos dijo sino como buscando de nuevo su oportunidad en Madrid y estos saraos son buenos para ver y dejarse ver. Si el PP gobernara no tengo duda que Semper ocupar\u00eda algunos de los puestos, y para m\u00e1s inri cupo vasco, aunque se&nbsp; fue de Donosti pues no estaba por la labor de trabajar por unas ideas &nbsp;en campo yermo. Los esfuerzos bald\u00edos producen melancol\u00eda y \u00e9l va de guay. Es &nbsp;leg\u00edtimo pero irrita&nbsp; ese discurso vac\u00edo y mentiroso de su despedida de los focos y estar a todas horas pendiente de ellos. Lo mismo que Maroto que suspiraba por Gasteiz y acab\u00f3 como segoviano.<\/p>\n\n\n\n<p>Tambi\u00e9n fue el marido de Mar\u00eda Dolores de Cospedal, Ignacio L\u00f3pez Hierro. Es otro dato. No fue ella, pero si su marido aparentemente m\u00e1s desconocido, aunque si asisti\u00f3 su gran rival, ya nadie se acuerda de aquella pelea a muerte, Soraya Saenz de Santamaria, la del bolso en el esca\u00f1o. No hay pues m\u00e1s &nbsp;que observar lo que ocurre en el PP en estos escenarios de feria de vanidades donde se &nbsp;atisba un partido tipo puchero donde las cosas est\u00e1n hirviendo y a &nbsp;punto de saltar por los aires. No se producir\u00e1 tal hecho porque el horizonte de poder y el reparto del mismo templa las ansias. Todo es ahora hablar del Presidente Casado para que nos vayamos acostumbrando.<\/p>\n\n\n\n<p>Fue pues una presentaci\u00f3n de libro en Madrid&nbsp; an\u00f3mala, donde lo de &nbsp;menos era el libro, que estoy seguro que ninguno de los presentes leer\u00e1, ni ha le\u00eddo. Posados y pose.<\/p>\n\n\n\n<p>Y un toque final. No, Rajoy es el m\u00e1s listo y curtido de los pol\u00edticos del PP aunque deber\u00eda mejorar su nivel \u00e9tico. Dice que no entiende como el Rey no reside en Madrid pues no est\u00e1 imputado en nada. Es verdad. Pero ya se ocup\u00f3, \u00e9l entre otros, en aforarle y montar un poder judicial que lo hiciera&nbsp; intocable a \u00e9l y a toda la familia. Decir como dijo que el Rey \u201ctrajo la democracia a Espa\u00f1a\u201d cuando fue designado por un dictador y que Juan Carlos tiene un gran capital, sobre todo en los para\u00edsos fiscales es indigno de un dem\u00f3crata.<\/p>\n\n\n\n<p>Es curioso que vaya de centrista, de dem\u00f3crata, de europeo, de solidarios, de persona con sentido com\u00fan pero sus a\u00f1os de gobierno no resisten la lupa a nada de lo que hizo ni en Memoria Hist\u00f3rica, en no perseguir la corrupci\u00f3n, en seguir manteniendo los privilegios a una casta y en comportarse con el rey Juan Carlos y Felipe VI como un aut\u00e9ntico mayordomo, sin que comentemos &nbsp;nada de lo hecho en Catalunya.<\/p>\n\n\n\n<p>Pero esta es la Villa y Corte espa\u00f1ola se\u00f1ores. Vaciedad, codazos, exclusiones, odios, abrazos m\u00e1s falsos que los de Judas, cuento y una clase pol\u00edtica hablando del protocolo como si entendieran algo de \u00e9l y como b\u00e1lsamos para explicar el por qu\u00e9 Casado y Ayuso van a terminar a palos.<\/p>\n<!-- AddThis Advanced Settings generic via filter on the_content --><!-- AddThis Share Buttons generic via filter on the_content -->","protected":false},"excerpt":{"rendered":"<p>Viernes 3 de diciembre de 2021 El antiguo gur\u00fa de S\u00e1nchez, Iv\u00e1n Redondo, ha escrito esta semana que de celebrarse elecciones Ayuso y Vox obtendr\u00edan \u00a0202 esca\u00f1os. Afortunadamente no est\u00e1n convocadas elecciones y siendo verdad que Ayuso quiere volar fuera de Madrid quiz\u00e1s las encuestas de Redondo solo sirvan para asustar al personal, en este &hellip; <a href=\"https:\/\/blogs.deia.eus\/anasagasti\/2021\/12\/03\/presentacion-en-la-corte-donde-lo-de-menos-era-el-libro\/\" class=\"more-link\">Sigue leyendo <span class=\"screen-reader-text\">Presentaci\u00f3n en la Corte, donde lo de menos era el libro.<\/span><\/a><!-- AddThis Advanced Settings generic via filter on get_the_excerpt --><!-- AddThis Share Buttons generic via filter on get_the_excerpt --><\/p>\n","protected":false},"author":19,"featured_media":0,"comment_status":"open","ping_status":"open","sticky":false,"template":"","format":"standard","meta":{"footnotes":""},"categories":[1],"tags":[],"class_list":["post-15522","post","type-post","status-publish","format-standard","hentry","category-general"],"_links":{"self":[{"href":"https:\/\/blogs.deia.eus\/anasagasti\/wp-json\/wp\/v2\/posts\/15522","targetHints":{"allow":["GET"]}}],"collection":[{"href":"https:\/\/blogs.deia.eus\/anasagasti\/wp-json\/wp\/v2\/posts"}],"about":[{"href":"https:\/\/blogs.deia.eus\/anasagasti\/wp-json\/wp\/v2\/types\/post"}],"author":[{"embeddable":true,"href":"https:\/\/blogs.deia.eus\/anasagasti\/wp-json\/wp\/v2\/users\/19"}],"replies":[{"embeddable":true,"href":"https:\/\/blogs.deia.eus\/anasagasti\/wp-json\/wp\/v2\/comments?post=15522"}],"version-history":[{"count":2,"href":"https:\/\/blogs.deia.eus\/anasagasti\/wp-json\/wp\/v2\/posts\/15522\/revisions"}],"predecessor-version":[{"id":15525,"href":"https:\/\/blogs.deia.eus\/anasagasti\/wp-json\/wp\/v2\/posts\/15522\/revisions\/15525"}],"wp:attachment":[{"href":"https:\/\/blogs.deia.eus\/anasagasti\/wp-json\/wp\/v2\/media?parent=15522"}],"wp:term":[{"taxonomy":"category","embeddable":true,"href":"https:\/\/blogs.deia.eus\/anasagasti\/wp-json\/wp\/v2\/categories?post=15522"},{"taxonomy":"post_tag","embeddable":true,"href":"https:\/\/blogs.deia.eus\/anasagasti\/wp-json\/wp\/v2\/tags?post=15522"}],"curies":[{"name":"wp","href":"https:\/\/api.w.org\/{rel}","templated":true}]}}