{"id":15526,"date":"2021-12-04T16:16:56","date_gmt":"2021-12-04T14:16:56","guid":{"rendered":"https:\/\/blogs.deia.eus\/anasagasti\/?p=15526"},"modified":"2021-12-04T16:54:03","modified_gmt":"2021-12-04T14:54:03","slug":"ojala-hubiera-muchas-merkels","status":"publish","type":"post","link":"https:\/\/blogs.deia.eus\/anasagasti\/2021\/12\/04\/ojala-hubiera-muchas-merkels\/","title":{"rendered":"Ojal\u00e1 hubiera muchas Merkels"},"content":{"rendered":"\n<p><strong>S\u00e1bado 4 de diciembre de 2021<\/strong><\/p>\n\n\n\n<div class=\"wp-block-image\"><figure class=\"aligncenter size-full is-resized\"><a href=\"https:\/\/blogs.deia.eus\/anasagasti\/files\/2021\/12\/Despedida-Merkel_1.jpg\"><img loading=\"lazy\" decoding=\"async\" src=\"https:\/\/blogs.deia.eus\/anasagasti\/files\/2021\/12\/Despedida-Merkel_1.jpg\" alt=\"\" class=\"wp-image-15527\" width=\"373\" height=\"480\" \/><\/a><\/figure><\/div>\n\n\n\n<p>Gotzone Sagardui e Idoia Mendia son dos pol\u00edticas vascas que contestan cuando les preguntas. Del resto tengo el concepto de personas que cultivan la distancia. Por eso siempre, pero a\u00fan m\u00e1s en los tiempos que vivimos, necesitar\u00edamos m\u00e1s mujeres y hombres del temperamento de la que ha sido canciller alemana durante 16 a\u00f1os, personas que detentando el poder m\u00e1s importante de Europa se despidi\u00f3 pidiendo mirar la vida con los ojos de los dem\u00e1s.<\/p>\n\n\n\n<p>Quiz\u00e1s le venga dado por su peripecia vital. Nacida en Hamburgo, su padre, pastor luterano fue destinado a la RDA antes de la construcci\u00f3n del muro y su vida fue condicionada por vivir en una dictadura fracasada, ayudando con su familia a los discapacitados, trabajando directamente cerca de la naturaleza y siendo una cristiana sin alardes. \u201dLa fe me ense\u00f1\u00f3 a nadar contra corriente\u201d.<\/p>\n\n\n\n<p>En sus c\u00edrculos hablaban de la tercera v\u00eda al socialismo y de la Teolog\u00eda de la Liberaci\u00f3n. Eso le dio una gran fortaleza ideol\u00f3gica que se ha visto plasmado en su pol\u00edtica hacia los refugiados y en su determinaci\u00f3n clara de no pactar nada con la ultraderecha, aunque sus opositores la ve\u00edan como provinciana y monjil. Ya, ya. Poco tiempo despu\u00e9s, dec\u00edan de ella: \u201dsi se tira a una piscina llena de pira\u00f1as, al poco tiempo solo flotar\u00edan en el agua las espinas de las pira\u00f1as\u201d.<\/p>\n\n\n\n<p>Creo que ETB deber\u00eda haber hecho un programa especial con ella y con su forma de entender la pol\u00edtica en esta \u00e9poca de pira\u00f1as. Lo hace con deportistas. Gracias a que estaba ella en la compra de vacunas para todos, nos hemos vacunado la mayor\u00eda, incluyendo a los que deciden qu\u00e9 es noticia en ETB.<\/p>\n\n\n\n<p>El jueves de esta semana la Bundeswehr despidi\u00f3 con honores militares a la a\u00fan canciller Angela Merkel, quien record\u00f3 algunos de los desaf\u00edos a los que se enfrent\u00f3 como mandataria.<\/p>\n\n\n\n<p>La canciller Angela Merkel ha pedido la defensa de la democracia contra el odio, la violencia y la desinformaci\u00f3n. Dondequiera que se niegue&nbsp;el conocimiento cient\u00edfico, y se difundan teor\u00edas de conspiraci\u00f3n y agitaci\u00f3n, la&nbsp;respuesta debe ser vehemente, dijo el jueves por la noche en un gran ceremonia de despedida con honores militares, en Berl\u00edn.<\/p>\n\n\n\n<p>\u00abNuestra democracia tambi\u00e9n se nutre del hecho de encontrar su l\u00edmite ah\u00ed dondequiera que el odio y la violencia se consideren un medio leg\u00edtimo para perseguir intereses propios\u00bb.<\/p>\n\n\n\n<p>La ceremonia, conocida como&nbsp;<em>Zapfenstreich<\/em>, es el mayor honor a cargo de las fuerzas armadas y est\u00e1 reservado sobre todo a los presidentes federales, cancilleres y ministros de Defensa.<\/p>\n\n\n\n<p>Aqu\u00ed en Euzkadi no se reconoce nada a nadie, no tenemos referencias se\u00f1aladas, y as\u00ed nos va.<\/p>\n\n\n\n<p><strong>Invitados de honor<\/strong><\/p>\n\n\n\n<div class=\"wp-block-image\"><figure class=\"aligncenter size-full\"><a href=\"https:\/\/blogs.deia.eus\/anasagasti\/files\/2021\/12\/Despedida-Merkel_3.jpg\"><img loading=\"lazy\" decoding=\"async\" width=\"640\" height=\"360\" src=\"https:\/\/blogs.deia.eus\/anasagasti\/files\/2021\/12\/Despedida-Merkel_3.jpg\" alt=\"\" class=\"wp-image-15528\" srcset=\"https:\/\/blogs.deia.eus\/anasagasti\/files\/2021\/12\/Despedida-Merkel_3.jpg 640w, https:\/\/blogs.deia.eus\/anasagasti\/files\/2021\/12\/Despedida-Merkel_3-580x326.jpg 580w\" sizes=\"auto, (max-width: 640px) 100vw, 640px\" \/><\/a><\/figure><\/div>\n\n\n\n<p>Entre los participantes se encontraban el presidente federal Frank-Walter Steinmeier y el futuro canciller federal designado Olaf Scholz (SPD). En su discurso antes de la ceremonia, Merkel le dese\u00f3 a \u00e9l ya su gobierno \u00abtodo lo mejor y una mano afortunada y buena suerte\u201d. La canciller enfatiz\u00f3: \u00abLos 16 a\u00f1os como Canciller Federal estuvieron llenos de acontecimientos a menudo muy desafiantes\u00bb.<\/p>\n\n\n\n<p>Merkel record\u00f3, entre otros, la crisis financiera y econ\u00f3mica de 2008 y la crisis de refugiados de 2015. \u00c9stas dejaron en claro cu\u00e1n necesaria es la cooperaci\u00f3n internacional, dijo Merkel. \u00abSon indispensables las instituciones internacionales y los instrumentos multilaterales para poder afrontar los grandes desaf\u00edos de nuestro tiempo: el cambio clim\u00e1tico, la digitalizaci\u00f3n, los refugiados y la migraci\u00f3n\u00bb.<\/p>\n\n\n\n<p>\u00abMe gustar\u00eda animar a las personas a que siempre vean el mundo a trav\u00e9s de los ojos del otro en el futuro, tambi\u00e9n, para que tambi\u00e9n perciban las perspectivas a veces inc\u00f3modas y contradictorias de la otra persona, para trabajar y equilibrar los intereses\u00bb, continu\u00f3 Merkel.<\/p>\n\n\n\n<p><strong>Merkel aboga por la concordia<\/strong><\/p>\n\n\n\n<p>Al mismo tiempo, se mostr\u00f3 \u00abconvencida de que podemos seguir dando forma bien al futuro si no vamos al trabajo con disgusto, resentimiento, con pesimismo, sino (&#8230;) con alegr\u00eda en el coraz\u00f3n\u201d.<\/p>\n\n\n\n<p>Fue un gran discurso, de los de guardar y de ense\u00f1ar en las escuelas.<\/p>\n\n\n\n<p>Merkel tambi\u00e9n agradeci\u00f3 a sus empleados y su familia por su apoyo durante los a\u00f1os de su canciller\u00eda. Record\u00f3 a quienes en este mismo momento \u00abse oponen con todas sus fuerzas a la cuarta ola de la pandemia\u00bb.<\/p>\n\n\n\n<p>Merkel nombr\u00f3 a m\u00e9dicos, enfermeras, equipos de vacunaci\u00f3n y ayudantes de la Bundeswehr y organizaciones de ayuda. \u00abTodos&nbsp; merecemos un agradecimiento especial y el m\u00e1s alto reconocimiento.<\/p>\n\n\n\n<div class=\"wp-block-image\"><figure class=\"aligncenter size-full\"><a href=\"https:\/\/blogs.deia.eus\/anasagasti\/files\/2021\/12\/Despedida-Merkel_2.jpg\"><img loading=\"lazy\" decoding=\"async\" width=\"534\" height=\"379\" src=\"https:\/\/blogs.deia.eus\/anasagasti\/files\/2021\/12\/Despedida-Merkel_2.jpg\" alt=\"\" class=\"wp-image-15529\" \/><\/a><\/figure><\/div>\n<!-- AddThis Advanced Settings generic via filter on the_content --><!-- AddThis Share Buttons generic via filter on the_content -->","protected":false},"excerpt":{"rendered":"<p>S\u00e1bado 4 de diciembre de 2021 Gotzone Sagardui e Idoia Mendia son dos pol\u00edticas vascas que contestan cuando les preguntas. Del resto tengo el concepto de personas que cultivan la distancia. Por eso siempre, pero a\u00fan m\u00e1s en los tiempos que vivimos, necesitar\u00edamos m\u00e1s mujeres y hombres del temperamento de la que ha sido canciller &hellip; <a href=\"https:\/\/blogs.deia.eus\/anasagasti\/2021\/12\/04\/ojala-hubiera-muchas-merkels\/\" class=\"more-link\">Sigue leyendo <span class=\"screen-reader-text\">Ojal\u00e1 hubiera muchas Merkels<\/span><\/a><!-- AddThis Advanced Settings generic via filter on get_the_excerpt --><!-- AddThis Share Buttons generic via filter on get_the_excerpt --><\/p>\n","protected":false},"author":19,"featured_media":0,"comment_status":"open","ping_status":"open","sticky":false,"template":"","format":"standard","meta":{"footnotes":""},"categories":[1],"tags":[],"class_list":["post-15526","post","type-post","status-publish","format-standard","hentry","category-general"],"_links":{"self":[{"href":"https:\/\/blogs.deia.eus\/anasagasti\/wp-json\/wp\/v2\/posts\/15526","targetHints":{"allow":["GET"]}}],"collection":[{"href":"https:\/\/blogs.deia.eus\/anasagasti\/wp-json\/wp\/v2\/posts"}],"about":[{"href":"https:\/\/blogs.deia.eus\/anasagasti\/wp-json\/wp\/v2\/types\/post"}],"author":[{"embeddable":true,"href":"https:\/\/blogs.deia.eus\/anasagasti\/wp-json\/wp\/v2\/users\/19"}],"replies":[{"embeddable":true,"href":"https:\/\/blogs.deia.eus\/anasagasti\/wp-json\/wp\/v2\/comments?post=15526"}],"version-history":[{"count":2,"href":"https:\/\/blogs.deia.eus\/anasagasti\/wp-json\/wp\/v2\/posts\/15526\/revisions"}],"predecessor-version":[{"id":15531,"href":"https:\/\/blogs.deia.eus\/anasagasti\/wp-json\/wp\/v2\/posts\/15526\/revisions\/15531"}],"wp:attachment":[{"href":"https:\/\/blogs.deia.eus\/anasagasti\/wp-json\/wp\/v2\/media?parent=15526"}],"wp:term":[{"taxonomy":"category","embeddable":true,"href":"https:\/\/blogs.deia.eus\/anasagasti\/wp-json\/wp\/v2\/categories?post=15526"},{"taxonomy":"post_tag","embeddable":true,"href":"https:\/\/blogs.deia.eus\/anasagasti\/wp-json\/wp\/v2\/tags?post=15526"}],"curies":[{"name":"wp","href":"https:\/\/api.w.org\/{rel}","templated":true}]}}