{"id":15532,"date":"2021-12-06T16:08:11","date_gmt":"2021-12-06T14:08:11","guid":{"rendered":"https:\/\/blogs.deia.eus\/anasagasti\/?p=15532"},"modified":"2021-12-06T16:08:13","modified_gmt":"2021-12-06T14:08:13","slug":"en-kanbo-y-en-itsasu-con-una-nina-de-la-guerra","status":"publish","type":"post","link":"https:\/\/blogs.deia.eus\/anasagasti\/2021\/12\/06\/en-kanbo-y-en-itsasu-con-una-nina-de-la-guerra\/","title":{"rendered":"En Kanbo y  en Itsasu con una ni\u00f1a de la Guerra."},"content":{"rendered":"\n<p><strong>Lunes 6 de diciembre de 2021<\/strong><\/p>\n\n\n\n<div class=\"wp-block-image\"><figure class=\"aligncenter size-full\"><a href=\"https:\/\/blogs.deia.eus\/anasagasti\/files\/2021\/12\/Tia-Loli-en-Kanbo.jpg\"><img loading=\"lazy\" decoding=\"async\" width=\"458\" height=\"967\" src=\"https:\/\/blogs.deia.eus\/anasagasti\/files\/2021\/12\/Tia-Loli-en-Kanbo.jpg\" alt=\"\" class=\"wp-image-15533\" \/><\/a><\/figure><\/div>\n\n\n\n<p>La familia de mi aita, perdido Bilbao en junio 1937, hubo de marchar a lo desconocido. Mi amama con las hijas estuvieron en Guriezo, Santander, para llegar a Burdeos en barco y de all\u00ed enviados a Catalunya (Centelles), vuelta a Francia tocando ya la campana de la derrota en 1939 y el cierre de frontera y de all\u00ed a Iparralde, concretamente a Kanbo, mientras las hermanas menores, como \u201cni\u00f1os de la guerra\u201d estuvieron en B\u00e9lgica y solo volvieron cuando la II guerra mundial hab\u00eda ya empezado. Historia t\u00edpica de familia nacionalista en aquellos a\u00f1os de horror y persecuci\u00f3n.<\/p>\n\n\n\n<p>De todos los hermanos, nueve, solo nos queda por parte de padre la hermana menor, la t\u00eda Loli, que nos dijo en el viaje a Kanbo, donde hemos estado para recuperar ese tiempo perdido, que le bautizaron como Mar\u00eda Dolores Francisca Teresa del Ni\u00f1o Jes\u00fas y de Todos los Santos. Tiene pues asegurado el cielo. Cumplir\u00e1 en enero 94 a\u00f1os y desborda vitalidad, humor y una cabeza despierta de envidiar. Ha sido una gran experiencia y un lujo llevarla, Koldo, Bego, Mar\u00eda Esther y yo al lugar donde hab\u00edan vivido refugiados hace 81 a\u00f1os, aunque nos dec\u00eda que no les consideraban refugiados pues no viv\u00edan en un refugio. Tiempos felices, a pesar de las muchas privaciones, viendo poco a poco como la familia se iba reuniendo y pensando en todo momento volver a Bilbao, los que pod\u00edan hacerlo. A la guerra espa\u00f1ola se le un\u00eda la mundial&nbsp; y mi &nbsp;aita, con un grupo de j\u00f3venes del EAJ-PNV, all\u00ed se fue a Burdeos y en barco a Santo&nbsp; Domingo Curazao y La Guaira pues ya les buscaban para encerrarles en el Campo de Concentraci\u00f3n de Gurs.<\/p>\n\n\n\n<p>Lo primero que hicimos al llegar a Kanbo fue buscar la casona &nbsp;donde hab\u00edan vivido y que all\u00ed estaba bien cuidada y pintada. Nos coment\u00f3 como en la casa contigua hab\u00eda estado la familia Verdes, la orden que ten\u00edan de apagar las luces a partir de cierta hora por orden policial, el saludo diario al Obispo Mateo Mugica que ya ciego paseaba y les dec\u00eda que si volv\u00edan Franco no les iba a recibir con confetis, las salidas por la carretera todos de la mano cantando, la fruter\u00eda de la esquina y esas peque\u00f1as vivencias de un tiempo terrible.<\/p>\n\n\n\n<p>Al d\u00eda siguiente volvimos a casa &nbsp;pasando por Itsasu, Ezpeleta, Ainhoa, Sara, y Donibane Lohizune donde ya al ir a un restaurant nos pidieron el pasaporte Covid.<\/p>\n\n\n\n<p>Es de ver ese magn\u00edfico paisaje interior de Iparralde, sus iglesias y cementerios, el euskera omnipresente y en Itsasu acudir al monumento que recuerda el primer Aberri Eguna celebrado en 1963 y donde naci\u00f3 Enbata. En&nbsp; el monumento puede leerse.<\/p>\n\n\n\n<p>Hoy, reunidos bajo el \u00e1rbol que hemos plantado este 15 de abril, d\u00eda de Aberri Eguna de 1963, esto es lo que manifestamos<\/p>\n\n\n\n<div class=\"wp-block-image\"><figure class=\"aligncenter size-full is-resized\"><a href=\"https:\/\/blogs.deia.eus\/anasagasti\/files\/2021\/12\/Manifiesto-de-Itsasu.jpg\"><img loading=\"lazy\" decoding=\"async\" src=\"https:\/\/blogs.deia.eus\/anasagasti\/files\/2021\/12\/Manifiesto-de-Itsasu.jpg\" alt=\"\" class=\"wp-image-15534\" width=\"297\" height=\"446\" \/><\/a><\/figure><\/div>\n\n\n\n<p><em>\u201cNosotros los vascos<\/em><\/p>\n\n\n\n<p><em><u>Qu\u00e9 somos<\/u><\/em><\/p>\n\n\n\n<p><em>Somos un \u00fanico pueblo, por tierra, lengua y costumbres<\/em><\/p>\n\n\n\n<p><em>Somos una naci\u00f3n, por historia pasada y convicci\u00f3n presente<\/em><\/p>\n\n\n\n<p><em>Somos una democracia, por naturaleza e historia<\/em><\/p>\n\n\n\n<p><em>Como pueblo, naci\u00f3n, democracia<\/em><\/p>\n\n\n\n<p><em><u>Qu\u00e9 decimos<\/u><\/em><\/p>\n\n\n\n<p><em>Queremos el derecho a trabajar por la unidad<\/em><\/p>\n\n\n\n<p><em>Queremos ser due\u00f1os de nosotros mismos<\/em><\/p>\n\n\n\n<p><em>Ya que a todo pueblo se le debe, en este siglo, el derecho a gobernarse por s\u00ed mismo<br><u>Hacemos saber<\/u><\/em><\/p>\n\n\n\n<p><em>Que queremos gobernar nosotros nuestra naci\u00f3n<\/em><\/p>\n\n\n\n<p><em>Que nos atreveremos a hacer que otros pueblos nos reconozcan<\/em><\/p>\n\n\n\n<p><em>As\u00ed se forjar\u00e1 una \u00fanica Euskal Herria y le daremos vida y futuro a nuestra patria\u201d.<\/em><\/p>\n\n\n\n<p>Al ir a Sara record\u00e9 como en 1977, su alcalde Paul Dutournier, todo un personaje, fue el anfitri\u00f3n de una reuni\u00f3n entre el ex presidente Caldera y el Lehendakari Leizaola.<\/p>\n\n\n\n<p>Terminamos el periplo visitando a Antxoni Basurko, mutrikoarra, prima de mi ama, viuda del bertsolari &nbsp;Xanpun&nbsp; que nos cont\u00f3 c\u00f3mo su aita, Ram\u00f3n sal\u00eda a faenar&nbsp; y luego repartir la pesca entre refugiados, sin refugio, y la relaci\u00f3n que tuvieron con Monz\u00f3n. Historias no escritas pero&nbsp; que les condicionaron la vida, ya que no volvieron nunca m\u00e1s a salir de Donibane Lohizune. El ayuntamiento de Donibane, siendo Alliot Marie alcaldesa le dedic\u00f3 a la peque\u00f1a calle el nombre del bertsolari Xanpun.<\/p>\n\n\n\n<p>Una salida donde lo mejor fue lo contenta que vimos a la t\u00eda Loli.<\/p>\n<!-- AddThis Advanced Settings generic via filter on the_content --><!-- AddThis Share Buttons generic via filter on the_content -->","protected":false},"excerpt":{"rendered":"<p>Lunes 6 de diciembre de 2021 La familia de mi aita, perdido Bilbao en junio 1937, hubo de marchar a lo desconocido. Mi amama con las hijas estuvieron en Guriezo, Santander, para llegar a Burdeos en barco y de all\u00ed enviados a Catalunya (Centelles), vuelta a Francia tocando ya la campana de la derrota en &hellip; <a href=\"https:\/\/blogs.deia.eus\/anasagasti\/2021\/12\/06\/en-kanbo-y-en-itsasu-con-una-nina-de-la-guerra\/\" class=\"more-link\">Sigue leyendo <span class=\"screen-reader-text\">En Kanbo y  en Itsasu con una ni\u00f1a de la Guerra.<\/span><\/a><!-- AddThis Advanced Settings generic via filter on get_the_excerpt --><!-- AddThis Share Buttons generic via filter on get_the_excerpt --><\/p>\n","protected":false},"author":19,"featured_media":0,"comment_status":"open","ping_status":"open","sticky":false,"template":"","format":"standard","meta":{"footnotes":""},"categories":[1],"tags":[],"class_list":["post-15532","post","type-post","status-publish","format-standard","hentry","category-general"],"_links":{"self":[{"href":"https:\/\/blogs.deia.eus\/anasagasti\/wp-json\/wp\/v2\/posts\/15532","targetHints":{"allow":["GET"]}}],"collection":[{"href":"https:\/\/blogs.deia.eus\/anasagasti\/wp-json\/wp\/v2\/posts"}],"about":[{"href":"https:\/\/blogs.deia.eus\/anasagasti\/wp-json\/wp\/v2\/types\/post"}],"author":[{"embeddable":true,"href":"https:\/\/blogs.deia.eus\/anasagasti\/wp-json\/wp\/v2\/users\/19"}],"replies":[{"embeddable":true,"href":"https:\/\/blogs.deia.eus\/anasagasti\/wp-json\/wp\/v2\/comments?post=15532"}],"version-history":[{"count":1,"href":"https:\/\/blogs.deia.eus\/anasagasti\/wp-json\/wp\/v2\/posts\/15532\/revisions"}],"predecessor-version":[{"id":15535,"href":"https:\/\/blogs.deia.eus\/anasagasti\/wp-json\/wp\/v2\/posts\/15532\/revisions\/15535"}],"wp:attachment":[{"href":"https:\/\/blogs.deia.eus\/anasagasti\/wp-json\/wp\/v2\/media?parent=15532"}],"wp:term":[{"taxonomy":"category","embeddable":true,"href":"https:\/\/blogs.deia.eus\/anasagasti\/wp-json\/wp\/v2\/categories?post=15532"},{"taxonomy":"post_tag","embeddable":true,"href":"https:\/\/blogs.deia.eus\/anasagasti\/wp-json\/wp\/v2\/tags?post=15532"}],"curies":[{"name":"wp","href":"https:\/\/api.w.org\/{rel}","templated":true}]}}