{"id":15536,"date":"2021-12-07T14:40:37","date_gmt":"2021-12-07T12:40:37","guid":{"rendered":"https:\/\/blogs.deia.eus\/anasagasti\/?p=15536"},"modified":"2021-12-07T14:40:40","modified_gmt":"2021-12-07T12:40:40","slug":"cuba-es-nuestro-muro-de-berlin","status":"publish","type":"post","link":"https:\/\/blogs.deia.eus\/anasagasti\/2021\/12\/07\/cuba-es-nuestro-muro-de-berlin\/","title":{"rendered":"Cuba es nuestro muro de Berl\u00edn"},"content":{"rendered":"\n<p><strong>Martes 7 de diciembre de 2021<\/strong><\/p>\n\n\n\n<div class=\"wp-block-image\"><figure class=\"aligncenter size-full is-resized\"><a href=\"https:\/\/blogs.deia.eus\/anasagasti\/files\/2021\/12\/Yunior-Garcia-Aguilera-y-sra.jpg\"><img loading=\"lazy\" decoding=\"async\" src=\"https:\/\/blogs.deia.eus\/anasagasti\/files\/2021\/12\/Yunior-Garcia-Aguilera-y-sra.jpg\" alt=\"\" class=\"wp-image-15537\" width=\"404\" height=\"402\" srcset=\"https:\/\/blogs.deia.eus\/anasagasti\/files\/2021\/12\/Yunior-Garcia-Aguilera-y-sra.jpg 225w, https:\/\/blogs.deia.eus\/anasagasti\/files\/2021\/12\/Yunior-Garcia-Aguilera-y-sra-150x150.jpg 150w\" sizes=\"auto, (max-width: 404px) 100vw, 404px\" \/><\/a><\/figure><\/div>\n\n\n\n<p>La intempestiva llegada a Madrid de Yunior Garc\u00eda Aguilera\u00a0cr\u00edtico del gobierno cubano, y de su esposa Dayana Prieto, el pasado 17 de noviembre, ha causado gran revuelo de la izquierda europea que sigue lo que pasa en Am\u00e9rica. El director de teatro y cine, de 39 a\u00f1os, que se convirti\u00f3 en el rostro m\u00e1s conocido del nuevo movimiento democr\u00e1tico cubano, se vio obligado a huir de su pa\u00eds para escapar de la represi\u00f3n del Estado cubano. Le escuch\u00e9 en la entrevista que ofreci\u00f3 a Radio Euzkadi y tiene una labia incre\u00edble. Y adem\u00e1s no tiene pelos en la lengua.<\/p>\n\n\n\n<p>El 11 de julio de 2021, miles de personas salieron espont\u00e1neamente a la calle en Cuba en plena crisis. La escasez de alimentos y medicinas, cortes de electricidad y horas de cola en las tiendas de comestibles han hecho mella en la salud, el bolsillo y la paciencia de muchos cubanos. A esto hay que a\u00f1adir la reforma monetaria y la inflaci\u00f3n.<\/p>\n\n\n\n<p>Cuatro meses despu\u00e9s, m\u00e1s de 600 presos pol\u00edticos del 11 de julio siguen en la c\u00e1rcel. Yunior Garc\u00eda, tan sorprendido como todos por el estallido de la protesta, llam\u00f3 el 11 de julio a la puerta del ICRT, la radiotelevisi\u00f3n estatal cubana, y exigi\u00f3 15 minutos de emisi\u00f3n para informar a todos los que no cuentan con Internet sobre las protestas que se estaban produciendo y los motivos de los manifestantes. En vano. Poco despu\u00e9s, \u00abguardias de seguridad\u00bb apresaron al peque\u00f1o grupo de j\u00f3venes, los arrojaron&nbsp;como basura en una camioneta y los metieron&nbsp;a un c\u00e1rcel\u201d..<\/p>\n\n\n\n<p>Yunior Garc\u00eda solo pas\u00f3 una noche en la c\u00e1rcel, pero muchas semanas en arresto domiciliario. Luego, Garc\u00eda co-desarroll\u00f3 la plataforma \u00abArchipi\u00e9lago\u00bb, cuya fuerza reside en la diversidad de opiniones y que aboga por la pluralidad pol\u00edtica en un estado totalitario y represor &nbsp;de un solo partido. A mediados de noviembre, la plataforma conect\u00f3 a 38.500 miembros a trav\u00e9s de las redes sociales, y quer\u00eda facilitar el intercambio y el debate entre cubanos. Invocando el derecho de manifestaci\u00f3n consagrado en la Constituci\u00f3n de 2019 y &nbsp;solicitaron el permiso oficial para una manifestaci\u00f3n el 15 de noviembre.<\/p>\n\n\n\n<p>La acci\u00f3n fue prohibida. Despu\u00e9s de que Archipi\u00e9lago anunciara querer desafiar la prohibici\u00f3n, aumentaron los ataques y el acoso contra los miembros del grupo y los firmantes de la convocatoria: algunos perdieron su trabajo, sus familias fueron interrogadas, amenazadas o detenidas.<\/p>\n\n\n\n<p>Yunior Garc\u00eda fue entonces declarado \u00abenemigo n\u00ba 1 del pueblo\u00bb. El 15 de noviembre, los cubanos solo pudieron manifestarse fuera de Cuba, en unas 150 ciudades de todo el mundo, Bilbao incluida donde se congregaron cubanos de Navarra, Gipuzkoa y Araba. Fue en el Arenal.<\/p>\n\n\n\n<p>\u00c9l, que se considera pol\u00edticamente de izquierdas, es especialmente duro con la izquierda internacional, que mira hacia otro lado cuando se trata de Cuba y reh\u00faye reconocer que en la isla gobierna una dictadura.&nbsp;Garc\u00eda dice no entender&nbsp;qu\u00e9 es lo que los izquierdistas pueden defender todav\u00eda hoy de Cuba y menos a\u00fan por qu\u00e9 el pa\u00eds sigue siendo miembro del Consejo de Derechos Humanos de la ONU, aunque no hay un solo derecho humano que Cuba no haya pisoteado.<\/p>\n\n\n\n<p>Garc\u00eda hace un llamamiento a los izquierdistas de todo el mundo para que abandonen de una vez su \u00abidea rom\u00e1ntica y casi inmadura de Cuba\u201d, y concluye, \u00abCuba es nuestro Muro de Berl\u00edn, y es s\u00f3lo cuesti\u00f3n de tiempo que caiga\u00bb.<\/p>\n\n\n\n<p>Berliner Zeitung, de Berl\u00edn: \u00abCuba es nuestro Muro de Berl\u00edn\u00bb<\/p>\n<!-- AddThis Advanced Settings generic via filter on the_content --><!-- AddThis Share Buttons generic via filter on the_content -->","protected":false},"excerpt":{"rendered":"<p>Martes 7 de diciembre de 2021 La intempestiva llegada a Madrid de Yunior Garc\u00eda Aguilera\u00a0cr\u00edtico del gobierno cubano, y de su esposa Dayana Prieto, el pasado 17 de noviembre, ha causado gran revuelo de la izquierda europea que sigue lo que pasa en Am\u00e9rica. El director de teatro y cine, de 39 a\u00f1os, que se &hellip; <a href=\"https:\/\/blogs.deia.eus\/anasagasti\/2021\/12\/07\/cuba-es-nuestro-muro-de-berlin\/\" class=\"more-link\">Sigue leyendo <span class=\"screen-reader-text\">Cuba es nuestro muro de Berl\u00edn<\/span><\/a><!-- AddThis Advanced Settings generic via filter on get_the_excerpt --><!-- AddThis Share Buttons generic via filter on get_the_excerpt --><\/p>\n","protected":false},"author":19,"featured_media":0,"comment_status":"open","ping_status":"open","sticky":false,"template":"","format":"standard","meta":{"footnotes":""},"categories":[1],"tags":[],"class_list":["post-15536","post","type-post","status-publish","format-standard","hentry","category-general"],"_links":{"self":[{"href":"https:\/\/blogs.deia.eus\/anasagasti\/wp-json\/wp\/v2\/posts\/15536","targetHints":{"allow":["GET"]}}],"collection":[{"href":"https:\/\/blogs.deia.eus\/anasagasti\/wp-json\/wp\/v2\/posts"}],"about":[{"href":"https:\/\/blogs.deia.eus\/anasagasti\/wp-json\/wp\/v2\/types\/post"}],"author":[{"embeddable":true,"href":"https:\/\/blogs.deia.eus\/anasagasti\/wp-json\/wp\/v2\/users\/19"}],"replies":[{"embeddable":true,"href":"https:\/\/blogs.deia.eus\/anasagasti\/wp-json\/wp\/v2\/comments?post=15536"}],"version-history":[{"count":1,"href":"https:\/\/blogs.deia.eus\/anasagasti\/wp-json\/wp\/v2\/posts\/15536\/revisions"}],"predecessor-version":[{"id":15538,"href":"https:\/\/blogs.deia.eus\/anasagasti\/wp-json\/wp\/v2\/posts\/15536\/revisions\/15538"}],"wp:attachment":[{"href":"https:\/\/blogs.deia.eus\/anasagasti\/wp-json\/wp\/v2\/media?parent=15536"}],"wp:term":[{"taxonomy":"category","embeddable":true,"href":"https:\/\/blogs.deia.eus\/anasagasti\/wp-json\/wp\/v2\/categories?post=15536"},{"taxonomy":"post_tag","embeddable":true,"href":"https:\/\/blogs.deia.eus\/anasagasti\/wp-json\/wp\/v2\/tags?post=15536"}],"curies":[{"name":"wp","href":"https:\/\/api.w.org\/{rel}","templated":true}]}}