{"id":15539,"date":"2021-12-08T14:54:23","date_gmt":"2021-12-08T12:54:23","guid":{"rendered":"https:\/\/blogs.deia.eus\/anasagasti\/?p=15539"},"modified":"2021-12-08T14:54:25","modified_gmt":"2021-12-08T12:54:25","slug":"iban-gorriti-y-sus-31-vidas","status":"publish","type":"post","link":"https:\/\/blogs.deia.eus\/anasagasti\/2021\/12\/08\/iban-gorriti-y-sus-31-vidas\/","title":{"rendered":"Iban Gorriti y sus 31 vidas"},"content":{"rendered":"\n<p><strong>Mi\u00e9rcoles 8 de diciembre de 2021<\/strong><\/p>\n\n\n\n<div class=\"wp-block-image\"><figure class=\"aligncenter size-full\"><a href=\"https:\/\/blogs.deia.eus\/anasagasti\/files\/2021\/12\/Iban-Gorriti.jpg\"><img loading=\"lazy\" decoding=\"async\" width=\"512\" height=\"341\" src=\"https:\/\/blogs.deia.eus\/anasagasti\/files\/2021\/12\/Iban-Gorriti.jpg\" alt=\"\" class=\"wp-image-15540\" \/><\/a><\/figure><\/div>\n\n\n\n<p>Iban Gorriti es un periodista de Durango todo terreno. Sus trabajos llenan las p\u00e1ginas de Deia y sus cr\u00f3nicas se aguardan cada domingo como se esperaban sus obituarios. Le da un perfil propio y \u00fanico de respeto a la Memoria de Deia. Y este \u00a0libro presentado es uno de sus trabajos m\u00e1s queridos. Afortunadamente \u00a0lo ha podido presentar en la Feria de Durango, una Feria que curiosamente cada vez tiende m\u00e1s al libro como\u00a0 objeto secundario como sigue denunciando su creador, Leopoldo Zugaza. Pero a pesar de ello, ha destacado su aporte editorial, hecho en Durango, para todo el mundo.<\/p>\n\n\n\n<p>Durango fue bombardeada antes que Gernika, aunque la fama se la lleve la Villa Foral, quiz\u00e1s porque no tuvo un Picasso y un George Steer en el Times que lo denunciara ante el mundo, pero la barbaridad fue la misma. Una poblaci\u00f3n civil machacada desde el aire por la sinraz\u00f3n de unos militares que hac\u00edan pruebas asesinas&nbsp; y en el caso del criminal&nbsp; Mola, porque Bizkaia no se rend\u00eda.<\/p>\n\n\n\n<p>El libro es una joyita. Muy bien diagramado, historias cortas, fotograf\u00edas estupendas, vivencias impresionantes y un tratamiento cuidadoso. M\u00e9tase &nbsp;todo esto en una coctelera y sale \u201d31 Vidas. El Bombardeo contra Durango. Biograf\u00edas del 31 de marzo de 1937\u201d que se lee con mucho inter\u00e9s porque rescata una historia olvidada, no es reiterativo, hace justicia y aporta testimonios invalorables. Y es parte de nuestra historia, de nuestra identidad. No solo lo es el queso de Idiazabal, que tambi\u00e9n. Es una historia de todos, pues las bombas ca\u00edan para todos. No eran \u201cinteligentes\u201d.<\/p>\n\n\n\n<p>Iban Gorriti se ha especializado en sacar agua de las piedras de una historia que no nos la &nbsp;hab\u00edan contado siguiendo el criterio de Lao Tse, \u201dla memoria es el agradecimiento del coraz\u00f3n\u201d, y si no que se lo hubieran preguntado al gudari Moreno, con quien mantuvo hasta el final una relaci\u00f3n de &nbsp;cabo a soldado&nbsp; de gudaris estupenda.<\/p>\n\n\n\n<p>Recomiendo no solo su lectura sino su compra para obsequio en momentos en los que si vas a una librer\u00eda tienen sobre todo el libro de Rajoy, libros de cocina y autoayuda.<\/p>\n\n\n\n<p>Zorionak Iban por tu magn\u00edfico trabajo!!!.<\/p>\n<!-- AddThis Advanced Settings generic via filter on the_content --><!-- AddThis Share Buttons generic via filter on the_content -->","protected":false},"excerpt":{"rendered":"<p>Mi\u00e9rcoles 8 de diciembre de 2021 Iban Gorriti es un periodista de Durango todo terreno. Sus trabajos llenan las p\u00e1ginas de Deia y sus cr\u00f3nicas se aguardan cada domingo como se esperaban sus obituarios. Le da un perfil propio y \u00fanico de respeto a la Memoria de Deia. Y este \u00a0libro presentado es uno de &hellip; <a href=\"https:\/\/blogs.deia.eus\/anasagasti\/2021\/12\/08\/iban-gorriti-y-sus-31-vidas\/\" class=\"more-link\">Sigue leyendo <span class=\"screen-reader-text\">Iban Gorriti y sus 31 vidas<\/span><\/a><!-- AddThis Advanced Settings generic via filter on get_the_excerpt --><!-- AddThis Share Buttons generic via filter on get_the_excerpt --><\/p>\n","protected":false},"author":19,"featured_media":0,"comment_status":"open","ping_status":"open","sticky":false,"template":"","format":"standard","meta":{"footnotes":""},"categories":[1],"tags":[],"class_list":["post-15539","post","type-post","status-publish","format-standard","hentry","category-general"],"_links":{"self":[{"href":"https:\/\/blogs.deia.eus\/anasagasti\/wp-json\/wp\/v2\/posts\/15539","targetHints":{"allow":["GET"]}}],"collection":[{"href":"https:\/\/blogs.deia.eus\/anasagasti\/wp-json\/wp\/v2\/posts"}],"about":[{"href":"https:\/\/blogs.deia.eus\/anasagasti\/wp-json\/wp\/v2\/types\/post"}],"author":[{"embeddable":true,"href":"https:\/\/blogs.deia.eus\/anasagasti\/wp-json\/wp\/v2\/users\/19"}],"replies":[{"embeddable":true,"href":"https:\/\/blogs.deia.eus\/anasagasti\/wp-json\/wp\/v2\/comments?post=15539"}],"version-history":[{"count":1,"href":"https:\/\/blogs.deia.eus\/anasagasti\/wp-json\/wp\/v2\/posts\/15539\/revisions"}],"predecessor-version":[{"id":15541,"href":"https:\/\/blogs.deia.eus\/anasagasti\/wp-json\/wp\/v2\/posts\/15539\/revisions\/15541"}],"wp:attachment":[{"href":"https:\/\/blogs.deia.eus\/anasagasti\/wp-json\/wp\/v2\/media?parent=15539"}],"wp:term":[{"taxonomy":"category","embeddable":true,"href":"https:\/\/blogs.deia.eus\/anasagasti\/wp-json\/wp\/v2\/categories?post=15539"},{"taxonomy":"post_tag","embeddable":true,"href":"https:\/\/blogs.deia.eus\/anasagasti\/wp-json\/wp\/v2\/tags?post=15539"}],"curies":[{"name":"wp","href":"https:\/\/api.w.org\/{rel}","templated":true}]}}