{"id":15542,"date":"2021-12-09T16:02:34","date_gmt":"2021-12-09T14:02:34","guid":{"rendered":"https:\/\/blogs.deia.eus\/anasagasti\/?p=15542"},"modified":"2021-12-09T16:02:36","modified_gmt":"2021-12-09T14:02:36","slug":"las-formas-son-el-fondo-aqui-no-tanto","status":"publish","type":"post","link":"https:\/\/blogs.deia.eus\/anasagasti\/2021\/12\/09\/las-formas-son-el-fondo-aqui-no-tanto\/","title":{"rendered":"Las formas son el fondo. Aqu\u00ed, no tanto."},"content":{"rendered":"\n<p><strong>Jueves 9 de diciembre de 2021<\/strong><\/p>\n\n\n\n<div class=\"wp-block-image\"><figure class=\"aligncenter size-full\"><a href=\"https:\/\/blogs.deia.eus\/anasagasti\/files\/2021\/12\/Merkel-y-Scholz.jpg\"><img loading=\"lazy\" decoding=\"async\" width=\"762\" height=\"525\" src=\"https:\/\/blogs.deia.eus\/anasagasti\/files\/2021\/12\/Merkel-y-Scholz.jpg\" alt=\"\" class=\"wp-image-15543\" srcset=\"https:\/\/blogs.deia.eus\/anasagasti\/files\/2021\/12\/Merkel-y-Scholz.jpg 762w, https:\/\/blogs.deia.eus\/anasagasti\/files\/2021\/12\/Merkel-y-Scholz-580x400.jpg 580w\" sizes=\"auto, (max-width: 762px) 100vw, 762px\" \/><\/a><\/figure><\/div>\n\n\n\n<p>Sobre todo en pol\u00edtica. As\u00ed como comprobamos diariamente la nula ejemplaridad de quien fuera Jefe del estado espa\u00f1ol, Juan Carlos de Borb\u00f3n, poder observar el cambio de gobierno y poder en Alemania, sin olvidar su terrible pasado a cuestas, es algo que debe ser destacado. Una canciller de la coalici\u00f3n CDU-CSU, viniendo del este, que ha estado en el poder durante 16 a\u00f1os, y que ha sido despedida con elegancia, respeto&nbsp; e incluso admiraci\u00f3n por todos, hay que destacarlo. Unos porque se va, otros por lo que ha hecho, otros por su talante, otro por su valent\u00eda a la hora de abordar asuntos espinosos el caso es que la suma de todo esto da una Alemania muy civilizada, muy democr\u00e1tica, muy de clase pol\u00edtica a imitar frente a lo que vemos en Madrid que es de patio de colegio, de patio de monipodio, de patio de corral.<\/p>\n\n\n\n<p>La despedida, adem\u00e1s de discursos cargados de sentido com\u00fan, ha ido de flores&nbsp; casi a diario, paradas militares, discursos constructivos sobre el futuro, reconocimiento casi un\u00e1nime. El que a Angela Merkel le sustituya una coalici\u00f3n de liberales, socialdem\u00f3cratas y verdes, significa mucha madurez democr\u00e1tica, mucha seriedad, mucha gente en clave positiva haciendo pol\u00edtica frente al penoso espect\u00e1culo de Casado y Abascal con los ribetes de Pablo Iglesias por estos lares. A\u00f1os luz.<\/p>\n\n\n\n<p>Para colmo, el an\u00e1lisis pol\u00edtico espa\u00f1ol habla del nuevo canciller Scholz como un se\u00f1or sin el menor carisma. Gana las elecciones, forma un gobierno con tres partidos, sin olvidar su pasado como vicecanciller con Merkel y resulta que se le minusvalora diciendo que es un tipo sin carisma, un soso. \u00bfQu\u00e9 es carisma para esta gente?. \u00bfEspect\u00e1culo para vender peri\u00f3dicos?. El carisma lo dan los votos y la gesti\u00f3n. De Merkel se dec\u00eda exactamente lo mismo a lo que se le a\u00f1ad\u00eda &nbsp;que era una &nbsp;se\u00f1ora provinciana y monjil. Y ha resultado lo que ha resultado.<\/p>\n\n\n\n<p>Me imagino que todo no ser\u00e1 perfecto pero se agradece el esfuerzo que est\u00e1n haciendo &nbsp;en enviar a la ciudadan\u00eda un mensaje de cohesi\u00f3n, de gran familia, de respeto a la experiencia, de discrepar con argumentos dentro de un orden, de no arrumbar al personal como si fuera un trasto viejo. No recuerdo escena parecida ni en Espa\u00f1a ni en Euzkadi, si tambi\u00e9n en Euzkadi y no solo en el gobierno, sino en Diputaciones, ayuntamientos, Juntas y Parlamento que quien viene acompa\u00f1e hasta la puerta a quien se va tras darle un ramo de flores. Aqu\u00ed ni ponen esquela cuando cargos representativos fallecen.<\/p>\n\n\n\n<p>\u00bfSomos peores?. No creo. Pero si somos muy mal educados. O\u00edrle a Iturgaiz con sus agrias descalificaciones, Gorrotxategi con sus argumentaciones de bombero, a Lakuntza con su huelga permanente, a Casado con su pol\u00edtica de tierra quemada, a Abascal como heraldo del apocalipsis, a Rufi\u00e1n con su prepotencia, a Ayuso con su madrile\u00f1ismo de garrafa da bastante grima. Si, tambi\u00e9n los tenemos en el PNV, pero de momento me los callo habida cuenta de su piel tan exquisitamente sensible, aunque no tan sensible para el respeto hacia las formas m\u00ednimas.<\/p>\n\n\n\n<p>El desprecio a las formas es un atajo, sin duda, pero no hacia la consecuci\u00f3n de fines defendibles, sino hacia el incumplimiento de los deberes y hacia la depravaci\u00f3n en la convivencia. Como educaci\u00f3n limita los efectos de las bajas pasiones en la conducta del individuo, las formas democr\u00e1ticas y el respeto&nbsp; a las instituciones ponen coto a la ambici\u00f3n, a la crueldad, la arbitrariedad y el rencor, pasiones que siempre acosan al gobernante y al influyente. De la sabia represi\u00f3n de estas pasiones, del respeto a las formas de los gobernantes y oposici\u00f3n depende el respeto que las democracias&nbsp; deben tenerse a&nbsp; s\u00ed mismas para sobrevivir.<\/p>\n\n\n\n<p>Nada, que me quedo con el ramo de flores y la sonrisa triste de Merkel al lado de un Scholz que le desped\u00eda con elegancia.<\/p>\n<!-- AddThis Advanced Settings generic via filter on the_content --><!-- AddThis Share Buttons generic via filter on the_content -->","protected":false},"excerpt":{"rendered":"<p>Jueves 9 de diciembre de 2021 Sobre todo en pol\u00edtica. As\u00ed como comprobamos diariamente la nula ejemplaridad de quien fuera Jefe del estado espa\u00f1ol, Juan Carlos de Borb\u00f3n, poder observar el cambio de gobierno y poder en Alemania, sin olvidar su terrible pasado a cuestas, es algo que debe ser destacado. Una canciller de la &hellip; <a href=\"https:\/\/blogs.deia.eus\/anasagasti\/2021\/12\/09\/las-formas-son-el-fondo-aqui-no-tanto\/\" class=\"more-link\">Sigue leyendo <span class=\"screen-reader-text\">Las formas son el fondo. Aqu\u00ed, no tanto.<\/span><\/a><!-- AddThis Advanced Settings generic via filter on get_the_excerpt --><!-- AddThis Share Buttons generic via filter on get_the_excerpt --><\/p>\n","protected":false},"author":19,"featured_media":0,"comment_status":"open","ping_status":"open","sticky":false,"template":"","format":"standard","meta":{"footnotes":""},"categories":[1],"tags":[],"class_list":["post-15542","post","type-post","status-publish","format-standard","hentry","category-general"],"_links":{"self":[{"href":"https:\/\/blogs.deia.eus\/anasagasti\/wp-json\/wp\/v2\/posts\/15542","targetHints":{"allow":["GET"]}}],"collection":[{"href":"https:\/\/blogs.deia.eus\/anasagasti\/wp-json\/wp\/v2\/posts"}],"about":[{"href":"https:\/\/blogs.deia.eus\/anasagasti\/wp-json\/wp\/v2\/types\/post"}],"author":[{"embeddable":true,"href":"https:\/\/blogs.deia.eus\/anasagasti\/wp-json\/wp\/v2\/users\/19"}],"replies":[{"embeddable":true,"href":"https:\/\/blogs.deia.eus\/anasagasti\/wp-json\/wp\/v2\/comments?post=15542"}],"version-history":[{"count":1,"href":"https:\/\/blogs.deia.eus\/anasagasti\/wp-json\/wp\/v2\/posts\/15542\/revisions"}],"predecessor-version":[{"id":15544,"href":"https:\/\/blogs.deia.eus\/anasagasti\/wp-json\/wp\/v2\/posts\/15542\/revisions\/15544"}],"wp:attachment":[{"href":"https:\/\/blogs.deia.eus\/anasagasti\/wp-json\/wp\/v2\/media?parent=15542"}],"wp:term":[{"taxonomy":"category","embeddable":true,"href":"https:\/\/blogs.deia.eus\/anasagasti\/wp-json\/wp\/v2\/categories?post=15542"},{"taxonomy":"post_tag","embeddable":true,"href":"https:\/\/blogs.deia.eus\/anasagasti\/wp-json\/wp\/v2\/tags?post=15542"}],"curies":[{"name":"wp","href":"https:\/\/api.w.org\/{rel}","templated":true}]}}